{"id":772070,"date":"2025-11-18T15:42:40","date_gmt":"2025-11-18T14:42:40","guid":{"rendered":"https:\/\/www.hashtag.al\/?p=772070"},"modified":"2025-11-18T15:42:40","modified_gmt":"2025-11-18T14:42:40","slug":"berisha-balluku-ka-administruar-12-miliarde-euro-me-telefon-eshte-kapur-ne-flagrance","status":"publish","type":"post","link":"https:\/\/www.hashtag.al\/index.php\/2025\/11\/18\/berisha-balluku-ka-administruar-12-miliarde-euro-me-telefon-eshte-kapur-ne-flagrance\/","title":{"rendered":"Berisha: Balluku ka administruar 12 miliard\u00eb euro me telefon, \u00ebsht\u00eb kapur n\u00eb flagranc\u00eb","gt_translate_keys":[{"key":"rendered","format":"text"}]},"content":{"rendered":"<p><span style=\"color: #000000;\"><img loading=\"lazy\" decoding=\"async\" class=\"alignnone size-medium wp-image-772071\" src=\"https:\/\/www.hashtag.al\/wp-content\/uploads\/2025\/11\/Screenshot-2025-11-18-064038-300x161.png\" alt=\"\" width=\"300\" height=\"161\" srcset=\"https:\/\/www.hashtag.al\/wp-content\/uploads\/2025\/11\/Screenshot-2025-11-18-064038-300x161.png 300w, https:\/\/www.hashtag.al\/wp-content\/uploads\/2025\/11\/Screenshot-2025-11-18-064038.png 656w\" sizes=\"auto, (max-width: 300px) 100vw, 300px\" \/><\/span><\/p>\n<p><span style=\"color: #000000;\">Kreu i Partis\u00eb Demokratike, Sali Berisha, ka l\u00ebshuar akuza t\u00eb forta ndaj z\u00ebvend\u00ebskryeministres Belinda Balluku, duke deklaruar se ajo \u00ebsht\u00eb \u201ckapur n\u00eb flagranc\u00eb\u201d p\u00ebrmes komunikimeve t\u00eb zbuluara s\u00eb fundmi dhe se ka administruar nj\u00eb buxhet prej 12 miliard\u00eb eurosh n\u00eb m\u00ebnyr\u00eb informale.<\/span><\/p>\n<p><span style=\"color: #000000;\">N\u00eb nj\u00eb konferenc\u00eb p\u00ebr mediat nga selia blu, Berisha tha se Balluku duhet t\u00eb ishte n\u00eb burg dhe e akuzoi p\u00ebr keqp\u00ebrdorim t\u00eb fondeve publike p\u00ebrmes komunikimeve t\u00eb pakontrolluara.<\/span><\/p>\n<p><span style=\"color: #000000;\">Ai shtoi se shqiptar\u00ebt nuk do ta falin k\u00ebt\u00eb situat\u00eb, duke p\u00ebrfshir\u00eb edhe kryeministrin Edi Rama.<\/span><\/p>\n<p><span style=\"color: #000000;\"><em>\u201cN\u00ebse Veliaj \u00ebsht\u00eb n\u00eb burg, Rama dhe Lubi Balluku duhet t\u00eb jen\u00eb 10 her\u00eb para tij n\u00eb burg. Ajo \u00ebsht\u00eb kapur n\u00eb flagranc\u00eb me ato mesazhe. I administronte miliardat me telefon, ky palloshi, ai ashtu, etj. A do i falin shqiptar\u00ebt ata? Nuk i falin para k\u00ebtij realiteti shkat\u00ebrrimtar p\u00ebr vendin e tyre,\u201d<\/em> u shpreh Berisha.<\/span><\/p>\n<p>&nbsp;<\/p>\n","protected":false,"gt_translate_keys":[{"key":"rendered","format":"html"}]},"excerpt":{"rendered":"<p>Kreu i Partis\u00eb Demokratike, Sali Berisha, ka l\u00ebshuar akuza t\u00eb forta ndaj z\u00ebvend\u00ebskryeministres Belinda Balluku, duke deklaruar se ajo \u00ebsht\u00eb \u201ckapur n\u00eb flagranc\u00eb\u201d p\u00ebrmes komunikimeve t\u00eb zbuluara s\u00eb fundmi dhe se ka administruar nj\u00eb buxhet prej 12 miliard\u00eb eurosh n\u00eb m\u00ebnyr\u00eb informale. N\u00eb nj\u00eb konferenc\u00eb p\u00ebr mediat nga selia blu, Berisha tha se Balluku duhet [&hellip;]<\/p>\n","protected":false,"gt_translate_keys":[{"key":"rendered","format":"html"}]},"author":32,"featured_media":772071,"comment_status":"closed","ping_status":"open","sticky":false,"template":"","format":"standard","meta":{"footnotes":""},"categories":[65],"tags":[],"class_list":["post-772070","post","type-post","status-publish","format-standard","has-post-thumbnail","hentry","category-lajme"],"gt_translate_keys":[{"key":"link","format":"url"}],"_links":{"self":[{"href":"https:\/\/www.hashtag.al\/index.php\/wp-json\/wp\/v2\/posts\/772070","targetHints":{"allow":["GET"]}}],"collection":[{"href":"https:\/\/www.hashtag.al\/index.php\/wp-json\/wp\/v2\/posts"}],"about":[{"href":"https:\/\/www.hashtag.al\/index.php\/wp-json\/wp\/v2\/types\/post"}],"author":[{"embeddable":true,"href":"https:\/\/www.hashtag.al\/index.php\/wp-json\/wp\/v2\/users\/32"}],"replies":[{"embeddable":true,"href":"https:\/\/www.hashtag.al\/index.php\/wp-json\/wp\/v2\/comments?post=772070"}],"version-history":[{"count":99999,"href":"https:\/\/www.hashtag.al\/index.php\/wp-json\/wp\/v2\/posts\/772070\/revisions"}],"predecessor-version":[{"id":772072,"href":"https:\/\/www.hashtag.al\/index.php\/wp-json\/wp\/v2\/posts\/772070\/revisions\/772072"}],"wp:featuredmedia":[{"embeddable":true,"href":"https:\/\/www.hashtag.al\/index.php\/wp-json\/wp\/v2\/media\/772071"}],"wp:attachment":[{"href":"https:\/\/www.hashtag.al\/index.php\/wp-json\/wp\/v2\/media?parent=772070"}],"wp:term":[{"taxonomy":"category","embeddable":true,"href":"https:\/\/www.hashtag.al\/index.php\/wp-json\/wp\/v2\/categories?post=772070"},{"taxonomy":"post_tag","embeddable":true,"href":"https:\/\/www.hashtag.al\/index.php\/wp-json\/wp\/v2\/tags?post=772070"}],"curies":[{"name":"wp","href":"https:\/\/api.w.org\/{rel}","templated":true}]}}