{"id":771908,"date":"2025-11-17T21:22:32","date_gmt":"2025-11-17T20:22:32","guid":{"rendered":"https:\/\/www.hashtag.al\/?p=771908"},"modified":"2025-11-17T21:32:05","modified_gmt":"2025-11-17T20:32:05","slug":"llogarite-e-automatizuara-dhe-bilioneret-qendrojne-pas-protesva-kunder-qeverise-presidentja-e-meksikes","status":"publish","type":"post","link":"https:\/\/www.hashtag.al\/index.php\/2025\/11\/17\/llogarite-e-automatizuara-dhe-bilioneret-qendrojne-pas-protesva-kunder-qeverise-presidentja-e-meksikes\/","title":{"rendered":"Llogarit\u00eb e automatizuara dhe bilioner\u00ebt organizuan protestat kund\u00ebr qeveris\u00eb &#8211; Presidentja e Meksik\u00ebs","gt_translate_keys":[{"key":"rendered","format":"text"}]},"content":{"rendered":"<p><img loading=\"lazy\" decoding=\"async\" class=\"aligncenter size-full wp-image-771909\" src=\"https:\/\/www.hashtag.al\/wp-content\/uploads\/2025\/11\/sheibuam.jpg\" alt=\"\" width=\"1705\" height=\"1200\" srcset=\"https:\/\/www.hashtag.al\/wp-content\/uploads\/2025\/11\/sheibuam.jpg 1705w, https:\/\/www.hashtag.al\/wp-content\/uploads\/2025\/11\/sheibuam-300x211.jpg 300w, https:\/\/www.hashtag.al\/wp-content\/uploads\/2025\/11\/sheibuam-1024x721.jpg 1024w, https:\/\/www.hashtag.al\/wp-content\/uploads\/2025\/11\/sheibuam-768x541.jpg 768w, https:\/\/www.hashtag.al\/wp-content\/uploads\/2025\/11\/sheibuam-1536x1081.jpg 1536w, https:\/\/www.hashtag.al\/wp-content\/uploads\/2025\/11\/sheibuam-1280x900.jpg 1280w, https:\/\/www.hashtag.al\/wp-content\/uploads\/2025\/11\/sheibuam-570x400.jpg 570w, https:\/\/www.hashtag.al\/wp-content\/uploads\/2025\/11\/sheibuam-360x252.jpg 360w\" sizes=\"auto, (max-width: 1705px) 100vw, 1705px\" \/><\/p>\n<p><span style=\"color: #000000;\">Presidentja\u00a0meksikane\u00a0Claudia Sheinbaum kritikoi nj\u00eb marshim t\u00eb\u00a0Brezit Z t\u00eb planifikuar p\u00ebr t\u00eb shtun\u00ebn n\u00eb Meksiko Siti, duke e quajtur at\u00eb nj\u00eb l\u00ebvizje t\u00eb financuar nga politikan\u00eb dhe udh\u00ebheq\u00ebs biznesi t\u00eb krahut t\u00eb djatht\u00eb q\u00eb kund\u00ebrshtojn\u00eb qeverin\u00eb e saj.<\/span><\/p>\n<p><span style=\"color: #000000;\">Demonstrata po promovohet n\u00eb mediat sociale nga 8 milion\u00eb &#8216;bot&#8217;\u00a0(llogari t\u00eb automatizuara) q\u00eb operojn\u00eb nga jasht\u00eb vendit, tha ajo t\u00eb enjten gjat\u00eb nj\u00eb konference t\u00eb p\u00ebrditshme p\u00ebr shtyp nga pallati presidencial.<\/span><\/p>\n<p><span style=\"color: #000000;\"><em><i>&#8220;Ne jemi dakord me lirin\u00eb e shprehjes dhe lirin\u00eb e demonstrimit n\u00ebse ka t\u00eb rinj q\u00eb kan\u00eb k\u00ebrkesa, por \u00e7\u00ebshtja k\u00ebtu \u00ebsht\u00eb kush e promovon demonstrat\u00ebn,&#8221;<\/i><\/em>\u00a0tha Sheinbaum.<\/span><\/p>\n<p><span style=\"color: #000000;\"><em><i>&#8220;Njer\u00ebzit duhet t\u00eb din\u00eb se si u organizua kjo demonstrat\u00eb n\u00eb m\u00ebnyr\u00eb q\u00eb askush t\u00eb mos p\u00ebrdoret.&#8221;<\/i><\/em><\/span><\/p>\n<p><span style=\"color: #000000;\">Zyrtar\u00eb t\u00eb tjer\u00eb qeveritar\u00eb em\u00ebruan individ\u00eb specifik\u00eb: Miliarderin\u00a0Ricardo Salinas Pliego, ish-presidentin\u00a0Vicente Fox dhe biznesmenin\u00a0Claudio X. Gonzalez\u00a0nd\u00ebr sponsor\u00ebt kryesor\u00eb t\u00eb marshimit, sipas nj\u00eb analize t\u00eb prodhuar nga Infodemia, nj\u00eb agjenci zyrtare p\u00ebr kontrollin e fakteve e ngarkuar me luftimin e asaj q\u00eb ajo e quan &#8220;lajme t\u00eb rreme&#8221; q\u00eb synojn\u00eb qeverin\u00eb.<\/span><\/p>\n<p><span style=\"color: #000000;\">P\u00ebrfaq\u00ebsuesit e Salinas Pliego, Fox dhe Gonzalez nuk iu p\u00ebrgjigj\u00ebn menj\u00ebher\u00eb k\u00ebrkesave p\u00ebr koment.<\/span><\/p>\n<p><span style=\"color: #000000;\">Miguel Elorza, kreu i Infodemia, shtoi gjat\u00eb s\u00eb nj\u00ebjt\u00ebs konferenc\u00eb p\u00ebr shtyp se udh\u00ebheq\u00ebsit nga partit\u00eb opozitare PRI dhe PAN po mb\u00ebshtesin gjithashtu protest\u00ebn.<\/span><\/p>\n<p><span style=\"color: #000000;\">N\u00ebse ka sukses, marshimi i Brezit Z n\u00eb Meksik\u00eb mund t\u00eb b\u00ebhet nj\u00eb sfid\u00eb tjet\u00ebr p\u00ebr Sheinbaum, e cila tashm\u00eb po p\u00ebrballet me negociata t\u00eb tensionuara tregtare me SHBA-n\u00eb, p\u00ebrpjekjet p\u00ebr t\u00eb frenuar krimin e organizuar dhe p\u00ebrpjekjet p\u00ebr t\u00eb ringjallur nj\u00eb ekonomi t\u00eb ngecur.<\/span><\/p>\n<p><span style=\"color: #000000;\">Protestat e udh\u00ebhequra nga t\u00eb rinjt\u00eb kan\u00eb shp\u00ebrthyer n\u00eb mbar\u00eb bot\u00ebn, duke p\u00ebrmbysur qeveri dhe duke tronditur elitat e rr\u00ebnjosura mes zem\u00ebrimit n\u00eb rritje p\u00ebr pabarazin\u00eb, papun\u00ebsin\u00eb dhe korrupsionin, shkruan <span style=\"color: #0000ff;\"><a style=\"color: #0000ff;\" href=\"https:\/\/www.bloomberg.com\/news\/articles\/2025-11-13\/bots-billionaires-behind-gen-z-march-in-mexico-sheinbaum-says?srnd=homepage-europe\">Bloomberg<\/a>.<\/span><\/span><\/p>\n<p><span style=\"color: #000000;\">N\u00eb Meksik\u00eb, organizator\u00ebt thon\u00eb se t\u00eb rinjt\u00eb e Brezit Z planifikojn\u00eb t\u00eb protestojn\u00eb n\u00eb m\u00ebnyr\u00eb paq\u00ebsore kund\u00ebr krimit n\u00eb rritje. L\u00ebvizja mori vrull pasi Carlos Manzo, nj\u00eb kryebashkiak me ndikim i njohur p\u00ebr q\u00ebndrimin e tij t\u00eb ashp\u00ebr kund\u00ebr krimit t\u00eb organizuar, u q\u00ebllua p\u00ebr vdekje n\u00eb fillim t\u00eb k\u00ebtij muaji n\u00eb Uruapan, n\u00eb shtetin per\u00ebndimor t\u00eb Michoacan.<\/span><\/p>\n<p><span style=\"color: #000000;\">Autoritetet kan\u00eb bllokuar hyrjen n\u00eb Pallatin\u00a0Presidencial n\u00eb qend\u00ebr t\u00eb Meksiko Sitit me pengesa metalike p\u00ebr t\u00eb penguar protestuesit t\u00eb afrohen t\u00eb shtun\u00ebn.<\/span><\/p>\n<p><span style=\"color: #000000;\">Aktivist\u00ebt e Brezit Z jan\u00eb mobilizuar gjithashtu n\u00eb Peru, ku grupet e\u00a0t\u00eb rinjve kan\u00eb mbajtur demonstrata prej jav\u00ebsh. Nj\u00eb protest\u00eb tjet\u00ebr \u00ebsht\u00eb planifikuar atje p\u00ebr t\u00eb premten.<\/span><\/p>\n","protected":false,"gt_translate_keys":[{"key":"rendered","format":"html"}]},"excerpt":{"rendered":"<p>Presidentja\u00a0meksikane\u00a0Claudia Sheinbaum kritikoi nj\u00eb marshim t\u00eb\u00a0Brezit Z t\u00eb planifikuar p\u00ebr t\u00eb shtun\u00ebn n\u00eb Meksiko Siti, duke e quajtur at\u00eb nj\u00eb l\u00ebvizje t\u00eb financuar nga politikan\u00eb dhe udh\u00ebheq\u00ebs biznesi t\u00eb krahut t\u00eb djatht\u00eb q\u00eb kund\u00ebrshtojn\u00eb qeverin\u00eb e saj. Demonstrata po promovohet n\u00eb mediat sociale nga 8 milion\u00eb &#8216;bot&#8217;\u00a0(llogari t\u00eb automatizuara) q\u00eb operojn\u00eb nga jasht\u00eb vendit, tha [&hellip;]<\/p>\n","protected":false,"gt_translate_keys":[{"key":"rendered","format":"html"}]},"author":51,"featured_media":771909,"comment_status":"closed","ping_status":"open","sticky":false,"template":"","format":"standard","meta":{"footnotes":""},"categories":[53],"tags":[],"class_list":["post-771908","post","type-post","status-publish","format-standard","has-post-thumbnail","hentry","category-fast-foodi"],"gt_translate_keys":[{"key":"link","format":"url"}],"_links":{"self":[{"href":"https:\/\/www.hashtag.al\/index.php\/wp-json\/wp\/v2\/posts\/771908","targetHints":{"allow":["GET"]}}],"collection":[{"href":"https:\/\/www.hashtag.al\/index.php\/wp-json\/wp\/v2\/posts"}],"about":[{"href":"https:\/\/www.hashtag.al\/index.php\/wp-json\/wp\/v2\/types\/post"}],"author":[{"embeddable":true,"href":"https:\/\/www.hashtag.al\/index.php\/wp-json\/wp\/v2\/users\/51"}],"replies":[{"embeddable":true,"href":"https:\/\/www.hashtag.al\/index.php\/wp-json\/wp\/v2\/comments?post=771908"}],"version-history":[{"count":99999,"href":"https:\/\/www.hashtag.al\/index.php\/wp-json\/wp\/v2\/posts\/771908\/revisions"}],"predecessor-version":[{"id":771912,"href":"https:\/\/www.hashtag.al\/index.php\/wp-json\/wp\/v2\/posts\/771908\/revisions\/771912"}],"wp:featuredmedia":[{"embeddable":true,"href":"https:\/\/www.hashtag.al\/index.php\/wp-json\/wp\/v2\/media\/771909"}],"wp:attachment":[{"href":"https:\/\/www.hashtag.al\/index.php\/wp-json\/wp\/v2\/media?parent=771908"}],"wp:term":[{"taxonomy":"category","embeddable":true,"href":"https:\/\/www.hashtag.al\/index.php\/wp-json\/wp\/v2\/categories?post=771908"},{"taxonomy":"post_tag","embeddable":true,"href":"https:\/\/www.hashtag.al\/index.php\/wp-json\/wp\/v2\/tags?post=771908"}],"curies":[{"name":"wp","href":"https:\/\/api.w.org\/{rel}","templated":true}]}}