{"id":771884,"date":"2025-11-17T19:50:09","date_gmt":"2025-11-17T18:50:09","guid":{"rendered":"https:\/\/www.hashtag.al\/?p=771884"},"modified":"2025-11-17T19:50:09","modified_gmt":"2025-11-17T18:50:09","slug":"berisha-paralajmeron-ramen-fundi-do-te-vije-nga-ky-shesh-foltorja-2-do-te-te-rrezoje","status":"publish","type":"post","link":"https:\/\/www.hashtag.al\/index.php\/2025\/11\/17\/berisha-paralajmeron-ramen-fundi-do-te-vije-nga-ky-shesh-foltorja-2-do-te-te-rrezoje\/","title":{"rendered":"Berisha paralajm\u00ebron Ram\u00ebn: Fundi do t\u00eb vij\u00eb nga ky shesh, Foltorja 2 do t\u00eb t\u00eb rr\u00ebzoj\u00eb","gt_translate_keys":[{"key":"rendered","format":"text"}]},"content":{"rendered":"<p><img loading=\"lazy\" decoding=\"async\" class=\"aligncenter size-full wp-image-771885\" src=\"https:\/\/www.hashtag.al\/wp-content\/uploads\/2025\/11\/berisha-4.jpg\" alt=\"\" width=\"1077\" height=\"472\" srcset=\"https:\/\/www.hashtag.al\/wp-content\/uploads\/2025\/11\/berisha-4.jpg 1077w, https:\/\/www.hashtag.al\/wp-content\/uploads\/2025\/11\/berisha-4-300x131.jpg 300w, https:\/\/www.hashtag.al\/wp-content\/uploads\/2025\/11\/berisha-4-1024x449.jpg 1024w, https:\/\/www.hashtag.al\/wp-content\/uploads\/2025\/11\/berisha-4-768x337.jpg 768w\" sizes=\"auto, (max-width: 1077px) 100vw, 1077px\" \/><\/p>\n<p><span style=\"color: #000000;\">Kreu i PD-s\u00eb Berisha paralajm\u00ebroi kryeministrin Rama se foltorja num\u00ebr 2 do e rr\u00ebzoj\u00eb at\u00eb nga pushteti. <\/span><\/p>\n<p><span style=\"color: #000000;\">Nd\u00ebrsa mbajti fjal\u00ebn para qytetar\u00ebve t\u00eb mbledhur n\u00eb protest\u00ebn para kryeministris\u00eb ai tha se Rama \u00ebsht\u00eb i pashpres\u00eb dhe se foltorja do shp\u00ebtoj\u00eb vendin nga narkoregjimi q\u00eb e qeveris.<\/span><\/p>\n<p><span style=\"color: #000000;\"><em><i>\u201cFoltorja me qytetar\u00ebt e \u00e7liroi opozit\u00ebn. Foltorja me qytetar\u00ebt e shp\u00ebtoi opozit\u00ebn. E ktheu at\u00eb n\u00eb forc\u00eb sovrane t\u00eb shqiptar\u00ebve. E ktheu at\u00eb n\u00eb nj\u00eb parti, e cila u p\u00ebrball n\u00eb rrug\u00ebn e saj me pengesa m\u00eb t\u00eb papara, me represionin, me agresionin ndaj saj. Por p\u00ebrs\u00ebri, sot ajo mblidhet n\u00eb foltoren e dyt\u00eb, foltorja q\u00eb nuk ka m\u00eb synim t\u00eb shp\u00ebtoj\u00eb opozit\u00ebn, por ka mision t\u00eb shp\u00ebtoj\u00eb Shqip\u00ebrin\u00eb nga regjimi i krimit. Ndaj dhe p\u00ebr t\u00eb kuptuar pak misionin, hapni syt\u00eb dhe shihni si e ka rrethuar p\u00ebll\u00ebmb\u00eb e polic\u00eb, p\u00ebll\u00ebmb\u00eb e gardist\u00eb, p\u00ebll\u00ebmb\u00eb e ushtar\u00eb. Edvin, absolutisht je i pashpres\u00eb. Fundi yt nga ky shesh do t\u00eb vij\u00eb.\u201d<\/i><\/em>\u00a0&#8211; tha Berisha.<\/span><\/p>\n","protected":false,"gt_translate_keys":[{"key":"rendered","format":"html"}]},"excerpt":{"rendered":"<p>Kreu i PD-s\u00eb Berisha paralajm\u00ebroi kryeministrin Rama se foltorja num\u00ebr 2 do e rr\u00ebzoj\u00eb at\u00eb nga pushteti. Nd\u00ebrsa mbajti fjal\u00ebn para qytetar\u00ebve t\u00eb mbledhur n\u00eb protest\u00ebn para kryeministris\u00eb ai tha se Rama \u00ebsht\u00eb i pashpres\u00eb dhe se foltorja do shp\u00ebtoj\u00eb vendin nga narkoregjimi q\u00eb e qeveris. \u201cFoltorja me qytetar\u00ebt e \u00e7liroi opozit\u00ebn. Foltorja me qytetar\u00ebt [&hellip;]<\/p>\n","protected":false,"gt_translate_keys":[{"key":"rendered","format":"html"}]},"author":51,"featured_media":771885,"comment_status":"closed","ping_status":"open","sticky":false,"template":"","format":"standard","meta":{"footnotes":""},"categories":[65],"tags":[],"class_list":["post-771884","post","type-post","status-publish","format-standard","has-post-thumbnail","hentry","category-lajme"],"gt_translate_keys":[{"key":"link","format":"url"}],"_links":{"self":[{"href":"https:\/\/www.hashtag.al\/index.php\/wp-json\/wp\/v2\/posts\/771884","targetHints":{"allow":["GET"]}}],"collection":[{"href":"https:\/\/www.hashtag.al\/index.php\/wp-json\/wp\/v2\/posts"}],"about":[{"href":"https:\/\/www.hashtag.al\/index.php\/wp-json\/wp\/v2\/types\/post"}],"author":[{"embeddable":true,"href":"https:\/\/www.hashtag.al\/index.php\/wp-json\/wp\/v2\/users\/51"}],"replies":[{"embeddable":true,"href":"https:\/\/www.hashtag.al\/index.php\/wp-json\/wp\/v2\/comments?post=771884"}],"version-history":[{"count":99999,"href":"https:\/\/www.hashtag.al\/index.php\/wp-json\/wp\/v2\/posts\/771884\/revisions"}],"predecessor-version":[{"id":771886,"href":"https:\/\/www.hashtag.al\/index.php\/wp-json\/wp\/v2\/posts\/771884\/revisions\/771886"}],"wp:featuredmedia":[{"embeddable":true,"href":"https:\/\/www.hashtag.al\/index.php\/wp-json\/wp\/v2\/media\/771885"}],"wp:attachment":[{"href":"https:\/\/www.hashtag.al\/index.php\/wp-json\/wp\/v2\/media?parent=771884"}],"wp:term":[{"taxonomy":"category","embeddable":true,"href":"https:\/\/www.hashtag.al\/index.php\/wp-json\/wp\/v2\/categories?post=771884"},{"taxonomy":"post_tag","embeddable":true,"href":"https:\/\/www.hashtag.al\/index.php\/wp-json\/wp\/v2\/tags?post=771884"}],"curies":[{"name":"wp","href":"https:\/\/api.w.org\/{rel}","templated":true}]}}