{"id":771876,"date":"2025-11-17T19:22:50","date_gmt":"2025-11-17T18:22:50","guid":{"rendered":"https:\/\/www.hashtag.al\/?p=771876"},"modified":"2025-11-17T19:22:50","modified_gmt":"2025-11-17T18:22:50","slug":"kellici-foltorja-do-ja-dale-ka-dy-precedente-qe-e-provojne","status":"publish","type":"post","link":"https:\/\/www.hashtag.al\/index.php\/2025\/11\/17\/kellici-foltorja-do-ja-dale-ka-dy-precedente-qe-e-provojne\/","title":{"rendered":"K\u00eblli\u00e7i: Foltorja do ja dal\u00eb, ka dy precedent\u00eb q\u00eb e provojn\u00eb","gt_translate_keys":[{"key":"rendered","format":"text"}]},"content":{"rendered":"<p><span style=\"color: #000000;\"><img loading=\"lazy\" decoding=\"async\" class=\"alignnone size-medium wp-image-771878\" src=\"https:\/\/www.hashtag.al\/wp-content\/uploads\/2025\/11\/Screenshot-2025-11-17-101613-300x131.png\" alt=\"\" width=\"300\" height=\"131\" srcset=\"https:\/\/www.hashtag.al\/wp-content\/uploads\/2025\/11\/Screenshot-2025-11-17-101613-300x131.png 300w, https:\/\/www.hashtag.al\/wp-content\/uploads\/2025\/11\/Screenshot-2025-11-17-101613-768x335.png 768w, https:\/\/www.hashtag.al\/wp-content\/uploads\/2025\/11\/Screenshot-2025-11-17-101613.png 861w\" sizes=\"auto, (max-width: 300px) 100vw, 300px\" \/><\/span><\/p>\n<p><span style=\"color: #000000;\">Deputeti i Partis\u00eb Demokratike, Belind K\u00eblli\u00e7i, gjat\u00eb fjal\u00ebs n\u00eb protest\u00ebn e sotme para Kryeministris\u00eb, deklaroi se foltorja e opozit\u00ebs \u201cdo t\u2019ia dal\u00eb\u201d, duke u mb\u00ebshtetur tek dy momente ky\u00e7e q\u00eb sipas tij kan\u00eb provuar forc\u00ebn mobilizuese t\u00eb k\u00ebsaj l\u00ebvizjeje.<\/span><\/p>\n<p><span style=\"color: #000000;\">K\u00eblli\u00e7i riktheu n\u00eb v\u00ebmendje shtatorin e vitit 2021, kur, si\u00e7 u shpreh ai, \u201cShqip\u00ebria rrezikohej t\u00eb mbetej pa opozit\u00eb\u201d, nd\u00ebrsa falenderoi ish-kryeministrin Sali Berisha p\u00ebr ringritjen e strukturave demokrate.<\/span><\/p>\n<p><span style=\"color: #000000;\">Ai gjithashtu p\u00ebrmendi zgjedhjet e 14 majit 2023 dhe protestat e m\u00ebvonshme kund\u00ebr Bashkis\u00eb s\u00eb Tiran\u00ebs, duke n\u00ebnvizuar se sipas tij, denoncimet e vazhdueshme \u00e7uan n\u00eb arrestimin e Erion Veliajt.<\/span><\/p>\n<p><span style=\"color: #000000;\"><em>\u201cArsyeja pse kjo foltore do ja dali \u00ebsht\u00eb se kemi dy precedent\u00eb. Foltorja e par\u00eb e shtatorit 2021 kur Shqip\u00ebria rrezikohej t\u00eb mbetej pa opozit\u00eb. Ishte foltore e drejtuar nga dr. Berisha q\u00eb riktheu shpres\u00ebn n\u00eb PD dhe ja doli t\u00eb shp\u00ebtonte opozit\u00ebn vet\u00ebm brenda tre muajve. Ishte foltore q\u00eb nisi me 1\/100 e njer\u00ebzve q\u00eb jan\u00eb sot prezent k\u00ebtu dhe p\u00ebrfundoi n\u00eb Kuvendin Komb\u00ebtar t\u00eb PD n\u00eb Air Albania. Ja doli t\u2019i rikthente shpres\u00ebn qytetar\u00ebve dhe t\u00eb mbaj\u00eb n\u00eb k\u00ebmb\u00eb PD.\u201d- <\/em>u shpreh ai.<\/span><\/p>\n<p><span style=\"color: #000000;\">Ai vijoi duke kujtuar vitin 2023 duke th\u00ebn\u00eb se: <em>\u201cKa nj\u00eb precedent t\u00eb dyt\u00eb. N\u00eb 14 maj 2023 u organizuan zgjedhjet m\u00eb t\u00eb barabarta. Kandidat\u00ebt e PD garuan pa fonde, pa komisioner\u00eb, pa emrin e kryetarit dhe mori 500 mij\u00eb vota. Dhe n\u00eb pak muaj m\u00eb pas nisi seria e denoncimeve ndaj asaj q\u00eb ishte kthyer n\u00eb Bashkin\u00eb e Tiran\u00ebs 5D. P\u00ebr 44 jav\u00eb, n\u00eb shi e n\u00eb diell, m\u00eb pak se 1\/10, jemi p\u00ebrbaltur, na kan\u00eb quajtur t\u00eb shitur\u2026 dhe jan\u00eb t\u00eb nj\u00ebjtat media q\u00eb sulmuan PD-n\u00eb n\u00eb 2021 dhe e sulmuan s\u00ebrish n\u00eb 2023. Por protesta jon\u00eb ja doli q\u00eb Erion Veliaj, kreu i 5D, t\u00eb p\u00ebrcillej drejt burgut.\u201d<\/em><\/span><\/p>\n","protected":false,"gt_translate_keys":[{"key":"rendered","format":"html"}]},"excerpt":{"rendered":"<p>Deputeti i Partis\u00eb Demokratike, Belind K\u00eblli\u00e7i, gjat\u00eb fjal\u00ebs n\u00eb protest\u00ebn e sotme para Kryeministris\u00eb, deklaroi se foltorja e opozit\u00ebs \u201cdo t\u2019ia dal\u00eb\u201d, duke u mb\u00ebshtetur tek dy momente ky\u00e7e q\u00eb sipas tij kan\u00eb provuar forc\u00ebn mobilizuese t\u00eb k\u00ebsaj l\u00ebvizjeje. K\u00eblli\u00e7i riktheu n\u00eb v\u00ebmendje shtatorin e vitit 2021, kur, si\u00e7 u shpreh ai, \u201cShqip\u00ebria rrezikohej t\u00eb [&hellip;]<\/p>\n","protected":false,"gt_translate_keys":[{"key":"rendered","format":"html"}]},"author":32,"featured_media":771878,"comment_status":"closed","ping_status":"open","sticky":false,"template":"","format":"standard","meta":{"footnotes":""},"categories":[65],"tags":[],"class_list":["post-771876","post","type-post","status-publish","format-standard","has-post-thumbnail","hentry","category-lajme"],"gt_translate_keys":[{"key":"link","format":"url"}],"_links":{"self":[{"href":"https:\/\/www.hashtag.al\/index.php\/wp-json\/wp\/v2\/posts\/771876","targetHints":{"allow":["GET"]}}],"collection":[{"href":"https:\/\/www.hashtag.al\/index.php\/wp-json\/wp\/v2\/posts"}],"about":[{"href":"https:\/\/www.hashtag.al\/index.php\/wp-json\/wp\/v2\/types\/post"}],"author":[{"embeddable":true,"href":"https:\/\/www.hashtag.al\/index.php\/wp-json\/wp\/v2\/users\/32"}],"replies":[{"embeddable":true,"href":"https:\/\/www.hashtag.al\/index.php\/wp-json\/wp\/v2\/comments?post=771876"}],"version-history":[{"count":99999,"href":"https:\/\/www.hashtag.al\/index.php\/wp-json\/wp\/v2\/posts\/771876\/revisions"}],"predecessor-version":[{"id":771879,"href":"https:\/\/www.hashtag.al\/index.php\/wp-json\/wp\/v2\/posts\/771876\/revisions\/771879"}],"wp:featuredmedia":[{"embeddable":true,"href":"https:\/\/www.hashtag.al\/index.php\/wp-json\/wp\/v2\/media\/771878"}],"wp:attachment":[{"href":"https:\/\/www.hashtag.al\/index.php\/wp-json\/wp\/v2\/media?parent=771876"}],"wp:term":[{"taxonomy":"category","embeddable":true,"href":"https:\/\/www.hashtag.al\/index.php\/wp-json\/wp\/v2\/categories?post=771876"},{"taxonomy":"post_tag","embeddable":true,"href":"https:\/\/www.hashtag.al\/index.php\/wp-json\/wp\/v2\/tags?post=771876"}],"curies":[{"name":"wp","href":"https:\/\/api.w.org\/{rel}","templated":true}]}}