{"id":771870,"date":"2025-11-17T18:48:01","date_gmt":"2025-11-17T17:48:01","guid":{"rendered":"https:\/\/www.hashtag.al\/?p=771870"},"modified":"2025-11-17T18:48:01","modified_gmt":"2025-11-17T17:48:01","slug":"protesta-e-opozites-para-kryeministrise-berisha-sulmon-ramen-dhe-ballukun","status":"publish","type":"post","link":"https:\/\/www.hashtag.al\/index.php\/2025\/11\/17\/protesta-e-opozites-para-kryeministrise-berisha-sulmon-ramen-dhe-ballukun\/","title":{"rendered":"Protesta e opozit\u00ebs para Kryeministris\u00eb, Berisha sulmon Ram\u00ebn dhe Ballukun","gt_translate_keys":[{"key":"rendered","format":"text"}]},"content":{"rendered":"<p><span style=\"color: #000000;\"><img loading=\"lazy\" decoding=\"async\" class=\"alignnone size-medium wp-image-771871\" src=\"https:\/\/www.hashtag.al\/wp-content\/uploads\/2025\/11\/Screenshot-2025-11-17-094532-300x133.png\" alt=\"\" width=\"300\" height=\"133\" srcset=\"https:\/\/www.hashtag.al\/wp-content\/uploads\/2025\/11\/Screenshot-2025-11-17-094532-300x133.png 300w, https:\/\/www.hashtag.al\/wp-content\/uploads\/2025\/11\/Screenshot-2025-11-17-094532-768x340.png 768w, https:\/\/www.hashtag.al\/wp-content\/uploads\/2025\/11\/Screenshot-2025-11-17-094532.png 847w\" sizes=\"auto, (max-width: 300px) 100vw, 300px\" \/><\/span><\/p>\n<p><span style=\"color: #000000;\">Protesta e organizuar nga Partia Demokratike p\u00ebrball\u00eb Kryeministris\u00eb k\u00ebt\u00eb t\u00eb diel\u00eb u sh\u00ebnua nga nj\u00eb fjalim i ashp\u00ebr i kryetarit t\u00eb opozit\u00ebs, Sali Berisha, i cili akuzoi qeverin\u00eb p\u00ebr korrupsion dhe keqmenaxhim t\u00eb fondeve publike.<\/span><\/p>\n<p><span style=\"color: #000000;\">Berisha e quajti kryeministrin Edi Rama \u201csulltan\u201d dhe zv.kryeministren Belinda Balluku \u201cLubi\u201d, duke akuzuar t\u00eb dy zyrtar\u00ebt se me vjedhjet dhe pla\u00e7kitjet e tyre kan\u00eb mbjell\u00eb skamje n\u00eb vend.<\/span><\/p>\n<p><span style=\"color: #000000;\">Ai p\u00ebrmendi skandalet e fundit, si vjedhjen e 190 milion\u00eb eurove n\u00eb tunelin e Llogaras\u00eb dhe afer\u00ebn n\u00eb aeroportin e Vlor\u00ebs.<\/span><\/p>\n<p><span style=\"color: #000000;\">Gjat\u00eb fjalimit t\u00eb tij, Berisha deklaroi:<\/span><br \/>\n<span style=\"color: #000000;\"><em>\u201cLiria \u00ebsht\u00eb si nj\u00eb lum\u00eb, t\u00eb cilin me asnj\u00eb lloj p\u00ebrpjekje nuk mund ta ndal\u00ebsh, nuk mund ta p\u00ebrthash. Po guxove ta bllokosh, ajo do t\u00eb \u00e7aj\u00eb nj\u00eb kanal. Pik\u00ebrisht kjo \u00ebsht\u00eb platforma parlamentaro-qytetare q\u00eb ne inaugurojm\u00eb sot para pallatit t\u00eb krimit. Para pallatit t\u00eb krimit shtet\u00ebror, ndaj shtetit shqiptar, z\u00ebvend\u00ebsimit t\u00eb tij me narkoshtetin. Para pallatit t\u00eb krimit njer\u00ebzor ndaj shqiptar\u00ebve, q\u00eb me q\u00ebndrimet e tij p\u00ebrzuri nga Shqip\u00ebria n\u00eb vitet e qeverisjes s\u00eb tij m\u00eb shum\u00eb se \u00e7do pushtues i eg\u00ebr n\u00eb t\u00ebr\u00eb historin\u00eb komb\u00ebtare. Para pallatit q\u00eb n\u00eb nj\u00eb krim monstruoz ndaj shqiptar\u00ebve i zvog\u00ebloi ata dhe i ktheu 100 vite mbrapa. Para pallatit q\u00eb ka brenda diktatorin, sulltanin dhe sulltanesh\u00ebn, Edvinin dhe Lubin\u00eb, t\u00eb cil\u00ebt me vjedhjet, pla\u00e7kitjet e tyre kan\u00eb mbjell\u00eb skamje n\u00eb k\u00ebt\u00eb vend si n\u00eb asnj\u00eb vend tjet\u00ebr t\u00eb kontinentit. P\u00ebrpjekjet e opozit\u00ebs p\u00ebr zgjedhje dhe rotacion t\u00eb pushtetit u p\u00ebrball\u00ebn me tonelatat e eurove t\u00eb drog\u00ebs. U p\u00ebrball\u00ebn me ushtrin\u00eb terroriste t\u00eb patronazhist\u00ebve. Terrorist\u00eb t\u00eb vot\u00ebs. U p\u00ebrball\u00ebn me t\u00eb gjith\u00eb burimet financiare, njer\u00ebzore, logjistike, t\u00eb gjithanshme t\u00eb shtetit mafioz, t\u00eb narkoshtetit vet\u00ebm e vet\u00ebm se rotacioni, largimi nga pushteti i tyre \u00ebsht\u00eb frik\u00eb, tmerr nga krimet q\u00eb kan\u00eb kryer.\u201d<\/em><\/span><\/p>\n","protected":false,"gt_translate_keys":[{"key":"rendered","format":"html"}]},"excerpt":{"rendered":"<p>Protesta e organizuar nga Partia Demokratike p\u00ebrball\u00eb Kryeministris\u00eb k\u00ebt\u00eb t\u00eb diel\u00eb u sh\u00ebnua nga nj\u00eb fjalim i ashp\u00ebr i kryetarit t\u00eb opozit\u00ebs, Sali Berisha, i cili akuzoi qeverin\u00eb p\u00ebr korrupsion dhe keqmenaxhim t\u00eb fondeve publike. Berisha e quajti kryeministrin Edi Rama \u201csulltan\u201d dhe zv.kryeministren Belinda Balluku \u201cLubi\u201d, duke akuzuar t\u00eb dy zyrtar\u00ebt se me vjedhjet [&hellip;]<\/p>\n","protected":false,"gt_translate_keys":[{"key":"rendered","format":"html"}]},"author":32,"featured_media":771871,"comment_status":"closed","ping_status":"open","sticky":false,"template":"","format":"standard","meta":{"footnotes":""},"categories":[65],"tags":[],"class_list":["post-771870","post","type-post","status-publish","format-standard","has-post-thumbnail","hentry","category-lajme"],"gt_translate_keys":[{"key":"link","format":"url"}],"_links":{"self":[{"href":"https:\/\/www.hashtag.al\/index.php\/wp-json\/wp\/v2\/posts\/771870","targetHints":{"allow":["GET"]}}],"collection":[{"href":"https:\/\/www.hashtag.al\/index.php\/wp-json\/wp\/v2\/posts"}],"about":[{"href":"https:\/\/www.hashtag.al\/index.php\/wp-json\/wp\/v2\/types\/post"}],"author":[{"embeddable":true,"href":"https:\/\/www.hashtag.al\/index.php\/wp-json\/wp\/v2\/users\/32"}],"replies":[{"embeddable":true,"href":"https:\/\/www.hashtag.al\/index.php\/wp-json\/wp\/v2\/comments?post=771870"}],"version-history":[{"count":99999,"href":"https:\/\/www.hashtag.al\/index.php\/wp-json\/wp\/v2\/posts\/771870\/revisions"}],"predecessor-version":[{"id":771872,"href":"https:\/\/www.hashtag.al\/index.php\/wp-json\/wp\/v2\/posts\/771870\/revisions\/771872"}],"wp:featuredmedia":[{"embeddable":true,"href":"https:\/\/www.hashtag.al\/index.php\/wp-json\/wp\/v2\/media\/771871"}],"wp:attachment":[{"href":"https:\/\/www.hashtag.al\/index.php\/wp-json\/wp\/v2\/media?parent=771870"}],"wp:term":[{"taxonomy":"category","embeddable":true,"href":"https:\/\/www.hashtag.al\/index.php\/wp-json\/wp\/v2\/categories?post=771870"},{"taxonomy":"post_tag","embeddable":true,"href":"https:\/\/www.hashtag.al\/index.php\/wp-json\/wp\/v2\/tags?post=771870"}],"curies":[{"name":"wp","href":"https:\/\/api.w.org\/{rel}","templated":true}]}}