{"id":771695,"date":"2025-11-16T15:18:25","date_gmt":"2025-11-16T14:18:25","guid":{"rendered":"https:\/\/www.hashtag.al\/?p=771695"},"modified":"2025-11-16T15:18:25","modified_gmt":"2025-11-16T14:18:25","slug":"qeveria-izraelite-diskuton-ngritjen-e-komisionit-hetimor-per-7-tetorin","status":"publish","type":"post","link":"https:\/\/www.hashtag.al\/index.php\/2025\/11\/16\/qeveria-izraelite-diskuton-ngritjen-e-komisionit-hetimor-per-7-tetorin\/","title":{"rendered":"Qeveria izraelite diskuton ngritjen e komisionit hetimor p\u00ebr 7 tetorin","gt_translate_keys":[{"key":"rendered","format":"text"}]},"content":{"rendered":"<p data-start=\"196\" data-end=\"509\"><span style=\"color: #000000;\"><img loading=\"lazy\" decoding=\"async\" class=\"aligncenter wp-image-682581 size-full\" src=\"https:\/\/www.hashtag.al\/wp-content\/uploads\/2024\/06\/133293412_netanyahu.jpg\" alt=\"\" width=\"976\" height=\"549\" srcset=\"https:\/\/www.hashtag.al\/wp-content\/uploads\/2024\/06\/133293412_netanyahu.jpg 976w, https:\/\/www.hashtag.al\/wp-content\/uploads\/2024\/06\/133293412_netanyahu-300x169.jpg 300w, https:\/\/www.hashtag.al\/wp-content\/uploads\/2024\/06\/133293412_netanyahu-768x432.jpg 768w\" sizes=\"auto, (max-width: 976px) 100vw, 976px\" \/><br \/>\nMbledhja e qeveris\u00eb, ku u diskutua ngritja e nj\u00eb komisioni hetimor p\u00ebr d\u00ebshtimet e 7 tetorit, ka p\u00ebrfunduar. Qeveria vendosi t\u00eb formoj\u00eb nj\u00eb komitet ministror, i cili do t\u00eb rekomandoj\u00eb mandatin e komisionit t\u00eb pavarur q\u00eb pritet t\u00eb ngrihet, si edhe \u00e7\u00ebshtjet q\u00eb ai do t\u00eb hetoj\u00eb dhe periudh\u00ebn kohore q\u00eb do t\u00eb mbuloj\u00eb, p\u00ebrcjell <span style=\"color: #0000ff;\"><a style=\"color: #0000ff;\" href=\"https:\/\/www.ynetnews.com\/article\/bjs7arisj\">YNetNews<\/a><\/span>.<\/span><\/p>\n<p data-start=\"511\" data-end=\"632\"><span style=\"color: #000000;\">Sa i takon p\u00ebrb\u00ebrjes s\u00eb komisionit, ministrat nuk arrit\u00ebn nj\u00eb marr\u00ebveshje, nd\u00ebrsa u paraqit\u00ebn disa propozime t\u00eb ndryshme.<\/span><\/p>\n<p data-start=\"634\" data-end=\"811\"><span style=\"color: #000000;\">Gjithashtu u vendos q\u00eb qeveria t\u2019i raportoj\u00eb Gjykat\u00ebs s\u00eb Lart\u00eb brenda 60 dit\u00ebve p\u00ebr zhvillimet e procesit, megjithat\u00eb ky detaj nuk u p\u00ebrfshi n\u00eb tekstin p\u00ebrfundimtar t\u00eb vendimit.<\/span><\/p>\n","protected":false,"gt_translate_keys":[{"key":"rendered","format":"html"}]},"excerpt":{"rendered":"<p>Mbledhja e qeveris\u00eb, ku u diskutua ngritja e nj\u00eb komisioni hetimor p\u00ebr d\u00ebshtimet e 7 tetorit, ka p\u00ebrfunduar. Qeveria vendosi t\u00eb formoj\u00eb nj\u00eb komitet ministror, i cili do t\u00eb rekomandoj\u00eb mandatin e komisionit t\u00eb pavarur q\u00eb pritet t\u00eb ngrihet, si edhe \u00e7\u00ebshtjet q\u00eb ai do t\u00eb hetoj\u00eb dhe periudh\u00ebn kohore q\u00eb do t\u00eb mbuloj\u00eb, p\u00ebrcjell [&hellip;]<\/p>\n","protected":false,"gt_translate_keys":[{"key":"rendered","format":"html"}]},"author":32,"featured_media":682581,"comment_status":"closed","ping_status":"open","sticky":false,"template":"","format":"standard","meta":{"footnotes":""},"categories":[6],"tags":[],"class_list":["post-771695","post","type-post","status-publish","format-standard","has-post-thumbnail","hentry","category-nderkombetare"],"gt_translate_keys":[{"key":"link","format":"url"}],"_links":{"self":[{"href":"https:\/\/www.hashtag.al\/index.php\/wp-json\/wp\/v2\/posts\/771695","targetHints":{"allow":["GET"]}}],"collection":[{"href":"https:\/\/www.hashtag.al\/index.php\/wp-json\/wp\/v2\/posts"}],"about":[{"href":"https:\/\/www.hashtag.al\/index.php\/wp-json\/wp\/v2\/types\/post"}],"author":[{"embeddable":true,"href":"https:\/\/www.hashtag.al\/index.php\/wp-json\/wp\/v2\/users\/32"}],"replies":[{"embeddable":true,"href":"https:\/\/www.hashtag.al\/index.php\/wp-json\/wp\/v2\/comments?post=771695"}],"version-history":[{"count":99999,"href":"https:\/\/www.hashtag.al\/index.php\/wp-json\/wp\/v2\/posts\/771695\/revisions"}],"predecessor-version":[{"id":771696,"href":"https:\/\/www.hashtag.al\/index.php\/wp-json\/wp\/v2\/posts\/771695\/revisions\/771696"}],"wp:featuredmedia":[{"embeddable":true,"href":"https:\/\/www.hashtag.al\/index.php\/wp-json\/wp\/v2\/media\/682581"}],"wp:attachment":[{"href":"https:\/\/www.hashtag.al\/index.php\/wp-json\/wp\/v2\/media?parent=771695"}],"wp:term":[{"taxonomy":"category","embeddable":true,"href":"https:\/\/www.hashtag.al\/index.php\/wp-json\/wp\/v2\/categories?post=771695"},{"taxonomy":"post_tag","embeddable":true,"href":"https:\/\/www.hashtag.al\/index.php\/wp-json\/wp\/v2\/tags?post=771695"}],"curies":[{"name":"wp","href":"https:\/\/api.w.org\/{rel}","templated":true}]}}