{"id":771534,"date":"2025-11-15T14:28:36","date_gmt":"2025-11-15T13:28:36","guid":{"rendered":"https:\/\/www.hashtag.al\/?p=771534"},"modified":"2025-11-15T14:28:36","modified_gmt":"2025-11-15T13:28:36","slug":"ligji-per-barazine-gjinore-berisha-do-e-cojme-ne-kushtetuese","status":"publish","type":"post","link":"https:\/\/www.hashtag.al\/index.php\/2025\/11\/15\/ligji-per-barazine-gjinore-berisha-do-e-cojme-ne-kushtetuese\/","title":{"rendered":"Ligji p\u00ebr barazin\u00eb gjinore\/ Berisha: Do e \u00e7ojm\u00eb n\u00eb Kushtetuese","gt_translate_keys":[{"key":"rendered","format":"text"}]},"content":{"rendered":"<p><span style=\"color: #000000;\"><img loading=\"lazy\" decoding=\"async\" class=\"aligncenter size-full wp-image-771535\" src=\"https:\/\/www.hashtag.al\/wp-content\/uploads\/2025\/11\/69186e8ad8a8e111.jpg\" alt=\"\" width=\"1040\" height=\"692\" srcset=\"https:\/\/www.hashtag.al\/wp-content\/uploads\/2025\/11\/69186e8ad8a8e111.jpg 1040w, https:\/\/www.hashtag.al\/wp-content\/uploads\/2025\/11\/69186e8ad8a8e111-300x200.jpg 300w, https:\/\/www.hashtag.al\/wp-content\/uploads\/2025\/11\/69186e8ad8a8e111-1024x681.jpg 1024w, https:\/\/www.hashtag.al\/wp-content\/uploads\/2025\/11\/69186e8ad8a8e111-768x511.jpg 768w\" sizes=\"auto, (max-width: 1040px) 100vw, 1040px\" \/><\/span><\/p>\n<p><span style=\"color: #000000;\">Partia Demokratike do ta \u00e7oj\u00eb ligjin p\u00ebr barazin\u00eb gjinore n\u00eb Gjykat\u00ebn Kushtetuese.<\/span><\/p>\n<p data-start=\"99\" data-end=\"344\"><span style=\"color: #000000;\">Sali Berisha, n\u00eb nj\u00eb reagim n\u00eb rrjetet sociale, e cil\u00ebsoi ligjin <em data-start=\"247\" data-end=\"290\">\u201ckonsolidim t\u00eb nj\u00eb diktature t\u00eb sh\u00ebmtuar\u201d<\/em>\u00a0dhe akuzoi se ai cenon familjen dhe instalon censur\u00eb.<\/span><\/p>\n<p><span style=\"color: #000000;\"><em>\u201cLigji, m\u00eb duhet t\u2019u them shqiptar\u00ebve se \u00ebsht\u00eb ligji i konsolidimit t\u00eb nj\u00eb diktature t\u00eb sh\u00ebmtuar. Ky ligj nuk shkonfiguron vet\u00ebm familjen, q\u00eb \u00ebsht\u00eb gj\u00ebja m\u00eb e r\u00ebnd\u00eb q\u00eb mund t\u2019i ndodh\u00eb nj\u00eb personi dhe kombi. Por ky ligj instalon censur\u00ebn. Ky ligj, nj\u00eblloj si n\u00eb diktatur\u00ebn komuniste, k\u00ebrkon q\u00eb i akuzuari t\u00eb provoj\u00eb se po akuzohet pa fakte dhe kot dhe jo ai q\u00eb akuzon t\u00eb paraqes\u00eb faktet.<\/em><\/span><\/p>\n<p><span style=\"color: #000000;\"><em>Kjo \u00ebsht\u00eb nj\u00eblloj si n\u00eb koh\u00ebn e Partis\u00eb s\u00eb Pun\u00ebs q\u00eb t\u00eb akuzonin si armik dhe duhet t\u00eb provoje q\u00eb nuk ishe armik. Ligjin do e \u00e7ojm\u00eb n\u00eb Gjykat\u00eb Kushtetuese, por mos prisni ndonj\u00eb gj\u00eb se Gjykata Kushtetuese ka faktuar se \u00ebsht\u00eb n\u00eb kontroll, n\u00eb t\u00ebr\u00ebsi jo n\u00eb \u00e7do akt. Ne do b\u00ebjm\u00eb gjith\u00e7ka q\u00eb ta zb\u00ebrthejm\u00eb, ta qart\u00ebsojm\u00eb para \u00e7do qytetari k\u00ebt\u00eb ligj dhe t\u00eb k\u00ebrkojm\u00eb referendum p\u00ebr abrogimin e tij\u201d,<\/em> tha Berisha.<\/span><\/p>\n","protected":false,"gt_translate_keys":[{"key":"rendered","format":"html"}]},"excerpt":{"rendered":"<p>Partia Demokratike do ta \u00e7oj\u00eb ligjin p\u00ebr barazin\u00eb gjinore n\u00eb Gjykat\u00ebn Kushtetuese. Sali Berisha, n\u00eb nj\u00eb reagim n\u00eb rrjetet sociale, e cil\u00ebsoi ligjin \u201ckonsolidim t\u00eb nj\u00eb diktature t\u00eb sh\u00ebmtuar\u201d\u00a0dhe akuzoi se ai cenon familjen dhe instalon censur\u00eb. \u201cLigji, m\u00eb duhet t\u2019u them shqiptar\u00ebve se \u00ebsht\u00eb ligji i konsolidimit t\u00eb nj\u00eb diktature t\u00eb sh\u00ebmtuar. Ky ligj [&hellip;]<\/p>\n","protected":false,"gt_translate_keys":[{"key":"rendered","format":"html"}]},"author":49,"featured_media":771535,"comment_status":"closed","ping_status":"open","sticky":false,"template":"","format":"standard","meta":{"footnotes":""},"categories":[65],"tags":[],"class_list":["post-771534","post","type-post","status-publish","format-standard","has-post-thumbnail","hentry","category-lajme"],"gt_translate_keys":[{"key":"link","format":"url"}],"_links":{"self":[{"href":"https:\/\/www.hashtag.al\/index.php\/wp-json\/wp\/v2\/posts\/771534","targetHints":{"allow":["GET"]}}],"collection":[{"href":"https:\/\/www.hashtag.al\/index.php\/wp-json\/wp\/v2\/posts"}],"about":[{"href":"https:\/\/www.hashtag.al\/index.php\/wp-json\/wp\/v2\/types\/post"}],"author":[{"embeddable":true,"href":"https:\/\/www.hashtag.al\/index.php\/wp-json\/wp\/v2\/users\/49"}],"replies":[{"embeddable":true,"href":"https:\/\/www.hashtag.al\/index.php\/wp-json\/wp\/v2\/comments?post=771534"}],"version-history":[{"count":99999,"href":"https:\/\/www.hashtag.al\/index.php\/wp-json\/wp\/v2\/posts\/771534\/revisions"}],"predecessor-version":[{"id":771542,"href":"https:\/\/www.hashtag.al\/index.php\/wp-json\/wp\/v2\/posts\/771534\/revisions\/771542"}],"wp:featuredmedia":[{"embeddable":true,"href":"https:\/\/www.hashtag.al\/index.php\/wp-json\/wp\/v2\/media\/771535"}],"wp:attachment":[{"href":"https:\/\/www.hashtag.al\/index.php\/wp-json\/wp\/v2\/media?parent=771534"}],"wp:term":[{"taxonomy":"category","embeddable":true,"href":"https:\/\/www.hashtag.al\/index.php\/wp-json\/wp\/v2\/categories?post=771534"},{"taxonomy":"post_tag","embeddable":true,"href":"https:\/\/www.hashtag.al\/index.php\/wp-json\/wp\/v2\/tags?post=771534"}],"curies":[{"name":"wp","href":"https:\/\/api.w.org\/{rel}","templated":true}]}}