{"id":771418,"date":"2025-11-14T19:19:34","date_gmt":"2025-11-14T18:19:34","guid":{"rendered":"https:\/\/www.hashtag.al\/?p=771418"},"modified":"2025-11-14T19:19:34","modified_gmt":"2025-11-14T18:19:34","slug":"disa-te-vdekur-pasi-autobusi-perplaset-ne-nje-stacion-ne-stokholm","status":"publish","type":"post","link":"https:\/\/www.hashtag.al\/index.php\/2025\/11\/14\/disa-te-vdekur-pasi-autobusi-perplaset-ne-nje-stacion-ne-stokholm\/","title":{"rendered":"Disa t\u00eb vdekur pasi autobusi p\u00ebrplaset n\u00eb nj\u00eb stacion n\u00eb Stokholm","gt_translate_keys":[{"key":"rendered","format":"text"}]},"content":{"rendered":"<p><span style=\"color: #000000;\"><img loading=\"lazy\" decoding=\"async\" class=\"alignnone size-medium wp-image-771419\" src=\"https:\/\/www.hashtag.al\/wp-content\/uploads\/2025\/11\/Screenshot-2025-11-14-101733-300x154.png\" alt=\"\" width=\"300\" height=\"154\" srcset=\"https:\/\/www.hashtag.al\/wp-content\/uploads\/2025\/11\/Screenshot-2025-11-14-101733-300x154.png 300w, https:\/\/www.hashtag.al\/wp-content\/uploads\/2025\/11\/Screenshot-2025-11-14-101733-1024x524.png 1024w, https:\/\/www.hashtag.al\/wp-content\/uploads\/2025\/11\/Screenshot-2025-11-14-101733-768x393.png 768w, https:\/\/www.hashtag.al\/wp-content\/uploads\/2025\/11\/Screenshot-2025-11-14-101733-568x290.png 568w, https:\/\/www.hashtag.al\/wp-content\/uploads\/2025\/11\/Screenshot-2025-11-14-101733.png 1157w\" sizes=\"auto, (max-width: 300px) 100vw, 300px\" \/><\/span><\/p>\n<p><span style=\"color: #000000;\">Disa njer\u00ebz kan\u00eb vdekur dhe disa t\u00eb tjer\u00eb jan\u00eb plagosur pasi nj\u00eb autobus u p\u00ebrplas n\u00eb nj\u00eb stacion autobus\u00ebsh n\u00eb qend\u00ebr t\u00eb Stokholmit t\u00eb premten, njoftoi policia suedeze.<\/span><\/p>\n<p><span style=\"color: #000000;\">Policia shtoi se nuk ka ndonj\u00eb t\u00eb dh\u00ebn\u00eb q\u00eb tregon se b\u00ebhej fjal\u00eb p\u00ebr ndonj\u00eb sulm.<\/span><\/p>\n<p><span style=\"color: #000000;\">Nj\u00eb z\u00ebdh\u00ebn\u00ebs i emergjenc\u00ebs s\u00eb Stokholmit njoftoi p\u00ebr gjasht\u00eb viktima n\u00eb k\u00ebt\u00eb incident, por nuk tregoi se sa prej tyre jan\u00eb t\u00eb vdekur apo t\u00eb plagosur.<\/span><\/p>\n<p><span style=\"color: #000000;\">Z\u00ebdh\u00ebn\u00ebsi tha se n\u00eb autobus nuk kishte udh\u00ebtar\u00eb n\u00eb at\u00eb koh\u00eb.<\/span><\/p>\n<p><span style=\"color: #000000;\"><em>&#8220;Po hetohet si vrasje nga pakujdesia. Shoferi i autobusit \u00ebsht\u00eb arrestuar, por kjo \u00ebsht\u00eb procedur\u00eb rutin\u00eb n\u00eb raste t\u00eb tilla&#8221;,<\/em> tha nj\u00eb z\u00ebdh\u00ebn\u00ebs i policis\u00eb, duke shtuar se nuk ka ndonj\u00eb t\u00eb dh\u00ebn\u00eb q\u00eb tregon se b\u00ebhej fjal\u00eb p\u00ebr sulm.<\/span><\/p>\n<p><span style=\"color: #000000;\">Policia tha se nuk do t\u00eb jap\u00eb holl\u00ebsi p\u00ebr numrin, gjinin\u00eb apo mosh\u00ebn e t\u00eb vdekurve apo t\u00eb plagosurve.<\/span><\/p>\n<p><span style=\"color: #000000;\">Policia, sh\u00ebrbimet e shp\u00ebtimit dhe ambulancat po punojn\u00eb n\u00eb vendngjarje, tha policia.<\/span><\/p>\n<p><span style=\"color: #000000;\">Nj\u00eb fotografi n\u00eb faqen e p\u00ebrditshme t\u00eb Aftonbladet shfaq sh\u00ebrbimet e emergjenc\u00ebs n\u00eb vendngjarje, rreth nj\u00eb autobusi dykat\u00ebsh, me ngjyr\u00eb t\u00eb kalt\u00ebr.<\/span><\/p>\n<p><span style=\"color: #000000;\">Incidenti ndodhi pran\u00eb universitetit t\u00eb Institutit Mbret\u00ebror t\u00eb Teknologjis\u00eb, tha policia.<\/span><\/p>\n<p><span style=\"color: #000000;\"><em>&#8220;Ende nuk e dim\u00eb shkaktarin, por n\u00eb mendjet tona jan\u00eb, para s\u00eb gjithash, ata q\u00eb jan\u00eb prekur dhe familjet e tyre<\/em>&#8220;, tha kryeministri Ulf Kristersson n\u00eb nj\u00eb postim n\u00eb X.\/<span style=\"color: #0000ff;\"><a style=\"color: #0000ff;\" href=\"https:\/\/www.evropaelire.org\/a\/disa-vdekur-busi-perplasje-stokholm\/33592033.html\">REL<\/a><\/span><\/span><\/p>\n","protected":false,"gt_translate_keys":[{"key":"rendered","format":"html"}]},"excerpt":{"rendered":"<p>Disa njer\u00ebz kan\u00eb vdekur dhe disa t\u00eb tjer\u00eb jan\u00eb plagosur pasi nj\u00eb autobus u p\u00ebrplas n\u00eb nj\u00eb stacion autobus\u00ebsh n\u00eb qend\u00ebr t\u00eb Stokholmit t\u00eb premten, njoftoi policia suedeze. Policia shtoi se nuk ka ndonj\u00eb t\u00eb dh\u00ebn\u00eb q\u00eb tregon se b\u00ebhej fjal\u00eb p\u00ebr ndonj\u00eb sulm. Nj\u00eb z\u00ebdh\u00ebn\u00ebs i emergjenc\u00ebs s\u00eb Stokholmit njoftoi p\u00ebr gjasht\u00eb viktima n\u00eb [&hellip;]<\/p>\n","protected":false,"gt_translate_keys":[{"key":"rendered","format":"html"}]},"author":32,"featured_media":771419,"comment_status":"closed","ping_status":"open","sticky":false,"template":"","format":"standard","meta":{"footnotes":""},"categories":[6],"tags":[],"class_list":["post-771418","post","type-post","status-publish","format-standard","has-post-thumbnail","hentry","category-nderkombetare"],"gt_translate_keys":[{"key":"link","format":"url"}],"_links":{"self":[{"href":"https:\/\/www.hashtag.al\/index.php\/wp-json\/wp\/v2\/posts\/771418","targetHints":{"allow":["GET"]}}],"collection":[{"href":"https:\/\/www.hashtag.al\/index.php\/wp-json\/wp\/v2\/posts"}],"about":[{"href":"https:\/\/www.hashtag.al\/index.php\/wp-json\/wp\/v2\/types\/post"}],"author":[{"embeddable":true,"href":"https:\/\/www.hashtag.al\/index.php\/wp-json\/wp\/v2\/users\/32"}],"replies":[{"embeddable":true,"href":"https:\/\/www.hashtag.al\/index.php\/wp-json\/wp\/v2\/comments?post=771418"}],"version-history":[{"count":99999,"href":"https:\/\/www.hashtag.al\/index.php\/wp-json\/wp\/v2\/posts\/771418\/revisions"}],"predecessor-version":[{"id":771420,"href":"https:\/\/www.hashtag.al\/index.php\/wp-json\/wp\/v2\/posts\/771418\/revisions\/771420"}],"wp:featuredmedia":[{"embeddable":true,"href":"https:\/\/www.hashtag.al\/index.php\/wp-json\/wp\/v2\/media\/771419"}],"wp:attachment":[{"href":"https:\/\/www.hashtag.al\/index.php\/wp-json\/wp\/v2\/media?parent=771418"}],"wp:term":[{"taxonomy":"category","embeddable":true,"href":"https:\/\/www.hashtag.al\/index.php\/wp-json\/wp\/v2\/categories?post=771418"},{"taxonomy":"post_tag","embeddable":true,"href":"https:\/\/www.hashtag.al\/index.php\/wp-json\/wp\/v2\/tags?post=771418"}],"curies":[{"name":"wp","href":"https:\/\/api.w.org\/{rel}","templated":true}]}}