{"id":771250,"date":"2025-11-13T22:39:39","date_gmt":"2025-11-13T21:39:39","guid":{"rendered":"https:\/\/www.hashtag.al\/?p=771250"},"modified":"2025-11-13T22:39:39","modified_gmt":"2025-11-13T21:39:39","slug":"2019-2023-vetem-4-qarqe-kane-rritur-peshen-ne-ekonomi-8-te-tjerat-ne-renie","status":"publish","type":"post","link":"https:\/\/www.hashtag.al\/index.php\/2025\/11\/13\/2019-2023-vetem-4-qarqe-kane-rritur-peshen-ne-ekonomi-8-te-tjerat-ne-renie\/","title":{"rendered":"2019-2023, vet\u00ebm 4 qarqe kan\u00eb rritur pesh\u00ebn n\u00eb ekonomi, 8 t\u00eb tjerat n\u00eb r\u00ebnie","gt_translate_keys":[{"key":"rendered","format":"text"}]},"content":{"rendered":"<p><img loading=\"lazy\" decoding=\"async\" class=\"aligncenter size-full wp-image-771253\" src=\"https:\/\/www.hashtag.al\/wp-content\/uploads\/2025\/11\/Shkoder-qytet.jpg\" alt=\"\" width=\"720\" height=\"480\" srcset=\"https:\/\/www.hashtag.al\/wp-content\/uploads\/2025\/11\/Shkoder-qytet.jpg 720w, https:\/\/www.hashtag.al\/wp-content\/uploads\/2025\/11\/Shkoder-qytet-300x200.jpg 300w\" sizes=\"auto, (max-width: 720px) 100vw, 720px\" \/><\/p>\n<p><span style=\"color: #000000;\">Vitit pas viti aktiviteti ekonomik po p\u00ebrqendrohet n\u00eb zon\u00ebn metropolitanine, Tiran\u00eb -Durr\u00ebs, teka pesha e qarqeve me periferike t\u00eb vendit po vjen n\u00eb r\u00ebnie.<\/span><\/p>\n<p><span style=\"color: #000000;\">T\u00eb dh\u00ebnat Rajonale zyrtare nga INSTAT tregojn\u00eb se n\u00eb vitin 2023 Tirana kontribuonte me 44 p\u00ebr qind t\u00eb PBB-s\u00eb komb\u00ebtare. P\u00ebrgjat\u00eb 2029-2023 Tirana ka rritur pesh\u00ebn e saj me 1.2 pik\u00eb p\u00ebrqindje n\u00eb PBB-n\u00eb komb\u00ebtare, nd\u00ebrsa Durr\u00ebsi me 0.6 pik\u00eb p\u00ebrqindje.<\/span><\/p>\n<p><span style=\"color: #000000;\">Zhvillimet tregojn\u00eb zgjerimin e ekonomis\u00eb n\u00eb zonat metropolitane dhe bregdetare, t\u00eb mb\u00ebshtetura nga sh\u00ebrbimet, nd\u00ebrtimin dhe turizmi. Edhe Vlora dhe Berati kan\u00eb sh\u00ebnuar rritje modeste, p\u00ebrkat\u00ebsisht me 0.2 dhe 0.1 pik\u00eb p\u00ebrqindje, nd\u00ebrsa Shkodra ka ruajtur t\u00eb nj\u00ebjt\u00ebn pesh\u00eb ekonomike p\u00ebrgjat\u00eb 2019-2023.<\/span><\/p>\n<p><span style=\"color: #000000;\">N\u00eb krahun tjet\u00ebr, pjesa m\u00eb e madhe e qarqeve t\u00eb tjera ka humbur terren n\u00eb kontributin ndaj ekonomis\u00eb komb\u00ebtare. Kor\u00e7a rezulton me r\u00ebnien m\u00eb t\u00eb madhe, duke humbur 0.7 pik\u00eb p\u00ebrqindje n\u00eb periudh\u00ebn 2019\u20132023, e ndjekur nga Fieri, Gjirokastra dhe Lezha me r\u00ebnie nga 0.3 pik\u00eb p\u00ebrqindje secila. Edhe Kuk\u00ebsi, Dibra dhe Elbasani kan\u00eb p\u00ebsuar tkurrje m\u00eb t\u00eb leht\u00eb n\u00eb pesh\u00ebn e tyre n\u00eb PBB komb\u00ebtare.<\/span><\/p>\n<p><span style=\"color: #000000;\">Kjo zhvendosje e aktivitetit ekonomik n\u00eb zon\u00ebn Tiran\u00eb -Durr\u00ebs tregon p\u00ebr thellimin e pabarazive rajonale n\u00eb zhvillimin ekonomik t\u00eb vendit, nd\u00ebrsa qarqet juglindore dhe veriore p\u00ebrballen me r\u00ebnie t\u00eb aktivitetit ekonomik dhe humbje t\u00eb rolit t\u00eb tyre n\u00eb prodhimin komb\u00ebtar.<\/span><\/p>\n<p><span style=\"color: #000000;\">T\u00eb dy qarqet e Tiran\u00ebs dhe Durr\u00ebsit p\u00ebrfitojn\u00eb nga p\u00ebrqendrimi m\u00eb i madh i investimeve publike dhe private, infrastruktur\u00ebs m\u00eb e zhvilluar, prania e institucioneve qendrore. Zgjerimi i sektor\u00ebve t\u00eb sh\u00ebrbimeve, teknologjis\u00eb s\u00eb informacionit, nd\u00ebrtimit dhe turizmit n\u00eb k\u00ebto zona ka t\u00ebrhequr gjithashtu bizneset dhe fuqin\u00eb pun\u00ebtore nga qarqet e tjera. Durr\u00ebsi p\u00ebrfiton nga logjistika p\u00ebr shkak t\u00eb portit mw t\u00eb madh t\u00eb vendit dhe nga zhvillimet n\u00eb turizmin bregdetar, nd\u00ebrsa Tirana mbetet epiqendra e konsumit, arsimit dhe administrat\u00ebs publike.<\/span><\/p>\n<p><span style=\"color: #000000;\">Nga ana tjet\u00ebr r\u00ebnia e pesh\u00ebs ekonomike n\u00eb qarqe si Kor\u00e7a, Gjirokastra, Lezha apo Kuk\u00ebsi reflekton munges\u00ebn e investimeve t\u00eb reja publike dhe private, emigrimin e popullsis\u00eb drejt qendrave m\u00eb t\u00eb m\u00ebdha ose jasht\u00eb vendit dhe tkurrjen e sektor\u00ebve tradicional\u00eb si bujq\u00ebsia apo p\u00ebrpunimi. Shum\u00eb prej k\u00ebtyre rajoneve kan\u00eb kapacitete t\u00eb kufizuara p\u00ebr t\u00eb gjeneruar vende pune me produktivitet t\u00eb lart\u00eb, nd\u00ebrkoh\u00eb q\u00eb infrastruktura dhe qasja n\u00eb tregje mbeten t\u00eb dob\u00ebta.<\/span><\/p>\n<p><span style=\"color: #000000;\">P\u00ebrqendrimi i aktivitetit ekonomik n\u00eb Tiran\u00eb dhe Durr\u00ebs po ushtron presion mbi strehimin, trafikun dhe sh\u00ebrbimet publike. Nd\u00ebrkoh\u00eb, zonat periferike dhe malore rrezikojn\u00eb t\u00eb mbeten pas n\u00eb zhvillim, \u00a0duke thelluar m\u00eb tej pabarazin\u00eb sociale dhe q\u00ebndrueshm\u00ebrin\u00eb e tregut t\u00eb pun\u00ebs. \u00a0An\u00ebtar\u00ebsimi n\u00eb BE do t\u00eb kusht\u00ebzoj\u00eb vendin ton\u00eb me reforma dhe politika t\u00eb zhvillimit rajonal si nj\u00eb form\u00eb p\u00ebr t\u00eb shp\u00ebrndar\u00eb zhvillimin ekonomik n\u00eb m\u00ebnyr\u00eb m\u00eb t\u00eb barabart\u00eb.<\/span><\/p>\n<p><span style=\"color: #000000;\"><span style=\"color: #ff0000;\"><strong>VINI RE<\/strong><\/span>: Ky material \u00ebsht\u00eb pron\u00ebsi intelektuale e <span style=\"color: #0000ff;\"><a style=\"color: #0000ff;\" href=\"https:\/\/monitor.al\/2019-2023-vetem-4-qarqe-kane-rritur-peshen-ne-ekonomi-8-te-tjerat-ne-renie\/\">Monitor<\/a><\/span><\/span><\/p>\n<p><img loading=\"lazy\" decoding=\"async\" class=\"aligncenter size-full wp-image-771251\" src=\"https:\/\/www.hashtag.al\/wp-content\/uploads\/2025\/11\/kq2.jpg\" alt=\"\" width=\"900\" height=\"417\" srcset=\"https:\/\/www.hashtag.al\/wp-content\/uploads\/2025\/11\/kq2.jpg 900w, https:\/\/www.hashtag.al\/wp-content\/uploads\/2025\/11\/kq2-300x139.jpg 300w, https:\/\/www.hashtag.al\/wp-content\/uploads\/2025\/11\/kq2-768x356.jpg 768w\" sizes=\"auto, (max-width: 900px) 100vw, 900px\" \/><img loading=\"lazy\" decoding=\"async\" class=\"aligncenter size-full wp-image-771252\" src=\"https:\/\/www.hashtag.al\/wp-content\/uploads\/2025\/11\/kq.jpg\" alt=\"\" width=\"882\" height=\"460\" srcset=\"https:\/\/www.hashtag.al\/wp-content\/uploads\/2025\/11\/kq.jpg 882w, https:\/\/www.hashtag.al\/wp-content\/uploads\/2025\/11\/kq-300x156.jpg 300w, https:\/\/www.hashtag.al\/wp-content\/uploads\/2025\/11\/kq-768x401.jpg 768w\" sizes=\"auto, (max-width: 882px) 100vw, 882px\" \/><\/p>\n","protected":false,"gt_translate_keys":[{"key":"rendered","format":"html"}]},"excerpt":{"rendered":"<p>Vitit pas viti aktiviteti ekonomik po p\u00ebrqendrohet n\u00eb zon\u00ebn metropolitanine, Tiran\u00eb -Durr\u00ebs, teka pesha e qarqeve me periferike t\u00eb vendit po vjen n\u00eb r\u00ebnie. T\u00eb dh\u00ebnat Rajonale zyrtare nga INSTAT tregojn\u00eb se n\u00eb vitin 2023 Tirana kontribuonte me 44 p\u00ebr qind t\u00eb PBB-s\u00eb komb\u00ebtare. P\u00ebrgjat\u00eb 2029-2023 Tirana ka rritur pesh\u00ebn e saj me 1.2 pik\u00eb [&hellip;]<\/p>\n","protected":false,"gt_translate_keys":[{"key":"rendered","format":"html"}]},"author":51,"featured_media":771253,"comment_status":"closed","ping_status":"open","sticky":false,"template":"","format":"standard","meta":{"footnotes":""},"categories":[65],"tags":[],"class_list":["post-771250","post","type-post","status-publish","format-standard","has-post-thumbnail","hentry","category-lajme"],"gt_translate_keys":[{"key":"link","format":"url"}],"_links":{"self":[{"href":"https:\/\/www.hashtag.al\/index.php\/wp-json\/wp\/v2\/posts\/771250","targetHints":{"allow":["GET"]}}],"collection":[{"href":"https:\/\/www.hashtag.al\/index.php\/wp-json\/wp\/v2\/posts"}],"about":[{"href":"https:\/\/www.hashtag.al\/index.php\/wp-json\/wp\/v2\/types\/post"}],"author":[{"embeddable":true,"href":"https:\/\/www.hashtag.al\/index.php\/wp-json\/wp\/v2\/users\/51"}],"replies":[{"embeddable":true,"href":"https:\/\/www.hashtag.al\/index.php\/wp-json\/wp\/v2\/comments?post=771250"}],"version-history":[{"count":99999,"href":"https:\/\/www.hashtag.al\/index.php\/wp-json\/wp\/v2\/posts\/771250\/revisions"}],"predecessor-version":[{"id":771254,"href":"https:\/\/www.hashtag.al\/index.php\/wp-json\/wp\/v2\/posts\/771250\/revisions\/771254"}],"wp:featuredmedia":[{"embeddable":true,"href":"https:\/\/www.hashtag.al\/index.php\/wp-json\/wp\/v2\/media\/771253"}],"wp:attachment":[{"href":"https:\/\/www.hashtag.al\/index.php\/wp-json\/wp\/v2\/media?parent=771250"}],"wp:term":[{"taxonomy":"category","embeddable":true,"href":"https:\/\/www.hashtag.al\/index.php\/wp-json\/wp\/v2\/categories?post=771250"},{"taxonomy":"post_tag","embeddable":true,"href":"https:\/\/www.hashtag.al\/index.php\/wp-json\/wp\/v2\/tags?post=771250"}],"curies":[{"name":"wp","href":"https:\/\/api.w.org\/{rel}","templated":true}]}}