{"id":771070,"date":"2025-11-13T09:37:57","date_gmt":"2025-11-13T08:37:57","guid":{"rendered":"https:\/\/www.hashtag.al\/?p=771070"},"modified":"2025-11-13T09:37:57","modified_gmt":"2025-11-13T08:37:57","slug":"polonia-hungaria-sllovakia-dhe-cekia-kundershtojne-kuotat-e-migracionit-te-be-se-dhe-paralajmerojne-sfide-ligjore","status":"publish","type":"post","link":"https:\/\/www.hashtag.al\/index.php\/2025\/11\/13\/polonia-hungaria-sllovakia-dhe-cekia-kundershtojne-kuotat-e-migracionit-te-be-se-dhe-paralajmerojne-sfide-ligjore\/","title":{"rendered":"Polonia, Hungaria, Sllovakia dhe \u00c7ekia kund\u00ebrshtojn\u00eb kuotat e migracionit t\u00eb BE-s\u00eb dhe paralajm\u00ebrojn\u00eb sfid\u00eb ligjore","gt_translate_keys":[{"key":"rendered","format":"text"}]},"content":{"rendered":"<p data-start=\"123\" data-end=\"362\"><span style=\"color: #000000;\"><img loading=\"lazy\" decoding=\"async\" class=\"aligncenter wp-image-751697 size-full\" src=\"https:\/\/www.hashtag.al\/wp-content\/uploads\/2025\/07\/emigrante-ezgif.com-avif-to-jpg-converter.jpg\" alt=\"\" width=\"1400\" height=\"787\" srcset=\"https:\/\/www.hashtag.al\/wp-content\/uploads\/2025\/07\/emigrante-ezgif.com-avif-to-jpg-converter.jpg 1400w, https:\/\/www.hashtag.al\/wp-content\/uploads\/2025\/07\/emigrante-ezgif.com-avif-to-jpg-converter-300x169.jpg 300w, https:\/\/www.hashtag.al\/wp-content\/uploads\/2025\/07\/emigrante-ezgif.com-avif-to-jpg-converter-1024x576.jpg 1024w, https:\/\/www.hashtag.al\/wp-content\/uploads\/2025\/07\/emigrante-ezgif.com-avif-to-jpg-converter-768x432.jpg 768w\" sizes=\"auto, (max-width: 1400px) 100vw, 1400px\" \/><br \/>\nPolonia, Hungaria, Sllovakia dhe \u00c7ekia kan\u00eb b\u00ebr\u00eb t\u00eb qart\u00eb se nuk do t\u00eb pranojn\u00eb kuotat e migracionit t\u00eb vendosura nga Bashkimi Europian dhe jan\u00eb gati t\u00eb sfidojn\u00eb Komisionin Europian p\u00ebr planin e ri t\u00eb shp\u00ebrndarjes s\u00eb k\u00ebrkuesve t\u00eb azilit, p\u00ebrcjell <span style=\"color: #0000ff;\"><a style=\"color: #0000ff;\" href=\"https:\/\/www.euronews.com\/my-europe\/2025\/11\/13\/poland-hungary-among-those-ready-to-challenge-eu-over-unacceptable-migration-rules\">Euronews<\/a><\/span>.<\/span><\/p>\n<p data-start=\"364\" data-end=\"898\"><span style=\"color: #000000;\">Plani i Komisionit Europian, i prezantuar t\u00eb mart\u00ebn, synon t\u00eb leht\u00ebsoj\u00eb presionin mbi vendet e \u201cpika t\u00eb nxehta\u201d si Italia, Spanja dhe Greqia, duke i detyruar disa shtete t\u00eb Evrop\u00ebs Qendrore dhe Lindore t\u00eb ofrojn\u00eb ndihm\u00eb p\u00ebr shp\u00ebrndarjen e emigrant\u00ebve. Sipas Pactit p\u00ebr Migracion dhe Azil, t\u00eb gjitha vendet e BE-s\u00eb duhet t\u00eb kontribuojn\u00eb proporcionalisht me popullsin\u00eb dhe PBB-n\u00eb e tyre, qoft\u00eb duke pranuar emigrant\u00ebt, duke paguar 20,000 euro p\u00ebr \u00e7do person q\u00eb refuzojn\u00eb, ose duke financuar mb\u00ebshtetje operative n\u00eb vendet n\u00ebn presion.<\/span><\/p>\n<p data-start=\"900\" data-end=\"1392\"><span style=\"color: #000000;\">Kryeministri polak Donald Tusk shkroi n\u00eb X se Polonia nuk do t\u00eb pranoj\u00eb emigrant\u00eb dhe nuk do t\u00eb paguaj\u00eb asnj\u00eb kompensim. Kryeministri hungarez Viktor Orb\u00e1n konfirmoi q\u00eb Hungaria nuk do t\u00eb zbatoj\u00eb pakti dhe nuk do t\u00eb pranoj\u00eb emigrant\u00eb, duke e b\u00ebr\u00eb migracionin tem\u00eb kryesore n\u00eb zgjedhjet e prillit. Po ashtu, kryeministri sllovak Robert Fico dhe kryeministri i ardhsh\u00ebm \u00e7ek Andrej Babi\u0161 kan\u00eb shprehur kund\u00ebrshtimin e tyre, duke argumentuar se kuotat paraqesin k\u00ebrc\u00ebnim p\u00ebr sigurin\u00eb komb\u00ebtare.<\/span><\/p>\n<p data-start=\"1394\" data-end=\"1608\"><span style=\"color: #000000;\">Megjithat\u00eb, disa vende mund t\u00eb k\u00ebrkojn\u00eb p\u00ebrjashtime nga \u201cfondi i solidaritetit\u201d, por ato duhet t\u00eb miratohen nga shumica e kualifikuar e ministrave t\u00eb BE-s\u00eb, q\u00eb p\u00ebrb\u00ebn nj\u00eb proces t\u00eb nd\u00ebrlikuar dhe t\u00eb diskutuesh\u00ebm.<\/span><\/p>\n<p data-start=\"1610\" data-end=\"1925\" data-is-last-node=\"\" data-is-only-node=\"\"><span style=\"color: #000000;\">Ekspert\u00ebt paralajm\u00ebrojn\u00eb se moszbatimi i kuotave mund t\u00eb shkaktoj\u00eb tensione t\u00eb m\u00ebdha brenda K\u00ebshillit Europian dhe sfida ligjore nga k\u00ebto vende mund t\u00eb komplikohet p\u00ebr implementimin e planit t\u00eb shp\u00ebrndarjes s\u00eb emigrant\u00ebve. \u00c7\u00ebshtja pritet t\u00eb diskutohet gjat\u00eb Samitit t\u00eb fundit t\u00eb K\u00ebshillit Europian m\u00eb 18-19 dhjetor.<\/span><\/p>\n","protected":false,"gt_translate_keys":[{"key":"rendered","format":"html"}]},"excerpt":{"rendered":"<p>Polonia, Hungaria, Sllovakia dhe \u00c7ekia kan\u00eb b\u00ebr\u00eb t\u00eb qart\u00eb se nuk do t\u00eb pranojn\u00eb kuotat e migracionit t\u00eb vendosura nga Bashkimi Europian dhe jan\u00eb gati t\u00eb sfidojn\u00eb Komisionin Europian p\u00ebr planin e ri t\u00eb shp\u00ebrndarjes s\u00eb k\u00ebrkuesve t\u00eb azilit, p\u00ebrcjell Euronews. Plani i Komisionit Europian, i prezantuar t\u00eb mart\u00ebn, synon t\u00eb leht\u00ebsoj\u00eb presionin mbi vendet [&hellip;]<\/p>\n","protected":false,"gt_translate_keys":[{"key":"rendered","format":"html"}]},"author":32,"featured_media":751697,"comment_status":"closed","ping_status":"open","sticky":false,"template":"","format":"standard","meta":{"footnotes":""},"categories":[65],"tags":[],"class_list":["post-771070","post","type-post","status-publish","format-standard","has-post-thumbnail","hentry","category-lajme"],"gt_translate_keys":[{"key":"link","format":"url"}],"_links":{"self":[{"href":"https:\/\/www.hashtag.al\/index.php\/wp-json\/wp\/v2\/posts\/771070","targetHints":{"allow":["GET"]}}],"collection":[{"href":"https:\/\/www.hashtag.al\/index.php\/wp-json\/wp\/v2\/posts"}],"about":[{"href":"https:\/\/www.hashtag.al\/index.php\/wp-json\/wp\/v2\/types\/post"}],"author":[{"embeddable":true,"href":"https:\/\/www.hashtag.al\/index.php\/wp-json\/wp\/v2\/users\/32"}],"replies":[{"embeddable":true,"href":"https:\/\/www.hashtag.al\/index.php\/wp-json\/wp\/v2\/comments?post=771070"}],"version-history":[{"count":99999,"href":"https:\/\/www.hashtag.al\/index.php\/wp-json\/wp\/v2\/posts\/771070\/revisions"}],"predecessor-version":[{"id":771071,"href":"https:\/\/www.hashtag.al\/index.php\/wp-json\/wp\/v2\/posts\/771070\/revisions\/771071"}],"wp:featuredmedia":[{"embeddable":true,"href":"https:\/\/www.hashtag.al\/index.php\/wp-json\/wp\/v2\/media\/751697"}],"wp:attachment":[{"href":"https:\/\/www.hashtag.al\/index.php\/wp-json\/wp\/v2\/media?parent=771070"}],"wp:term":[{"taxonomy":"category","embeddable":true,"href":"https:\/\/www.hashtag.al\/index.php\/wp-json\/wp\/v2\/categories?post=771070"},{"taxonomy":"post_tag","embeddable":true,"href":"https:\/\/www.hashtag.al\/index.php\/wp-json\/wp\/v2\/tags?post=771070"}],"curies":[{"name":"wp","href":"https:\/\/api.w.org\/{rel}","templated":true}]}}