{"id":770300,"date":"2025-11-09T09:51:53","date_gmt":"2025-11-09T08:51:53","guid":{"rendered":"https:\/\/www.hashtag.al\/?p=770300"},"modified":"2025-11-09T09:51:53","modified_gmt":"2025-11-09T08:51:53","slug":"albin-kurti-voton-ne-prishtine-nje-dite-e-mire-per-demokracine-dhe-vullnetin-e-lire","status":"publish","type":"post","link":"https:\/\/www.hashtag.al\/index.php\/2025\/11\/09\/albin-kurti-voton-ne-prishtine-nje-dite-e-mire-per-demokracine-dhe-vullnetin-e-lire\/","title":{"rendered":"Albin Kurti voton n\u00eb Prishtin\u00eb: Nj\u00eb dit\u00eb e mir\u00eb p\u00ebr demokracin\u00eb dhe vullnetin e lir\u00eb","gt_translate_keys":[{"key":"rendered","format":"text"}]},"content":{"rendered":"<p data-start=\"94\" data-end=\"314\"><span style=\"color: #000000;\"><img loading=\"lazy\" decoding=\"async\" class=\"aligncenter wp-image-754720 size-full\" src=\"https:\/\/www.hashtag.al\/wp-content\/uploads\/2025\/08\/kurtii.jpg\" alt=\"\" width=\"662\" height=\"375\" srcset=\"https:\/\/www.hashtag.al\/wp-content\/uploads\/2025\/08\/kurtii.jpg 662w, https:\/\/www.hashtag.al\/wp-content\/uploads\/2025\/08\/kurtii-300x170.jpg 300w\" sizes=\"auto, (max-width: 662px) 100vw, 662px\" \/><br \/>\nKryeministri n\u00eb detyr\u00eb i Kosov\u00ebs, Albin Kurti, ka ushtruar vot\u00ebn e tij k\u00ebt\u00eb m\u00ebngjes n\u00eb nj\u00eb qend\u00ebr votimi n\u00eb Prishtin\u00eb, n\u00eb kuad\u00ebr t\u00eb balotazhit p\u00ebr zgjedhjet lokale q\u00eb po mbahen sot n\u00eb disa komuna t\u00eb vendit.<\/span><\/p>\n<p data-start=\"316\" data-end=\"503\"><span style=\"color: #000000;\">Pas votimit, Kurti e cil\u00ebsoi k\u00ebt\u00eb dit\u00eb si \u201cnj\u00eb dit\u00eb t\u00eb mir\u00eb p\u00ebr demokracin\u00eb dhe vullnetin e lir\u00eb t\u00eb qytetar\u00ebve\u201d, duke u b\u00ebr\u00eb thirrje t\u00eb gjith\u00eb votuesve q\u00eb t\u00eb marrin pjes\u00eb n\u00eb proces.<\/span><\/p>\n<p data-start=\"507\" data-end=\"754\"><span style=\"color: #000000;\">\u201cU b\u00ebj thirrje gjith\u00eb qytetar\u00ebve me t\u00eb drejt\u00eb vote q\u00eb t\u00eb shfryt\u00ebzojn\u00eb rastin dhe t\u00eb b\u00ebhen pjes\u00ebmarr\u00ebs e vendimmarr\u00ebs p\u00ebr kryetar\u00ebt e komunave, dhe k\u00ebsisoj p\u00ebr kat\u00ebrvje\u00e7arin n\u00eb vijim p\u00ebr ata si banor\u00eb t\u00eb komunave t\u00eb Republik\u00ebs,\u201d \u2013 deklaroi Kurti.<\/span><\/p>\n<p data-start=\"756\" data-end=\"1042\"><span style=\"color: #000000;\">Procesi i votimit po zhvillohet n\u00eb 18 komuna q\u00eb jan\u00eb n\u00eb balotazh, p\u00ebrfshir\u00eb Prishtin\u00ebn, Prizrenin, Pej\u00ebn, Gjakov\u00ebn, Gjilanin, Suharek\u00ebn, Fush\u00eb Kosov\u00ebn, Mitrovic\u00ebn e Jugut, Rahovecin, Ka\u00e7anikun, Vitin\u00eb, Vushtrrin\u00eb, Obiliqin, Klin\u00ebn, Dragashin, Junikun, Kllokotin dhe Mamusha-n.<\/span><\/p>\n<p data-start=\"1044\" data-end=\"1169\" data-is-last-node=\"\" data-is-only-node=\"\"><span style=\"color: #000000;\">Komisioni Qendror i Zgjedhjeve ka njoftuar m\u00eb her\u00ebt se procesi i votimit ka nisur pa probleme n\u00eb t\u00eb gjitha qendrat e votimit.<\/span><\/p>\n","protected":false,"gt_translate_keys":[{"key":"rendered","format":"html"}]},"excerpt":{"rendered":"<p>Kryeministri n\u00eb detyr\u00eb i Kosov\u00ebs, Albin Kurti, ka ushtruar vot\u00ebn e tij k\u00ebt\u00eb m\u00ebngjes n\u00eb nj\u00eb qend\u00ebr votimi n\u00eb Prishtin\u00eb, n\u00eb kuad\u00ebr t\u00eb balotazhit p\u00ebr zgjedhjet lokale q\u00eb po mbahen sot n\u00eb disa komuna t\u00eb vendit. Pas votimit, Kurti e cil\u00ebsoi k\u00ebt\u00eb dit\u00eb si \u201cnj\u00eb dit\u00eb t\u00eb mir\u00eb p\u00ebr demokracin\u00eb dhe vullnetin e lir\u00eb t\u00eb [&hellip;]<\/p>\n","protected":false,"gt_translate_keys":[{"key":"rendered","format":"html"}]},"author":32,"featured_media":754720,"comment_status":"closed","ping_status":"open","sticky":false,"template":"","format":"standard","meta":{"footnotes":""},"categories":[149],"tags":[],"class_list":["post-770300","post","type-post","status-publish","format-standard","has-post-thumbnail","hentry","category-kosoverajon"],"gt_translate_keys":[{"key":"link","format":"url"}],"_links":{"self":[{"href":"https:\/\/www.hashtag.al\/index.php\/wp-json\/wp\/v2\/posts\/770300","targetHints":{"allow":["GET"]}}],"collection":[{"href":"https:\/\/www.hashtag.al\/index.php\/wp-json\/wp\/v2\/posts"}],"about":[{"href":"https:\/\/www.hashtag.al\/index.php\/wp-json\/wp\/v2\/types\/post"}],"author":[{"embeddable":true,"href":"https:\/\/www.hashtag.al\/index.php\/wp-json\/wp\/v2\/users\/32"}],"replies":[{"embeddable":true,"href":"https:\/\/www.hashtag.al\/index.php\/wp-json\/wp\/v2\/comments?post=770300"}],"version-history":[{"count":99999,"href":"https:\/\/www.hashtag.al\/index.php\/wp-json\/wp\/v2\/posts\/770300\/revisions"}],"predecessor-version":[{"id":770303,"href":"https:\/\/www.hashtag.al\/index.php\/wp-json\/wp\/v2\/posts\/770300\/revisions\/770303"}],"wp:featuredmedia":[{"embeddable":true,"href":"https:\/\/www.hashtag.al\/index.php\/wp-json\/wp\/v2\/media\/754720"}],"wp:attachment":[{"href":"https:\/\/www.hashtag.al\/index.php\/wp-json\/wp\/v2\/media?parent=770300"}],"wp:term":[{"taxonomy":"category","embeddable":true,"href":"https:\/\/www.hashtag.al\/index.php\/wp-json\/wp\/v2\/categories?post=770300"},{"taxonomy":"post_tag","embeddable":true,"href":"https:\/\/www.hashtag.al\/index.php\/wp-json\/wp\/v2\/tags?post=770300"}],"curies":[{"name":"wp","href":"https:\/\/api.w.org\/{rel}","templated":true}]}}