{"id":770227,"date":"2025-11-08T15:45:35","date_gmt":"2025-11-08T14:45:35","guid":{"rendered":"https:\/\/www.hashtag.al\/?p=770227"},"modified":"2025-11-08T15:45:35","modified_gmt":"2025-11-08T14:45:35","slug":"pl-kunder-rritjes-se-cmimit-te-biletes-ne-kamez-vendim-i-demshem-per-qytetaret-rendon-xhepat-e-tyre","status":"publish","type":"post","link":"https:\/\/www.hashtag.al\/index.php\/2025\/11\/08\/pl-kunder-rritjes-se-cmimit-te-biletes-ne-kamez-vendim-i-demshem-per-qytetaret-rendon-xhepat-e-tyre\/","title":{"rendered":"PL kund\u00ebr rritjes s\u00eb \u00e7mimit t\u00eb bilet\u00ebs n\u00eb Kam\u00ebz: Vendim i d\u00ebmsh\u00ebm p\u00ebr qytetar\u00ebt, r\u00ebndon xhepat e tyre","gt_translate_keys":[{"key":"rendered","format":"text"}]},"content":{"rendered":"<p data-start=\"68\" data-end=\"255\"><span style=\"color: #000000;\"><img loading=\"lazy\" decoding=\"async\" class=\"aligncenter size-full wp-image-770228\" src=\"https:\/\/www.hashtag.al\/wp-content\/uploads\/2025\/11\/1762606097_arlamerja.jpeg\" alt=\"\" width=\"780\" height=\"440\" srcset=\"https:\/\/www.hashtag.al\/wp-content\/uploads\/2025\/11\/1762606097_arlamerja.jpeg 780w, https:\/\/www.hashtag.al\/wp-content\/uploads\/2025\/11\/1762606097_arlamerja-300x169.jpeg 300w, https:\/\/www.hashtag.al\/wp-content\/uploads\/2025\/11\/1762606097_arlamerja-768x433.jpeg 768w\" sizes=\"auto, (max-width: 780px) 100vw, 780px\" \/><\/span><\/p>\n<p data-start=\"68\" data-end=\"255\"><span style=\"color: #000000;\">Partia e Liris\u00eb ka reaguar ndaj vendimit t\u00eb Bashkis\u00eb Kam\u00ebz p\u00ebr rritjen me 10 lek\u00eb t\u00eb \u00e7mimit t\u00eb bilet\u00ebs s\u00eb autobusit, nga 40 n\u00eb 50 lek\u00eb, si dhe t\u00eb abones\u00eb mujore nga 1 200 n\u00eb 1 400 lek\u00eb.<\/span><\/p>\n<p data-start=\"257\" data-end=\"483\"><span style=\"color: #000000;\">P\u00ebrfaq\u00ebsuesja e PL-s\u00eb, Arla Merja, e cil\u00ebsoi vendimin \u201ct\u00eb padrejt\u00eb, t\u00eb pamenduar dhe thell\u00ebsisht t\u00eb d\u00ebmsh\u00ebm\u201d p\u00ebr qytetar\u00ebt, t\u00eb cil\u00ebt sipas saj p\u00ebrballen \u00e7do dit\u00eb me trafik, rrug\u00eb t\u00eb d\u00ebmtuara dhe vonesa n\u00eb transportin publik.<\/span><\/p>\n<p><span style=\"color: #000000;\"><em>\u201cBashkia Kam\u00ebz s\u00eb fundmi me an\u00eb t\u00eb nj\u00eb vendimi t\u00eb K\u00ebshillit Bashkiak ka vendosur rritjen e \u00e7mimit t\u00eb bilet\u00ebs s\u00eb autobusit nga 40 n\u00eb 50 lek\u00eb, si dhe t\u00eb abones\u00eb mujore nga 1 200 n\u00eb 1 400 lek\u00eb. Ky vendim \u00ebsht\u00eb i padrejt\u00eb, i pamenduar dhe thell\u00ebsisht i d\u00ebmsh\u00ebm p\u00ebr qytetar\u00ebt q\u00eb p\u00ebrballen \u00e7do dit\u00eb me \u00e7mime n\u00eb rritje dhe sh\u00ebrbime publike q\u00eb degradojn\u00eb nga dita n\u00eb dit\u00eb\u201d<\/em>, tha\u00a0Arla Merja.<\/span><\/p>\n<p><span style=\"color: #000000;\">N\u00eb nj\u00eb deklarat\u00eb nga selia, sekretarja p\u00ebr Marr\u00ebdh\u00ebniet me Publiku, Arla Merja denoncoi kushtet n\u00eb transportin urban t\u00eb bashkis\u00eb s\u00eb Kamz\u00ebs.<\/span><\/p>\n<div class=\"ads_desktop\"><\/div>\n<p><span style=\"color: #000000;\"><em>\u201cN\u00eb vend q\u00eb t\u00eb p\u00ebrmir\u00ebsoj\u00eb cil\u00ebsin\u00eb e transportit publik, Bashkia Kam\u00ebz ka zgjedhur t\u00eb r\u00ebndoj\u00eb mbi xhepat e qytetar\u00ebve. Autobus\u00ebt q\u00eb qarkullojn\u00eb n\u00eb linjat Kam\u00ebz\u2013Tiran\u00eb jan\u00eb t\u00eb amortizuar, shpesh pa aj\u00ebr t\u00eb kondicionuar, me ndenj\u00ebse t\u00eb d\u00ebmtuara dhe kushte t\u00eb papranueshme higjienike. Udh\u00ebtimi me to \u00ebsht\u00eb lodhje dhe posht\u00ebrim p\u00ebr qytetar\u00ebt q\u00eb \u00e7do m\u00ebngjes p\u00ebrpiqen t\u00eb arrijn\u00eb n\u00eb pun\u00eb apo n\u00eb shkoll\u00eb.<\/em><\/span><\/p>\n<p><span style=\"color: #000000;\"><em>P\u00ebrve\u00e7 kushteve t\u00eb k\u00ebqija, qytetar\u00ebt p\u00ebrballen \u00e7do dit\u00eb me vonesa t\u00eb m\u00ebdha p\u00ebr shkak t\u00eb trafikut galopant dhe munges\u00ebs s\u00eb menaxhimit urban. Autobus\u00ebt vijn\u00eb rrall\u00eb, shpesh plot p\u00ebrtej kapacitetit, dhe njer\u00ebzit detyrohen t\u00eb udh\u00ebtojn\u00eb n\u00eb k\u00ebmb\u00eb, ngjeshur, n\u00eb temperatura ekstreme. K\u00ebto nuk jan\u00eb kushte p\u00ebr nj\u00eb qytet q\u00eb pretendon t\u00eb jet\u00eb pjes\u00eb e zhvillimit\u201d,<\/em> tha ajo.<\/span><\/p>\n<p><span style=\"color: #000000;\">Vendimi p\u00ebr rritjen e bilet\u00ebs nga 40 lek\u00eb n\u00eb 50 lek\u00eb u mor nga K\u00ebshilli Bashkiak i Kamz\u00ebs m\u00eb 31 tetor, nd\u00ebrsa \u00e7mimi i abones\u00eb s\u00eb p\u00ebrgjithshme \u00ebsht\u00eb rritur nga 1400 lek\u00eb n\u00eb 1600 lek\u00eb.<\/span><\/p>\n","protected":false,"gt_translate_keys":[{"key":"rendered","format":"html"}]},"excerpt":{"rendered":"<p>Partia e Liris\u00eb ka reaguar ndaj vendimit t\u00eb Bashkis\u00eb Kam\u00ebz p\u00ebr rritjen me 10 lek\u00eb t\u00eb \u00e7mimit t\u00eb bilet\u00ebs s\u00eb autobusit, nga 40 n\u00eb 50 lek\u00eb, si dhe t\u00eb abones\u00eb mujore nga 1 200 n\u00eb 1 400 lek\u00eb. P\u00ebrfaq\u00ebsuesja e PL-s\u00eb, Arla Merja, e cil\u00ebsoi vendimin \u201ct\u00eb padrejt\u00eb, t\u00eb pamenduar dhe thell\u00ebsisht t\u00eb d\u00ebmsh\u00ebm\u201d p\u00ebr [&hellip;]<\/p>\n","protected":false,"gt_translate_keys":[{"key":"rendered","format":"html"}]},"author":49,"featured_media":770228,"comment_status":"closed","ping_status":"open","sticky":false,"template":"","format":"standard","meta":{"footnotes":""},"categories":[65],"tags":[],"class_list":["post-770227","post","type-post","status-publish","format-standard","has-post-thumbnail","hentry","category-lajme"],"gt_translate_keys":[{"key":"link","format":"url"}],"_links":{"self":[{"href":"https:\/\/www.hashtag.al\/index.php\/wp-json\/wp\/v2\/posts\/770227","targetHints":{"allow":["GET"]}}],"collection":[{"href":"https:\/\/www.hashtag.al\/index.php\/wp-json\/wp\/v2\/posts"}],"about":[{"href":"https:\/\/www.hashtag.al\/index.php\/wp-json\/wp\/v2\/types\/post"}],"author":[{"embeddable":true,"href":"https:\/\/www.hashtag.al\/index.php\/wp-json\/wp\/v2\/users\/49"}],"replies":[{"embeddable":true,"href":"https:\/\/www.hashtag.al\/index.php\/wp-json\/wp\/v2\/comments?post=770227"}],"version-history":[{"count":99999,"href":"https:\/\/www.hashtag.al\/index.php\/wp-json\/wp\/v2\/posts\/770227\/revisions"}],"predecessor-version":[{"id":770229,"href":"https:\/\/www.hashtag.al\/index.php\/wp-json\/wp\/v2\/posts\/770227\/revisions\/770229"}],"wp:featuredmedia":[{"embeddable":true,"href":"https:\/\/www.hashtag.al\/index.php\/wp-json\/wp\/v2\/media\/770228"}],"wp:attachment":[{"href":"https:\/\/www.hashtag.al\/index.php\/wp-json\/wp\/v2\/media?parent=770227"}],"wp:term":[{"taxonomy":"category","embeddable":true,"href":"https:\/\/www.hashtag.al\/index.php\/wp-json\/wp\/v2\/categories?post=770227"},{"taxonomy":"post_tag","embeddable":true,"href":"https:\/\/www.hashtag.al\/index.php\/wp-json\/wp\/v2\/tags?post=770227"}],"curies":[{"name":"wp","href":"https:\/\/api.w.org\/{rel}","templated":true}]}}