{"id":770075,"date":"2025-11-07T15:35:43","date_gmt":"2025-11-07T14:35:43","guid":{"rendered":"https:\/\/www.hashtag.al\/?p=770075"},"modified":"2025-11-07T15:35:43","modified_gmt":"2025-11-07T14:35:43","slug":"kuvendi-i-serbise-miraton-ndertimin-e-hotelit-te-kushnerit-ne-ish-godinen-e-shtabit-te-pergjithshem","status":"publish","type":"post","link":"https:\/\/www.hashtag.al\/index.php\/2025\/11\/07\/kuvendi-i-serbise-miraton-ndertimin-e-hotelit-te-kushnerit-ne-ish-godinen-e-shtabit-te-pergjithshem\/","title":{"rendered":"Kuvendi i Serbis\u00eb miraton nd\u00ebrtimin e hotelit t\u00eb Kushnerit n\u00eb ish-godin\u00ebn e Shtabit t\u00eb P\u00ebrgjithsh\u00ebm","gt_translate_keys":[{"key":"rendered","format":"text"}]},"content":{"rendered":"<p><span style=\"color: #000000;\"><img loading=\"lazy\" decoding=\"async\" class=\"alignnone size-medium wp-image-770078\" src=\"https:\/\/www.hashtag.al\/wp-content\/uploads\/2025\/11\/Screenshot-2025-11-07-063448-300x168.png\" alt=\"\" width=\"300\" height=\"168\" srcset=\"https:\/\/www.hashtag.al\/wp-content\/uploads\/2025\/11\/Screenshot-2025-11-07-063448-300x168.png 300w, https:\/\/www.hashtag.al\/wp-content\/uploads\/2025\/11\/Screenshot-2025-11-07-063448-1024x574.png 1024w, https:\/\/www.hashtag.al\/wp-content\/uploads\/2025\/11\/Screenshot-2025-11-07-063448-768x431.png 768w, https:\/\/www.hashtag.al\/wp-content\/uploads\/2025\/11\/Screenshot-2025-11-07-063448.png 1127w\" sizes=\"auto, (max-width: 300px) 100vw, 300px\" \/><\/span><\/p>\n<p><span style=\"color: #000000;\">Kuvendi i Serbis\u00eb e ka miratuar t\u00eb premten nj\u00eb ligj t\u00eb posa\u00e7\u00ebm p\u00ebr shembjen e godin\u00ebs s\u00eb bombarduar t\u00eb Shtabit t\u00eb P\u00ebrgjithsh\u00ebm t\u00eb Ushtris\u00eb Jugosllave n\u00eb qend\u00ebr t\u00eb Beogradit, p\u00ebr t\u2019i hapur rrug\u00ebn nd\u00ebrtimit t\u00eb nj\u00eb hoteli luksoz nga Jared Kushner &#8211; dh\u00ebndri i presidentit amerikan, Donald Trump.<\/span><\/p>\n<p><span style=\"color: #000000;\">Rind\u00ebrtimi \u00ebsht\u00eb ve\u00e7an\u00ebrisht i ndjesh\u00ebm n\u00eb Serbi, pasi kompleksi modernist i mesit t\u00eb shekullit XX u shkat\u00ebrrua pjes\u00ebrisht gjat\u00eb fushat\u00ebs s\u00eb bombardimeve t\u00eb NATO-s n\u00eb vitin 1999, q\u00eb i dha fund luft\u00ebs n\u00eb Kosov\u00eb.<\/span><\/p>\n<p><span style=\"color: #000000;\">Nj\u00ebqind e tridhjet\u00eb deputet\u00eb votuan p\u00ebr k\u00ebt\u00eb ligj, nd\u00ebrsa 40 ishin kund\u00ebr.<\/span><\/p>\n<p><span style=\"color: #000000;\">Gjithashtu, Kuvendi serb e miratoi edhe nj\u00eb propozim p\u00ebr t\u00eb p\u00ebrcaktuar ekzistenc\u00ebn e arsyeve ve\u00e7an\u00ebrisht t\u00eb arsyeshme q\u00eb ligji t\u00eb hyj\u00eb n\u00eb fuqi m\u00eb her\u00ebt se dita e tet\u00eb nga data e publikimit.<\/span><\/p>\n<p><span style=\"color: #000000;\">Ligji, i quajtur lex specialis, \u00ebsht\u00eb nj\u00eb ligj i ve\u00e7ant\u00eb q\u00eb ka p\u00ebrpar\u00ebsi ndaj ligjit t\u00eb p\u00ebrgjithsh\u00ebm n\u00eb rastet kur t\u00eb dy rregullojn\u00eb t\u00eb nj\u00ebjt\u00ebn \u00e7\u00ebshtje.<\/span><\/p>\n<p><span style=\"color: #000000;\">Kushner, bashk\u00ebshorti i Ivanka Trumpit dhe k\u00ebshilltar n\u00eb Sht\u00ebpin\u00eb e Bardh\u00eb gjat\u00eb mandatit t\u00eb par\u00eb t\u00eb Trumpit, vitin e kaluar b\u00ebri publik planin p\u00ebr nj\u00eb kompleks hotelier prej 500 milion\u00eb dollar\u00ebsh n\u00eb qend\u00ebr t\u00eb Beogradit.<\/span><\/p>\n<p><span style=\"color: #000000;\">Projekti p\u00ebrqendrohet n\u00eb ish-godin\u00ebn e Shtabit t\u00eb P\u00ebrgjithsh\u00ebm t\u00eb Ushtris\u00eb s\u00eb Jugosllavis\u00eb, n\u00eb zem\u00ebr t\u00eb kryeqytetit, e cila u bombardua nga NATO-ja n\u00eb pranver\u00ebn e vitit 1999, gjat\u00eb fushat\u00ebs p\u00ebr t\u00eb ndaluar sulmet serbe n\u00eb Kosov\u00eb.<\/span><\/p>\n<p><span style=\"color: #000000;\">Me gjith\u00eb d\u00ebmtimet, nd\u00ebrtesa mbeti n\u00ebn mbrojtje, p\u00ebr shkak t\u00eb vler\u00ebs arkitekturore, sipas aktivist\u00ebve lokal\u00eb.<\/span><\/p>\n<p><span style=\"color: #000000;\">Ky ligj anashkalon k\u00ebt\u00eb mbrojtje, duke e shpallur projektin \u201cprioritet komb\u00ebtar\u201d.<\/span><\/p>\n<p><span style=\"color: #000000;\">Ai parashikon q\u00eb \u201ct\u00eb gjitha procedurat p\u00ebr zbatimin e projektit t\u00eb rind\u00ebrtimit t\u00eb Shtabit t\u00eb P\u00ebrgjithsh\u00ebm t\u00eb trajtohen si urgjente\u201d dhe q\u00eb \u201ct\u00eb gjitha institucionet shtet\u00ebrore t\u00eb marrin vendime brenda kompetencave t\u00eb tyre pa vonesa\u201d.<\/span><\/p>\n<p>&nbsp;<\/p>\n<p><span style=\"color: #000000;\">Opozita paralajm\u00ebron parandalimin e shembjes s\u00eb godin\u00ebs<\/span><\/p>\n<p><span style=\"color: #000000;\">N\u00eb debatin para miratimit t\u00eb ligjit, deputet\u00ebt e opozit\u00ebs k\u00ebrkuan q\u00eb ai t\u00eb t\u00ebrhiqej, duke e cil\u00ebsuar at\u00eb t\u00eb paligjsh\u00ebm, nd\u00ebrsa shumica qeveris\u00ebse argumentoi se nd\u00ebrtesa e Shtabit t\u00eb P\u00ebrgjithsh\u00ebm nuk mund t\u00eb rinovohej dhe duhet t\u00eb shembej.<\/span><\/p>\n<p><span style=\"color: #000000;\"><em>\u201cU b\u00eb nj\u00eb p\u00ebrpjekje p\u00ebr rind\u00ebrtim, por nuk \u00ebsht\u00eb i mundur p\u00ebr shkak t\u00eb d\u00ebmtimeve dhe materialeve q\u00eb nuk prodhohen m\u00eb\u201d,<\/em> tha Millenko Jovanov, kreu i grupit parlamentar \u201cAleksandar Vu\u00e7i\u00e7 &#8211; Serbia nuk duhet t\u00eb q\u00ebndroj\u00eb\u201d.<\/span><\/p>\n<p><span style=\"color: #000000;\">Bilana Gjorgjeviq, nj\u00eb deputete nga Fronti i Majt\u00eb i Gjelb\u00ebr n\u00eb opozit\u00eb, paralajm\u00ebroi se dispozitat e k\u00ebtij ligji p\u00ebrcaktojn\u00eb se ai do t\u00eb hyj\u00eb n\u00eb fuqi nj\u00eb dit\u00eb pas miratimit t\u00eb tij.<\/span><\/p>\n<p><span style=\"color: #000000;\"><em>&#8220;Mund ta paramendoj q\u00eb do t\u00eb fillojn\u00eb prishjen qysh jav\u00ebn tjet\u00ebr. Sigurisht, qytetar\u00ebt do t\u00eb vijn\u00eb dhe do t\u00eb p\u00ebrpiqen ta parandalojn\u00eb, nuk mund ta paramendoj ndryshe<\/em>&#8220;, tha Gjorgjeviq.<\/span><\/p>\n<p><span style=\"color: #000000;\">Ajo kujtoi se kjo \u00ebsht\u00eb nj\u00eb godin\u00eb pran\u00eb nd\u00ebrtes\u00ebs s\u00eb Qeveris\u00eb n\u00eb nj\u00eb pjes\u00eb t\u00eb r\u00ebnd\u00ebsishme arkitekturore t\u00eb Beogradit.<\/span><\/p>\n<p><span style=\"color: #000000;\"><em>&#8220;Qytetar\u00ebt nuk mund t\u00eb ken\u00eb asnj\u00eb interes n\u00eb k\u00ebt\u00eb. Vet\u00ebm regjimi n\u00eb pushtet mundet, n\u00eb k\u00ebt\u00eb moment, t\u00eb ngroh\u00eb marr\u00ebdh\u00ebniet me familjen Trump<\/em>&#8220;, tha Gjordjeviq.<\/span><\/p>\n<p><span style=\"color: #000000;\">Deputeti i partis\u00eb Qendra e Serbis\u00eb (SRCE), Petar Boshkoviq, vler\u00ebsoi se nd\u00ebrtesa duhet t\u00eb ruhet, nd\u00ebr t\u00eb tjera, sepse &#8220;nyja m\u00eb e lart\u00eb e t\u00eb gjitha komunikimeve ndodhet posht\u00eb saj&#8221;.<\/span><\/p>\n<p><span style=\"color: #000000;\">&#8220;<em>Deputet\u00ebt n\u00eb pushtet duhet t\u00eb mbahen p\u00ebrgjegj\u00ebs p\u00ebr tradhti t\u00eb lart\u00eb pas k\u00ebsaj. Un\u00eb sugjeroj q\u00eb hoteli i ardhsh\u00ebm t\u00eb zhvendoset n\u00eb Ministrin\u00eb e Pun\u00ebve t\u00eb Jashtme dhe Ministrin\u00eb e Mbrojtjes&#8221;,<\/em> tha Boshkoviq.<\/span><\/p>\n<p><span style=\"color: #000000;\">Ivana Rokviq, deputete nga L\u00ebvizja Popullore e Serbis\u00eb (NPS), tha se po shkat\u00ebrrohet nj\u00eb simbol i historis\u00eb dhe shtet\u00ebsis\u00eb.<\/span><\/p>\n<p><span style=\"color: #000000;\"><em>&#8220;Vet\u00ebm p\u00ebr hir t\u00eb q\u00ebndrimit n\u00eb pushtet dhe pasurimit, p\u00ebr pak m\u00ebshir\u00eb nga Trump&#8221;, tha<\/em> Rokviq.\/<span style=\"color: #0000ff;\"><a style=\"color: #0000ff;\" href=\"https:\/\/www.evropaelire.org\/a\/serbia-miraton-hoteli-kushneri-shtab-pergjithshem\/33584156.html\">REL<\/a><\/span><\/span><\/p>\n","protected":false,"gt_translate_keys":[{"key":"rendered","format":"html"}]},"excerpt":{"rendered":"<p>Kuvendi i Serbis\u00eb e ka miratuar t\u00eb premten nj\u00eb ligj t\u00eb posa\u00e7\u00ebm p\u00ebr shembjen e godin\u00ebs s\u00eb bombarduar t\u00eb Shtabit t\u00eb P\u00ebrgjithsh\u00ebm t\u00eb Ushtris\u00eb Jugosllave n\u00eb qend\u00ebr t\u00eb Beogradit, p\u00ebr t\u2019i hapur rrug\u00ebn nd\u00ebrtimit t\u00eb nj\u00eb hoteli luksoz nga Jared Kushner &#8211; dh\u00ebndri i presidentit amerikan, Donald Trump. Rind\u00ebrtimi \u00ebsht\u00eb ve\u00e7an\u00ebrisht i ndjesh\u00ebm n\u00eb Serbi, [&hellip;]<\/p>\n","protected":false,"gt_translate_keys":[{"key":"rendered","format":"html"}]},"author":32,"featured_media":770078,"comment_status":"closed","ping_status":"open","sticky":false,"template":"","format":"standard","meta":{"footnotes":""},"categories":[149],"tags":[],"class_list":["post-770075","post","type-post","status-publish","format-standard","has-post-thumbnail","hentry","category-kosoverajon"],"gt_translate_keys":[{"key":"link","format":"url"}],"_links":{"self":[{"href":"https:\/\/www.hashtag.al\/index.php\/wp-json\/wp\/v2\/posts\/770075","targetHints":{"allow":["GET"]}}],"collection":[{"href":"https:\/\/www.hashtag.al\/index.php\/wp-json\/wp\/v2\/posts"}],"about":[{"href":"https:\/\/www.hashtag.al\/index.php\/wp-json\/wp\/v2\/types\/post"}],"author":[{"embeddable":true,"href":"https:\/\/www.hashtag.al\/index.php\/wp-json\/wp\/v2\/users\/32"}],"replies":[{"embeddable":true,"href":"https:\/\/www.hashtag.al\/index.php\/wp-json\/wp\/v2\/comments?post=770075"}],"version-history":[{"count":99999,"href":"https:\/\/www.hashtag.al\/index.php\/wp-json\/wp\/v2\/posts\/770075\/revisions"}],"predecessor-version":[{"id":770079,"href":"https:\/\/www.hashtag.al\/index.php\/wp-json\/wp\/v2\/posts\/770075\/revisions\/770079"}],"wp:featuredmedia":[{"embeddable":true,"href":"https:\/\/www.hashtag.al\/index.php\/wp-json\/wp\/v2\/media\/770078"}],"wp:attachment":[{"href":"https:\/\/www.hashtag.al\/index.php\/wp-json\/wp\/v2\/media?parent=770075"}],"wp:term":[{"taxonomy":"category","embeddable":true,"href":"https:\/\/www.hashtag.al\/index.php\/wp-json\/wp\/v2\/categories?post=770075"},{"taxonomy":"post_tag","embeddable":true,"href":"https:\/\/www.hashtag.al\/index.php\/wp-json\/wp\/v2\/tags?post=770075"}],"curies":[{"name":"wp","href":"https:\/\/api.w.org\/{rel}","templated":true}]}}