{"id":770052,"date":"2025-11-07T12:36:12","date_gmt":"2025-11-07T11:36:12","guid":{"rendered":"https:\/\/www.hashtag.al\/?p=770052"},"modified":"2025-11-07T12:41:07","modified_gmt":"2025-11-07T11:41:07","slug":"pr-ligji-per-barazine-gjinore-kaon-serjani-ftoj-ne-debat-publik-perfaqesuesit-e-shoqatave-apo-parlamentaret-qe-votuan-pro","status":"publish","type":"post","link":"https:\/\/www.hashtag.al\/index.php\/2025\/11\/07\/pr-ligji-per-barazine-gjinore-kaon-serjani-ftoj-ne-debat-publik-perfaqesuesit-e-shoqatave-apo-parlamentaret-qe-votuan-pro\/","title":{"rendered":"Pr.ligji p\u00ebr &#8220;Barazin\u00eb Gjinore\u201d, Kaon Serjani: Ftoj n\u00eb debat publik p\u00ebrfaq\u00ebsuesit e shoqatave apo parlamentar\u00ebt q\u00eb votuan pro","gt_translate_keys":[{"key":"rendered","format":"text"}]},"content":{"rendered":"<div class=\"xdj266r x14z9mp xat24cr x1lziwak x1vvkbs x126k92a\">\n<div dir=\"auto\">\n<div class=\"xdj266r x14z9mp xat24cr x1lziwak x1vvkbs x126k92a\">\n<div dir=\"auto\">\n<p><span style=\"color: #000000;\"><img loading=\"lazy\" decoding=\"async\" class=\"aligncenter size-full wp-image-770054\" src=\"https:\/\/www.hashtag.al\/wp-content\/uploads\/2025\/11\/Screenshot-2025-11-07-123025.png\" alt=\"\" width=\"994\" height=\"489\" srcset=\"https:\/\/www.hashtag.al\/wp-content\/uploads\/2025\/11\/Screenshot-2025-11-07-123025.png 994w, https:\/\/www.hashtag.al\/wp-content\/uploads\/2025\/11\/Screenshot-2025-11-07-123025-300x148.png 300w, https:\/\/www.hashtag.al\/wp-content\/uploads\/2025\/11\/Screenshot-2025-11-07-123025-768x378.png 768w\" sizes=\"auto, (max-width: 994px) 100vw, 994px\" \/><\/span><\/p>\n<p><span style=\"color: #000000;\">N\u00eb nj\u00eb njoftim p\u00ebr media, themeluesi dhe drejtori i Institute for Faith and Cultural Engagement (IFCE), Kaon Serjani, ka b\u00ebr\u00eb thirrje p\u00ebr <\/span><span style=\"color: #000000;\">nj\u00eb debat publik me p\u00ebrfaq\u00ebsuesit e shoqatave q\u00eb mb\u00ebshtet\u00ebn projekt\u2011ligjin \u201cP\u00ebr Barazin\u00eb Gjinore\u201d dhe me deputet\u00ebt q\u00eb votuan dje me karton jeshil n\u00eb parlament.<\/span><\/p>\n<p><span style=\"color: #000000;\">Debati \u00ebsht\u00eb planifikuar t\u00eb mbahet m\u00eb dat\u00eb 13\u202fn\u00ebntor, n\u00eb nj\u00eb hotel n\u00eb qend\u00ebr t\u00eb Tiran\u00ebs, dhe Serjani deklaron se do t\u00eb marr\u00eb p\u00ebrsip\u00ebr t\u00eb gjitha shpenzimet e aktivitetit.<\/span><\/p>\n<p><span style=\"color: #000000;\">Ftesa vjen n\u00eb dit\u00ebn kur parlamenti miratoi projekt\u2011ligjin \u201cP\u00ebr Barazin\u00eb Gjinore\u201d me 77 vota pro, 36 kund\u00ebr dhe 4 abstenime. P\u00ebr m\u00eb tep\u00ebr, p\u00ebrpara godin\u00ebs s\u00eb Kuvendit u zhvillua nj\u00eb protest\u00eb ku qindra qytetar\u00eb shpreh\u00ebn kund\u00ebrshtimin e tyre ndaj ligjit, me pankarta ku lexohej \u201cKa vet\u00ebm dy gjini: mashkull dhe fem\u00ebr\u201d.\u00a0<\/span><\/p>\n<p><span style=\"color: #000000;\"><em>\u201cFtoj n\u00eb debat publik cilindo nga p\u00ebrfaq\u00ebsuesit e shoqatave q\u00eb ishin pro projektligjit, apo cilindo parlamentar q\u00eb ngriti kartonin jeshil mbr\u00ebm\u00eb, t\u00eb debatojm\u00eb n\u00eb m\u00ebnyr\u00eb civile k\u00ebt\u00eb \u00e7\u00ebshtje:<\/em><\/span><\/p>\n<p><span style=\"color: #000000;\"><em>\u201cA \u00ebsht\u00eb gjinia nj\u00eb konstrukt social apo realitet biologjik?\u201d<\/em><\/span><\/p>\n<p><span style=\"color: #000000;\"><em>Me publik t\u00eb pranish\u00ebm dhe t\u00eb drejt\u00eb p\u00ebr pyetje-p\u00ebrgjigje.<\/em><\/span><\/p>\n<p><span style=\"color: #000000;\"><em>Vendi: Nj\u00eb nga hotelet n\u00eb qend\u00ebr t\u00eb Tiran\u00ebs.<\/em><\/span><\/p>\n<p><span style=\"color: #000000;\"><em>Data 13 N\u00ebntor.<\/em><\/span><\/p>\n<p><span style=\"color: #000000;\"><em>Shpenzimet e aktivitetit i marr un\u00eb p\u00ebrsip\u00ebr.<\/em><\/span><\/p>\n<p><span style=\"color: #000000;\"><em>Mbetem n\u00eb pritje,<\/em><\/span><\/p>\n<p><span style=\"color: #000000;\"><em>Kaon Serjani\u201d<\/em><\/span><\/p>\n<\/div>\n<\/div>\n<\/div>\n<\/div>\n","protected":false,"gt_translate_keys":[{"key":"rendered","format":"html"}]},"excerpt":{"rendered":"<p>N\u00eb nj\u00eb njoftim p\u00ebr media, themeluesi dhe drejtori i Institute for Faith and Cultural Engagement (IFCE), Kaon Serjani, ka b\u00ebr\u00eb thirrje p\u00ebr nj\u00eb debat publik me p\u00ebrfaq\u00ebsuesit e shoqatave q\u00eb mb\u00ebshtet\u00ebn projekt\u2011ligjin \u201cP\u00ebr Barazin\u00eb Gjinore\u201d dhe me deputet\u00ebt q\u00eb votuan dje me karton jeshil n\u00eb parlament. Debati \u00ebsht\u00eb planifikuar t\u00eb mbahet m\u00eb dat\u00eb 13\u202fn\u00ebntor, n\u00eb [&hellip;]<\/p>\n","protected":false,"gt_translate_keys":[{"key":"rendered","format":"html"}]},"author":49,"featured_media":770054,"comment_status":"closed","ping_status":"open","sticky":false,"template":"","format":"standard","meta":{"footnotes":""},"categories":[65],"tags":[],"class_list":["post-770052","post","type-post","status-publish","format-standard","has-post-thumbnail","hentry","category-lajme"],"gt_translate_keys":[{"key":"link","format":"url"}],"_links":{"self":[{"href":"https:\/\/www.hashtag.al\/index.php\/wp-json\/wp\/v2\/posts\/770052","targetHints":{"allow":["GET"]}}],"collection":[{"href":"https:\/\/www.hashtag.al\/index.php\/wp-json\/wp\/v2\/posts"}],"about":[{"href":"https:\/\/www.hashtag.al\/index.php\/wp-json\/wp\/v2\/types\/post"}],"author":[{"embeddable":true,"href":"https:\/\/www.hashtag.al\/index.php\/wp-json\/wp\/v2\/users\/49"}],"replies":[{"embeddable":true,"href":"https:\/\/www.hashtag.al\/index.php\/wp-json\/wp\/v2\/comments?post=770052"}],"version-history":[{"count":99999,"href":"https:\/\/www.hashtag.al\/index.php\/wp-json\/wp\/v2\/posts\/770052\/revisions"}],"predecessor-version":[{"id":770058,"href":"https:\/\/www.hashtag.al\/index.php\/wp-json\/wp\/v2\/posts\/770052\/revisions\/770058"}],"wp:featuredmedia":[{"embeddable":true,"href":"https:\/\/www.hashtag.al\/index.php\/wp-json\/wp\/v2\/media\/770054"}],"wp:attachment":[{"href":"https:\/\/www.hashtag.al\/index.php\/wp-json\/wp\/v2\/media?parent=770052"}],"wp:term":[{"taxonomy":"category","embeddable":true,"href":"https:\/\/www.hashtag.al\/index.php\/wp-json\/wp\/v2\/categories?post=770052"},{"taxonomy":"post_tag","embeddable":true,"href":"https:\/\/www.hashtag.al\/index.php\/wp-json\/wp\/v2\/tags?post=770052"}],"curies":[{"name":"wp","href":"https:\/\/api.w.org\/{rel}","templated":true}]}}