{"id":769705,"date":"2025-11-05T15:50:24","date_gmt":"2025-11-05T14:50:24","guid":{"rendered":"https:\/\/www.hashtag.al\/?p=769705"},"modified":"2025-11-05T15:51:15","modified_gmt":"2025-11-05T14:51:15","slug":"kellici-ironizon-zbardhjen-e-bisedave-balluku-berberi-lindi-mikrotoponim-i-ri","status":"publish","type":"post","link":"https:\/\/www.hashtag.al\/index.php\/2025\/11\/05\/kellici-ironizon-zbardhjen-e-bisedave-balluku-berberi-lindi-mikrotoponim-i-ri\/","title":{"rendered":"K\u00eblli\u00e7i ironizon zbardhjen e bisedave Balluku\u2013Berberi: Lindi mikrotoponim i ri","gt_translate_keys":[{"key":"rendered","format":"text"}]},"content":{"rendered":"<p><!--StartFragment --><\/p>\n<p><img loading=\"lazy\" decoding=\"async\" class=\"alignnone size-medium wp-image-769702\" src=\"https:\/\/www.hashtag.al\/wp-content\/uploads\/2025\/11\/belinda-kellici-1-300x169.jpg\" alt=\"\" width=\"300\" height=\"169\" srcset=\"https:\/\/www.hashtag.al\/wp-content\/uploads\/2025\/11\/belinda-kellici-1-300x169.jpg 300w, https:\/\/www.hashtag.al\/wp-content\/uploads\/2025\/11\/belinda-kellici-1-1024x578.jpg 1024w, https:\/\/www.hashtag.al\/wp-content\/uploads\/2025\/11\/belinda-kellici-1-768x434.jpg 768w, https:\/\/www.hashtag.al\/wp-content\/uploads\/2025\/11\/belinda-kellici-1.jpg 1204w\" sizes=\"auto, (max-width: 300px) 100vw, 300px\" \/><\/p>\n<p><span style=\"color: #000000;\">Deputeti i Partis\u00eb Demokratike, Belind K\u00eblli\u00e7i, ka reaguar me tone ironike pas publikimit t\u00eb bisedave t\u00eb reja mes z\u00ebvend\u00ebskryeministres Belinda Balluku dhe Evis Berberit, q\u00eb lidhen me afer\u00ebn e dyshuar p\u00ebr tunelin e Llogaras\u00eb.<\/span><\/p>\n<p><span style=\"color: #000000;\">N\u00eb nj\u00eb postim n\u00eb rrjetet sociale, K\u00eblli\u00e7i ironizoi kryeministrin Edi Rama dhe Ballukun, duke aluduar p\u00ebr p\u00ebrfshirjene\u00eb tyre n\u00eb skandalin e bisedave q\u00eb, sipas tij, ka prodhuar edhe \u201cmikrotoponime t\u00eb reja\u201d.<\/span><\/p>\n<p><span style=\"color: #000000;\"><em>\u201cJa k\u00ebshtu rast\u00ebsisht lindi dhe nj\u00eb mikrotoponim i ri! Nga sot \u2018Tuneli i Llogaras\u00eb\u2019 mund fare thjesht\u00eb t\u00eb quhet \u2018Tuneli i k*<\/em>rv\u00ebs\u2019 ose \u2018Tuneli i Palloshit\u2019!\u201d* \u2013 shkroi K\u00eblli\u00e7i.<\/span><\/p>\n<p>&nbsp;<\/p>\n<p><iframe loading=\"lazy\" style=\"border: none; overflow: hidden;\" src=\"https:\/\/www.facebook.com\/plugins\/post.php?href=https%3A%2F%2Fwww.facebook.com%2FBelindKellici.Official%2Fposts%2Fpfbid0mPdizd5FmkknEo4QwrF1Fuk9AgCgxHdG1kMhAbc5gQvQHXQuQWN3RdLGeCj51kRql&amp;show_text=true&amp;width=500\" width=\"500\" height=\"591\" frameborder=\"0\" scrolling=\"no\" allowfullscreen=\"allowfullscreen\"><\/iframe><\/p>\n<p><!--EndFragment --><\/p>\n","protected":false,"gt_translate_keys":[{"key":"rendered","format":"html"}]},"excerpt":{"rendered":"<p>Deputeti i Partis\u00eb Demokratike, Belind K\u00eblli\u00e7i, ka reaguar me tone ironike pas publikimit t\u00eb bisedave t\u00eb reja mes z\u00ebvend\u00ebskryeministres Belinda Balluku dhe Evis Berberit, q\u00eb lidhen me afer\u00ebn e dyshuar p\u00ebr tunelin e Llogaras\u00eb. N\u00eb nj\u00eb postim n\u00eb rrjetet sociale, K\u00eblli\u00e7i ironizoi kryeministrin Edi Rama dhe Ballukun, duke aluduar p\u00ebr p\u00ebrfshirjene\u00eb tyre n\u00eb skandalin e [&hellip;]<\/p>\n","protected":false,"gt_translate_keys":[{"key":"rendered","format":"html"}]},"author":32,"featured_media":769702,"comment_status":"closed","ping_status":"open","sticky":false,"template":"","format":"standard","meta":{"footnotes":""},"categories":[65],"tags":[],"class_list":["post-769705","post","type-post","status-publish","format-standard","has-post-thumbnail","hentry","category-lajme"],"gt_translate_keys":[{"key":"link","format":"url"}],"_links":{"self":[{"href":"https:\/\/www.hashtag.al\/index.php\/wp-json\/wp\/v2\/posts\/769705","targetHints":{"allow":["GET"]}}],"collection":[{"href":"https:\/\/www.hashtag.al\/index.php\/wp-json\/wp\/v2\/posts"}],"about":[{"href":"https:\/\/www.hashtag.al\/index.php\/wp-json\/wp\/v2\/types\/post"}],"author":[{"embeddable":true,"href":"https:\/\/www.hashtag.al\/index.php\/wp-json\/wp\/v2\/users\/32"}],"replies":[{"embeddable":true,"href":"https:\/\/www.hashtag.al\/index.php\/wp-json\/wp\/v2\/comments?post=769705"}],"version-history":[{"count":99999,"href":"https:\/\/www.hashtag.al\/index.php\/wp-json\/wp\/v2\/posts\/769705\/revisions"}],"predecessor-version":[{"id":769707,"href":"https:\/\/www.hashtag.al\/index.php\/wp-json\/wp\/v2\/posts\/769705\/revisions\/769707"}],"wp:featuredmedia":[{"embeddable":true,"href":"https:\/\/www.hashtag.al\/index.php\/wp-json\/wp\/v2\/media\/769702"}],"wp:attachment":[{"href":"https:\/\/www.hashtag.al\/index.php\/wp-json\/wp\/v2\/media?parent=769705"}],"wp:term":[{"taxonomy":"category","embeddable":true,"href":"https:\/\/www.hashtag.al\/index.php\/wp-json\/wp\/v2\/categories?post=769705"},{"taxonomy":"post_tag","embeddable":true,"href":"https:\/\/www.hashtag.al\/index.php\/wp-json\/wp\/v2\/tags?post=769705"}],"curies":[{"name":"wp","href":"https:\/\/api.w.org\/{rel}","templated":true}]}}