{"id":769449,"date":"2025-11-04T12:06:47","date_gmt":"2025-11-04T11:06:47","guid":{"rendered":"https:\/\/www.hashtag.al\/?p=769449"},"modified":"2025-11-04T12:06:47","modified_gmt":"2025-11-04T11:06:47","slug":"tusk-e-ktheu-polonine-ne-vasale-te-brukselit-orban","status":"publish","type":"post","link":"https:\/\/www.hashtag.al\/index.php\/2025\/11\/04\/tusk-e-ktheu-polonine-ne-vasale-te-brukselit-orban\/","title":{"rendered":"Tusk e ktheu Polonin\u00eb n\u00eb vasale\u00a0t\u00eb Brukselit &#8211;\u00a0Orban","gt_translate_keys":[{"key":"rendered","format":"text"}]},"content":{"rendered":"<p><img loading=\"lazy\" decoding=\"async\" class=\"aligncenter size-full wp-image-769451\" src=\"https:\/\/www.hashtag.al\/wp-content\/uploads\/2025\/11\/tuskorban-ezgif.com-webp-to-jpg-converter.jpg\" alt=\"\" width=\"2560\" height=\"1440\" srcset=\"https:\/\/www.hashtag.al\/wp-content\/uploads\/2025\/11\/tuskorban-ezgif.com-webp-to-jpg-converter.jpg 2560w, https:\/\/www.hashtag.al\/wp-content\/uploads\/2025\/11\/tuskorban-ezgif.com-webp-to-jpg-converter-300x169.jpg 300w, https:\/\/www.hashtag.al\/wp-content\/uploads\/2025\/11\/tuskorban-ezgif.com-webp-to-jpg-converter-1024x576.jpg 1024w, https:\/\/www.hashtag.al\/wp-content\/uploads\/2025\/11\/tuskorban-ezgif.com-webp-to-jpg-converter-768x432.jpg 768w, https:\/\/www.hashtag.al\/wp-content\/uploads\/2025\/11\/tuskorban-ezgif.com-webp-to-jpg-converter-1536x864.jpg 1536w, https:\/\/www.hashtag.al\/wp-content\/uploads\/2025\/11\/tuskorban-ezgif.com-webp-to-jpg-converter-2048x1152.jpg 2048w\" sizes=\"auto, (max-width: 2560px) 100vw, 2560px\" \/><\/p>\n<p><span style=\"color: #000000;\">Kryeministri polak Donald Tusk e ka kthyer vendin e tij n\u00eb nj\u00eb &#8220;vasal t\u00eb Brukselit&#8221; dhe \u00ebsht\u00eb b\u00ebr\u00eb &#8220;nj\u00eb nga nxit\u00ebsit m\u00eb t\u00eb z\u00ebsh\u00ebm t\u00eb luft\u00ebs&#8221; n\u00eb Evrop\u00eb, pavar\u00ebsisht rritjes s\u00eb lodhjes nga lufta n\u00eb Ukrain\u00eb n\u00eb mesin e\u00a0polak\u00ebve, sipas kryeministrit hungarez Viktor Orban.<\/span><\/p>\n<p><span style=\"color: #000000;\">Orban i postoi komentet n\u00eb X t\u00eb shtun\u00ebn, duke argumentuar se retorika luftarake e Tusk-ut p\u00ebr\u00a0luft\u00ebn ishte nj\u00eb p\u00ebrpjekje p\u00ebr t\u00eb shp\u00ebrqendruar polak\u00ebt nga problemet e brendshme.<\/span><\/p>\n<p><span style=\"color: #000000;\"><em><i>&#8220;Ai \u00ebsht\u00eb b\u00ebr\u00eb nj\u00eb nga nxit\u00ebsit m\u00eb t\u00eb z\u00ebsh\u00ebm t\u00eb luft\u00ebs n\u00eb Evrop\u00eb \u2013 megjithat\u00eb politika e tij e luft\u00ebs po d\u00ebshton: Ukrain\u00ebs po i mbarojn\u00eb parat\u00eb evropiane, dhe populli polak \u00ebsht\u00eb i lodhur nga lufta,&#8221;<\/i><\/em>\u00a0shkroi ai.<\/span><\/p>\n<p><span style=\"color: #000000;\"><em><i>&#8220;Ai nuk mund t\u00eb ndryshoj\u00eb kursin sepse e ka kthyer Polonin\u00eb n\u00eb nj\u00eb vasal t\u00eb Brukselit.&#8221;<\/i><\/em><\/span><\/p>\n<p><span style=\"color: #000000;\">M\u00eb her\u00ebt gjat\u00eb jav\u00ebs, Tusk sulmoi Orban-in gjat\u00eb nj\u00eb interviste televizive, duke argumentuar se p\u00ebr kryeministrin hungarez, &#8220;Brukseli, demokracia dhe sundimi transparent i ligjit jan\u00eb nj\u00eb problem, shkruan <span style=\"color: #0000ff;\"><a style=\"color: #0000ff;\" href=\"https:\/\/www.rt.com\/news\/627246-tusk-poland-eu-vassal-orban\/\">Rt<\/a><\/span>.<\/span><\/p>\n<p><span style=\"color: #000000;\">M\u00eb shum\u00eb se gjysma e polak\u00ebve shprehin mosmiratim p\u00ebr pun\u00ebn e Tusk-ut si kryeminist\u00ebr, sipas nj\u00eb sondazhi t\u00eb publikuar nga transmetuesi publik TVP t\u00eb h\u00ebn\u00ebn. Me r\u00ebnien e popullaritetit, koalicioni i tij humbi zgjedhjet presidenciale m\u00eb her\u00ebt k\u00ebt\u00eb vit ndaj konservatorit Karol Nawrocki, i cili u mb\u00ebshtet nga partia opozitare PiS.<\/span><\/p>\n","protected":false,"gt_translate_keys":[{"key":"rendered","format":"html"}]},"excerpt":{"rendered":"<p>Kryeministri polak Donald Tusk e ka kthyer vendin e tij n\u00eb nj\u00eb &#8220;vasal t\u00eb Brukselit&#8221; dhe \u00ebsht\u00eb b\u00ebr\u00eb &#8220;nj\u00eb nga nxit\u00ebsit m\u00eb t\u00eb z\u00ebsh\u00ebm t\u00eb luft\u00ebs&#8221; n\u00eb Evrop\u00eb, pavar\u00ebsisht rritjes s\u00eb lodhjes nga lufta n\u00eb Ukrain\u00eb n\u00eb mesin e\u00a0polak\u00ebve, sipas kryeministrit hungarez Viktor Orban. Orban i postoi komentet n\u00eb X t\u00eb shtun\u00ebn, duke argumentuar se [&hellip;]<\/p>\n","protected":false,"gt_translate_keys":[{"key":"rendered","format":"html"}]},"author":51,"featured_media":769451,"comment_status":"closed","ping_status":"open","sticky":false,"template":"","format":"standard","meta":{"footnotes":""},"categories":[53],"tags":[],"class_list":["post-769449","post","type-post","status-publish","format-standard","has-post-thumbnail","hentry","category-fast-foodi"],"gt_translate_keys":[{"key":"link","format":"url"}],"_links":{"self":[{"href":"https:\/\/www.hashtag.al\/index.php\/wp-json\/wp\/v2\/posts\/769449","targetHints":{"allow":["GET"]}}],"collection":[{"href":"https:\/\/www.hashtag.al\/index.php\/wp-json\/wp\/v2\/posts"}],"about":[{"href":"https:\/\/www.hashtag.al\/index.php\/wp-json\/wp\/v2\/types\/post"}],"author":[{"embeddable":true,"href":"https:\/\/www.hashtag.al\/index.php\/wp-json\/wp\/v2\/users\/51"}],"replies":[{"embeddable":true,"href":"https:\/\/www.hashtag.al\/index.php\/wp-json\/wp\/v2\/comments?post=769449"}],"version-history":[{"count":99999,"href":"https:\/\/www.hashtag.al\/index.php\/wp-json\/wp\/v2\/posts\/769449\/revisions"}],"predecessor-version":[{"id":769453,"href":"https:\/\/www.hashtag.al\/index.php\/wp-json\/wp\/v2\/posts\/769449\/revisions\/769453"}],"wp:featuredmedia":[{"embeddable":true,"href":"https:\/\/www.hashtag.al\/index.php\/wp-json\/wp\/v2\/media\/769451"}],"wp:attachment":[{"href":"https:\/\/www.hashtag.al\/index.php\/wp-json\/wp\/v2\/media?parent=769449"}],"wp:term":[{"taxonomy":"category","embeddable":true,"href":"https:\/\/www.hashtag.al\/index.php\/wp-json\/wp\/v2\/categories?post=769449"},{"taxonomy":"post_tag","embeddable":true,"href":"https:\/\/www.hashtag.al\/index.php\/wp-json\/wp\/v2\/tags?post=769449"}],"curies":[{"name":"wp","href":"https:\/\/api.w.org\/{rel}","templated":true}]}}