{"id":769419,"date":"2025-11-04T09:15:56","date_gmt":"2025-11-04T08:15:56","guid":{"rendered":"https:\/\/www.hashtag.al\/?p=769419"},"modified":"2025-11-04T09:15:56","modified_gmt":"2025-11-04T08:15:56","slug":"peruja-nderpret-marredheniet-diplomatike-me-meksiken","status":"publish","type":"post","link":"https:\/\/www.hashtag.al\/index.php\/2025\/11\/04\/peruja-nderpret-marredheniet-diplomatike-me-meksiken\/","title":{"rendered":"Peruja nd\u00ebrpret marr\u00ebdh\u00ebniet diplomatike me Meksik\u00ebn","gt_translate_keys":[{"key":"rendered","format":"text"}]},"content":{"rendered":"<p data-start=\"117\" data-end=\"425\"><span style=\"color: #000000;\"><img loading=\"lazy\" decoding=\"async\" class=\"aligncenter wp-image-769420 size-full\" src=\"https:\/\/www.hashtag.al\/wp-content\/uploads\/2025\/11\/IMG_3343.jpeg\" alt=\"\" width=\"547\" height=\"365\" srcset=\"https:\/\/www.hashtag.al\/wp-content\/uploads\/2025\/11\/IMG_3343.jpeg 547w, https:\/\/www.hashtag.al\/wp-content\/uploads\/2025\/11\/IMG_3343-300x200.jpeg 300w\" sizes=\"auto, (max-width: 547px) 100vw, 547px\" \/><br \/>\nQeveria e Perus\u00eb njoftoi t\u00eb h\u00ebn\u00ebn se ka nd\u00ebrprer\u00eb marr\u00ebdh\u00ebniet diplomatike me Meksik\u00ebn, pasi ish-kryeministrja Betssy Ch\u00e1vez \u2013 e akuzuar p\u00ebr p\u00ebrfshirje n\u00eb p\u00ebrpjekjen p\u00ebr grusht shteti t\u00eb vitit 2022 nga ish-presidenti Pedro Castillo \u2013 ka marr\u00eb strehim politik n\u00eb ambasad\u00ebn meksikane n\u00eb Lima, p\u00ebrcjell <span style=\"color: #0000ff;\"><a style=\"color: #0000ff;\" href=\"https:\/\/www.dw.com\/en\/peru-breaks-diplomatic-relations-with-mexico\/a-74604428\">DW<\/a><\/span>.<\/span><\/p>\n<p data-start=\"429\" data-end=\"753\"><span style=\"color: #000000;\">\u201cSot m\u00ebsuam me habi dhe keqardhje t\u00eb thell\u00eb se ish-kryeministrja Betssy Ch\u00e1vez, e dyshuar si bashk\u00ebautore e grushtit t\u00eb shtetit t\u00eb tentuar nga ish-presidenti Pedro Castillo, po strehohet n\u00eb rezidenc\u00ebn e ambasad\u00ebs s\u00eb Meksik\u00ebs n\u00eb Peru,\u201d \u2013 deklaroi ministri i Jasht\u00ebm peruan, Hugo de Zela, gjat\u00eb nj\u00eb konference p\u00ebr shtyp.<\/span><\/p>\n<p data-start=\"755\" data-end=\"1004\"><span style=\"color: #000000;\">De Zela e p\u00ebrshkroi vendimin e Meksik\u00ebs si nj\u00eb \u201cakt jo miq\u00ebsor\u201d, duke shtuar se nd\u00ebrhyrjet e p\u00ebrs\u00ebritura t\u00eb autoriteteve meksikane n\u00eb \u00e7\u00ebshtjet e brendshme t\u00eb Perus\u00eb e detyruan qeverin\u00eb peruane t\u00eb nd\u00ebrpres\u00eb marr\u00ebdh\u00ebniet diplomatike me Meksik\u00ebn.<\/span><\/p>\n<p data-start=\"1068\" data-end=\"1442\"><span style=\"color: #000000;\">Marr\u00ebdh\u00ebniet midis dy vendeve jan\u00eb p\u00ebrkeq\u00ebsuar q\u00eb nga dhjetori 2022, kur Pedro Castillo, i zgjedhur me nj\u00eb platform\u00eb majtiste, u shkarkua dhe arrestua pasi tentoi t\u00eb shp\u00ebrndante Kongresin.<\/span><\/p>\n<p data-start=\"1068\" data-end=\"1442\"><span style=\"color: #000000;\">Pas k\u00ebtij episodi, Meksika i dha azil familjes s\u00eb Castillo-s, gj\u00eb q\u00eb \u00e7oi n\u00eb d\u00ebbimin e ambasadorit meksikan nga Lima dhe t\u00ebrheqjen e p\u00ebrkohshme t\u00eb ambasadorit peruan nga Meksika.<\/span><\/p>\n<p data-start=\"1444\" data-end=\"1611\"><span style=\"color: #000000;\">Presidentja e at\u00ebhershme e Perus\u00eb, Dina Boluarte, akuzoi ish-presidentin meksikan Andr\u00e9s Manuel L\u00f3pez Obrador p\u00ebr \u201cnd\u00ebrhyrje n\u00eb pun\u00ebt e brendshme t\u00eb vendit\u201d.<\/span><\/p>\n<p data-start=\"1653\" data-end=\"2000\"><span style=\"color: #000000;\">Castillo dhe Ch\u00e1vez dol\u00ebn n\u00eb gjyq n\u00eb mars t\u00eb k\u00ebtij viti, t\u00eb akuzuar p\u00ebr rebelim dhe shp\u00ebrdorim t\u00eb autoritetit.<\/span><\/p>\n<p data-start=\"1653\" data-end=\"2000\"><span style=\"color: #000000;\">Castillo ndodhet ende n\u00eb paraburgim, nd\u00ebrsa Ch\u00e1vez \u00ebsht\u00eb liruar me kusht. Prokuroria ka k\u00ebrkuar nj\u00eb d\u00ebnim prej 25 vitesh p\u00ebr ish-kryeministren, duke e akuzuar p\u00ebr bashk\u00ebpunim n\u00eb planin p\u00ebr shp\u00ebrndarjen e parlamentit.<\/span><\/p>\n<p data-start=\"2002\" data-end=\"2219\"><span style=\"color: #000000;\">N\u00eb nj\u00eb deklarat\u00eb t\u00eb m\u00ebparshme, Ch\u00e1vez ka mohuar se ka qen\u00eb n\u00eb dijeni t\u00eb planit t\u00eb Castillo-s dhe ka hedhur posht\u00eb pretendimet se ka tentuar t\u00eb arratisej n\u00eb ambasad\u00ebn e Meksik\u00ebs gjat\u00eb grushtit t\u00eb shtetit t\u00eb d\u00ebshtuar.<\/span><\/p>\n","protected":false,"gt_translate_keys":[{"key":"rendered","format":"html"}]},"excerpt":{"rendered":"<p>Qeveria e Perus\u00eb njoftoi t\u00eb h\u00ebn\u00ebn se ka nd\u00ebrprer\u00eb marr\u00ebdh\u00ebniet diplomatike me Meksik\u00ebn, pasi ish-kryeministrja Betssy Ch\u00e1vez \u2013 e akuzuar p\u00ebr p\u00ebrfshirje n\u00eb p\u00ebrpjekjen p\u00ebr grusht shteti t\u00eb vitit 2022 nga ish-presidenti Pedro Castillo \u2013 ka marr\u00eb strehim politik n\u00eb ambasad\u00ebn meksikane n\u00eb Lima, p\u00ebrcjell DW. \u201cSot m\u00ebsuam me habi dhe keqardhje t\u00eb thell\u00eb se [&hellip;]<\/p>\n","protected":false,"gt_translate_keys":[{"key":"rendered","format":"html"}]},"author":32,"featured_media":769420,"comment_status":"closed","ping_status":"open","sticky":false,"template":"","format":"standard","meta":{"footnotes":""},"categories":[6],"tags":[],"class_list":["post-769419","post","type-post","status-publish","format-standard","has-post-thumbnail","hentry","category-nderkombetare"],"gt_translate_keys":[{"key":"link","format":"url"}],"_links":{"self":[{"href":"https:\/\/www.hashtag.al\/index.php\/wp-json\/wp\/v2\/posts\/769419","targetHints":{"allow":["GET"]}}],"collection":[{"href":"https:\/\/www.hashtag.al\/index.php\/wp-json\/wp\/v2\/posts"}],"about":[{"href":"https:\/\/www.hashtag.al\/index.php\/wp-json\/wp\/v2\/types\/post"}],"author":[{"embeddable":true,"href":"https:\/\/www.hashtag.al\/index.php\/wp-json\/wp\/v2\/users\/32"}],"replies":[{"embeddable":true,"href":"https:\/\/www.hashtag.al\/index.php\/wp-json\/wp\/v2\/comments?post=769419"}],"version-history":[{"count":99999,"href":"https:\/\/www.hashtag.al\/index.php\/wp-json\/wp\/v2\/posts\/769419\/revisions"}],"predecessor-version":[{"id":769421,"href":"https:\/\/www.hashtag.al\/index.php\/wp-json\/wp\/v2\/posts\/769419\/revisions\/769421"}],"wp:featuredmedia":[{"embeddable":true,"href":"https:\/\/www.hashtag.al\/index.php\/wp-json\/wp\/v2\/media\/769420"}],"wp:attachment":[{"href":"https:\/\/www.hashtag.al\/index.php\/wp-json\/wp\/v2\/media?parent=769419"}],"wp:term":[{"taxonomy":"category","embeddable":true,"href":"https:\/\/www.hashtag.al\/index.php\/wp-json\/wp\/v2\/categories?post=769419"},{"taxonomy":"post_tag","embeddable":true,"href":"https:\/\/www.hashtag.al\/index.php\/wp-json\/wp\/v2\/tags?post=769419"}],"curies":[{"name":"wp","href":"https:\/\/api.w.org\/{rel}","templated":true}]}}