{"id":768858,"date":"2025-10-31T16:53:06","date_gmt":"2025-10-31T15:53:06","guid":{"rendered":"https:\/\/www.hashtag.al\/?p=768858"},"modified":"2025-10-31T17:52:13","modified_gmt":"2025-10-31T16:52:13","slug":"balluku-e-pandehur-per-tunelin-e-llogarase-spak-i-komunikon-akuzen-shkelje-me-tenderin-18-9-mld-leke","status":"publish","type":"post","link":"https:\/\/www.hashtag.al\/index.php\/2025\/10\/31\/balluku-e-pandehur-per-tunelin-e-llogarase-spak-i-komunikon-akuzen-shkelje-me-tenderin-18-9-mld-leke\/","title":{"rendered":"Balluku e pandehur p\u00ebr Tunelin e Llogaras\u00eb, SPAK: Shkelje me tenderin 18.9 mld lek\u00eb","gt_translate_keys":[{"key":"rendered","format":"text"}]},"content":{"rendered":"<p><span style=\"color: #000000;\"><img loading=\"lazy\" decoding=\"async\" class=\"alignnone size-medium wp-image-768848\" src=\"https:\/\/www.hashtag.al\/wp-content\/uploads\/2025\/10\/belinda-balluku-spak-8-e1761921990881-300x179.jpeg\" alt=\"\" width=\"300\" height=\"179\" srcset=\"https:\/\/www.hashtag.al\/wp-content\/uploads\/2025\/10\/belinda-balluku-spak-8-e1761921990881-300x179.jpeg 300w, https:\/\/www.hashtag.al\/wp-content\/uploads\/2025\/10\/belinda-balluku-spak-8-e1761921990881-768x459.jpeg 768w, https:\/\/www.hashtag.al\/wp-content\/uploads\/2025\/10\/belinda-balluku-spak-8-e1761921990881.jpeg 803w\" sizes=\"auto, (max-width: 300px) 100vw, 300px\" \/><\/span><\/p>\n<p><span style=\"color: #000000;\">Z\u00ebvend\u00ebskryeministrja dhe ministre e Infrastruktur\u00ebs, Belinda Balluku, \u00ebsht\u00eb marr\u00eb zyrtarisht e pandehur nga Prokuroria e Posa\u00e7me p\u00ebr vepr\u00ebn penale <em>\u201cShkelje e barazis\u00eb s\u00eb pjes\u00ebmarr\u00ebsve n\u00eb tendera apo ankande publike\u201d<\/em>, n\u00eb lidhje me projektin e tunelit t\u00eb Llogaras\u00eb me vler\u00eb 18.9 miliard\u00eb lek\u00eb pa TVSH.<\/span><\/p>\n<p><span style=\"color: #000000;\">Balluku u paraqit n\u00eb SPAK n\u00eb or\u00ebn 15:10 dhe q\u00ebndroi p\u00ebr rreth 50 minuta. N\u00eb dalje, ajo konfirmoi thirrjen p\u00ebr nj\u00eb \u00e7\u00ebshtje n\u00eb hetim, por nuk dha detaje mbi statusin e saj procedural.<\/span><\/p>\n<p><span style=\"color: #000000;\"><em>\u201cSi qytetare e Shqip\u00ebris\u00eb edhe zyrtare publike e shikoj si nj\u00eb proces, nj\u00eb proces si cili jam shpres\u00ebplot\u00eb q\u00eb do jet\u00eb i bazuar mbi transparenc\u00eb dhe mbi parimet drejt\u00ebsis\u00eb tek e cila besoj,\u201d<\/em> tha ajo.<\/span><\/p>\n<p><span style=\"color: #000000;\">Sipas njoftimit zyrtar t\u00eb SPAK, procedimi penal nr.136\/2025 \u00ebsht\u00eb bashkuar me dy dosje t\u00eb m\u00ebparshme dhe p\u00ebrfshin dyshime p\u00ebr shkelje n\u00eb prokurimin e dat\u00ebs 11 dhjetor 2020, t\u00eb anuluar dhe rihapur m\u00eb 22 qershor 2021.<\/span><\/p>\n<p><span style=\"color: #000000;\">Hetimi p\u00ebrfshin edhe zyrtar\u00eb t\u00eb tjer\u00eb, nd\u00ebrsa t\u00eb h\u00ebn\u00ebn pritet t\u00eb paraqitet n\u00eb SPAK kreu i ARRSH, Gentian Gjyli.<\/span><\/p>\n<p><span style=\"color: #000000;\"><strong>Njoftimi i SPAK<\/strong><\/span><\/p>\n<p><span style=\"color: #000000;\"><em>Prokuroria e Posa\u00e7me kund\u00ebr Korrupsionit dhe Krimit t\u00eb Organizuar po heton n\u00eb kuad\u00ebr t\u00eb procedimit penal nr.136 t\u00eb vitit 2025 (bashkuar me procedimet penale nr.167 dhe 181 t\u00eb vitit 2024), p\u00ebr vepr\u00ebn penale,\u201cShkelje e barazis\u00eb s\u00eb pjes\u00ebmarr\u00ebsve n\u00eb tendera apo ankande publike\u201d, parashikuar nga neni 258 i Kodit Penal.<\/em><\/span><\/p>\n<p><span style=\"color: #000000;\"><em>N\u00eb kuad\u00ebr t\u00eb hetimit t\u00eb k\u00ebtij procedimi penal, sot, m\u00eb 31.10.2025 i \u00ebsht\u00eb njoftuar akuza t\u00eb pandehur\u00ebs Belinda Balluku, me funksionin e lart\u00eb shtet\u00ebror, Minist\u00ebr i Ministris\u00eb s\u00eb Infrastruktur\u00ebs dhe Energjis\u00eb, akuzuar p\u00ebr kryerjen e vepr\u00ebs penale,\u201cShkelje e barazis\u00eb s\u00eb pjes\u00ebmarr\u00ebsve n\u00eb tendera apo ankande publike\u201d, n\u00eb bashk\u00ebpunim, parashikuar nga nenet, 258\/2 dhe 25 i Kodit Penal.<\/em><\/span><\/p>\n<p><span style=\"color: #000000;\"><em>Deri n\u00eb k\u00ebt\u00eb faz\u00eb t\u00eb hetimeve paraprake, faktet penale, objekt akuze n\u00eb ngarkim t\u00eb t\u00eb pandehur\u00ebs Belinda Balluku, kan\u00eb t\u00eb b\u00ebjn\u00eb me veprimet e saj, n\u00eb cil\u00ebsin\u00eb e Ministrit t\u00eb Ministris\u00eb s\u00eb Infrastruktur\u00ebs dhe Energjis\u00eb, p\u00ebr nj\u00ebr\u00ebn nga procedurat e prokurimit, objekt i k\u00ebtij hetimi, \u201cNd\u00ebrtimi i tunelit t\u00eb Llogaras\u00eb\u201d, n\u00eb seksionin rrugor Orikum-Himar\u00eb, pjes\u00eb e autostrad\u00ebs SH8 (Vlor\u00eb-Sarand\u00eb), zhvilluar n\u00eb dat\u00ebn 11.12.2020 dhe pas anulimit t\u00eb saj, procedura \u00ebsht\u00eb rihapur n\u00eb dat\u00ebn 22.6.2021, me fond limit, 18 967 810 952.08 (tet\u00ebmb\u00ebdhjet\u00eb miliard\u00eb e n\u00ebnt\u00ebqind e gjasht\u00ebdhjet\u00eb e shtat\u00eb milion\u00eb e tet\u00ebqind e dhjet\u00eb mij\u00eb e n\u00ebnt\u00ebqind e pes\u00ebdhjet\u00eb e dy (pik\u00eb) zero tet\u00eb) lek\u00eb pa TVSH.<\/em><\/span><\/p>\n<p><span style=\"color: #000000;\"><em>M\u00eb 21.10.2025, Prokuroria e Posa\u00e7me, si organ procedues ka njoftuar t\u00eb pandehur\u00ebn p\u00ebrmes shkres\u00ebs me num\u00ebr protokolli 37398. E pandehura, pasi mori dijeni, ka njoftuar m\u00eb 23.10.2025, organin procedues se nuk mund t\u00eb paraqitej n\u00eb dat\u00ebn dhe or\u00ebn e caktuar. Me an\u00eb t\u00eb nj\u00eb shkrese tjet\u00ebr, me num\u00ebr protokolli 37881, dat\u00eb 24.10.2025, Prokuroria e Posa\u00e7me k\u00ebrkoi paraqitjen e saj sot, m\u00eb 31 tetor, n\u00eb or\u00ebn 15:00<\/em><\/span><\/p>\n","protected":false,"gt_translate_keys":[{"key":"rendered","format":"html"}]},"excerpt":{"rendered":"<p>Z\u00ebvend\u00ebskryeministrja dhe ministre e Infrastruktur\u00ebs, Belinda Balluku, \u00ebsht\u00eb marr\u00eb zyrtarisht e pandehur nga Prokuroria e Posa\u00e7me p\u00ebr vepr\u00ebn penale \u201cShkelje e barazis\u00eb s\u00eb pjes\u00ebmarr\u00ebsve n\u00eb tendera apo ankande publike\u201d, n\u00eb lidhje me projektin e tunelit t\u00eb Llogaras\u00eb me vler\u00eb 18.9 miliard\u00eb lek\u00eb pa TVSH. Balluku u paraqit n\u00eb SPAK n\u00eb or\u00ebn 15:10 dhe q\u00ebndroi p\u00ebr [&hellip;]<\/p>\n","protected":false,"gt_translate_keys":[{"key":"rendered","format":"html"}]},"author":32,"featured_media":768848,"comment_status":"closed","ping_status":"open","sticky":false,"template":"","format":"standard","meta":{"footnotes":""},"categories":[22],"tags":[],"class_list":["post-768858","post","type-post","status-publish","format-standard","has-post-thumbnail","hentry","category-ballina"],"gt_translate_keys":[{"key":"link","format":"url"}],"_links":{"self":[{"href":"https:\/\/www.hashtag.al\/index.php\/wp-json\/wp\/v2\/posts\/768858","targetHints":{"allow":["GET"]}}],"collection":[{"href":"https:\/\/www.hashtag.al\/index.php\/wp-json\/wp\/v2\/posts"}],"about":[{"href":"https:\/\/www.hashtag.al\/index.php\/wp-json\/wp\/v2\/types\/post"}],"author":[{"embeddable":true,"href":"https:\/\/www.hashtag.al\/index.php\/wp-json\/wp\/v2\/users\/32"}],"replies":[{"embeddable":true,"href":"https:\/\/www.hashtag.al\/index.php\/wp-json\/wp\/v2\/comments?post=768858"}],"version-history":[{"count":99999,"href":"https:\/\/www.hashtag.al\/index.php\/wp-json\/wp\/v2\/posts\/768858\/revisions"}],"predecessor-version":[{"id":768860,"href":"https:\/\/www.hashtag.al\/index.php\/wp-json\/wp\/v2\/posts\/768858\/revisions\/768860"}],"wp:featuredmedia":[{"embeddable":true,"href":"https:\/\/www.hashtag.al\/index.php\/wp-json\/wp\/v2\/media\/768848"}],"wp:attachment":[{"href":"https:\/\/www.hashtag.al\/index.php\/wp-json\/wp\/v2\/media?parent=768858"}],"wp:term":[{"taxonomy":"category","embeddable":true,"href":"https:\/\/www.hashtag.al\/index.php\/wp-json\/wp\/v2\/categories?post=768858"},{"taxonomy":"post_tag","embeddable":true,"href":"https:\/\/www.hashtag.al\/index.php\/wp-json\/wp\/v2\/tags?post=768858"}],"curies":[{"name":"wp","href":"https:\/\/api.w.org\/{rel}","templated":true}]}}