{"id":768717,"date":"2025-10-31T09:11:38","date_gmt":"2025-10-31T08:11:38","guid":{"rendered":"https:\/\/www.hashtag.al\/?p=768717"},"modified":"2025-10-31T09:11:38","modified_gmt":"2025-10-31T08:11:38","slug":"roli-i-se-djathtes-ne-protestat-studentore-ne-serbi","status":"publish","type":"post","link":"https:\/\/www.hashtag.al\/index.php\/2025\/10\/31\/roli-i-se-djathtes-ne-protestat-studentore-ne-serbi\/","title":{"rendered":"Roli i s\u00eb djatht\u00ebs n\u00eb protestat studentore n\u00eb Serbi","gt_translate_keys":[{"key":"rendered","format":"text"}]},"content":{"rendered":"<p><span style=\"color: #000000;\"><img loading=\"lazy\" decoding=\"async\" class=\"aligncenter size-full wp-image-768718\" src=\"https:\/\/www.hashtag.al\/wp-content\/uploads\/2025\/10\/Screenshot-2025-10-31-084122.png\" alt=\"\" width=\"939\" height=\"460\" srcset=\"https:\/\/www.hashtag.al\/wp-content\/uploads\/2025\/10\/Screenshot-2025-10-31-084122.png 939w, https:\/\/www.hashtag.al\/wp-content\/uploads\/2025\/10\/Screenshot-2025-10-31-084122-300x147.png 300w, https:\/\/www.hashtag.al\/wp-content\/uploads\/2025\/10\/Screenshot-2025-10-31-084122-768x376.png 768w\" sizes=\"auto, (max-width: 939px) 100vw, 939px\" \/><\/span><\/p>\n<p><span style=\"color: #000000;\">As t\u00eb majt\u00eb, as t\u00eb djatht\u00eb, as qytetar\u00eb, as nacionalist\u00eb.<\/span><\/p>\n<p><span style=\"color: #000000;\">Megjith\u00ebse l\u00ebvizja studentore kishte marr\u00eb q\u00ebndrim t\u00eb mos shprehej p\u00ebr \u00e7\u00ebshtje q\u00eb mund ta polarizonin shoq\u00ebrin\u00eb n\u00eb Serbi, protestat e m\u00ebdha nj\u00ebvje\u00e7are kund\u00ebr Qeveris\u00eb jan\u00eb karakterizuar me devijime nacionaliste dhe djathtiste.<\/span><\/p>\n<p><span style=\"color: #000000;\">\u201cE djathta po p\u00ebrpi\u00e7et ta marr\u00eb patjet\u00ebr n\u00ebn kontroll protest\u00ebn, por ajo nuk \u00ebsht\u00eb aq e madhe. Vet\u00ebm \u00ebsht\u00eb m\u00eb e zhurmshme dhe m\u00eb e organizuar\u201d, tha p\u00ebr Sh\u00ebrbimin e Ballkanit t\u00eb Radios Evropa e Lir\u00eb (REL) politologu Dushko Radosavljevi\u00e7.<\/span><\/p>\n<p><span style=\"color: #000000;\">Nga ana tjet\u00ebr, protestat u sh\u00ebnuan edhe nga udh\u00ebtimi i student\u00ebve drejt selis\u00eb s\u00eb Bashkimit Evropian, bashkimi n\u00eb nj\u00eb shoq\u00ebri t\u00eb ndar\u00eb nga tensionet nd\u00ebretnike dhe mesazhi katartik i nj\u00eb pjes\u00ebmarr\u00ebsi serb t\u00eb luft\u00ebrave n\u00eb ish-Jugosllavi.<\/span><\/p>\n<p><span style=\"color: #000000;\">\u201cKam p\u00ebrshtypjen se shumica e student\u00ebve jan\u00eb k\u00ebtu p\u00ebr nj\u00eb q\u00ebllim t\u00eb vet\u00ebm: nd\u00ebrtimin e nj\u00eb shoq\u00ebrie t\u00eb sh\u00ebndetshme\u201d, tha p\u00ebr REL-in studenti i Fakultetit Filozofik n\u00eb Novi Sad, Boris Koj\u00e7inovi\u00e7.<\/span><\/p>\n<p><span style=\"color: #000000;\">T\u00eb nj\u00ebjtin mesazh e p\u00ebrcjellin edhe student\u00ebt nga Sanxhaku, n\u00eb jugper\u00ebndim t\u00eb Serbis\u00eb, zon\u00eb e banuar kryesisht me popullsi boshnjake.<\/span><\/p>\n<p><span style=\"color: #000000;\">Me mesazhin \u201cNuk do t\u00eb na ndani\u201d, ata ecin m\u00eb shum\u00eb se 400 kilometra p\u00ebr ta sh\u00ebnuar p\u00ebrvjetorin e tragjedis\u00eb n\u00eb Novi Sad.<\/span><\/p>\n<p><span style=\"color: #000000;\">K\u00ebrkesa kryesore e student\u00ebve ka t\u00eb b\u00ebj\u00eb me p\u00ebrgjegj\u00ebsin\u00eb p\u00ebr vdekjen e 16 njer\u00ebzve pas shembjes s\u00eb \u00e7atis\u00eb s\u00eb rind\u00ebrtuar n\u00eb stacionin hekurudhor n\u00eb at\u00eb qytet \u2013 ngjarje q\u00eb, si\u00e7 thon\u00eb ata, \u00ebsht\u00eb pasoj\u00eb e korrupsionit.<\/span><\/p>\n<p><span style=\"color: #000000;\">T\u00eb pak\u00ebnaqur me reagimin e autoriteteve, gjasht\u00eb muaj m\u00eb von\u00eb, ata shtuan edhe k\u00ebrkes\u00ebn p\u00ebr zgjedhje t\u00eb parakohshme.<\/span><\/p>\n<p><span style=\"color: #000000;\"><strong>\u201cNacionaliz\u00ebm apo patriotiz\u00ebm i sh\u00ebndetsh\u00ebm?\u201d<\/strong><\/span><\/p>\n<p><span style=\"color: #000000;\">\u201cN\u00eb nj\u00eb shoq\u00ebri ndarjesh ku jemi rritur t\u00eb gjith\u00eb, shum\u00eb student\u00eb nuk e perceptojn\u00eb si\u00e7 duhet \u00e7far\u00eb \u00ebsht\u00eb patriotizmi i sh\u00ebndetsh\u00ebm, dhe p\u00ebr k\u00ebt\u00eb arsye ndodhin disa devijime\u201d, theksoi studenti i Fakultetit Filozofik n\u00eb Novi Sad, Boris Koj\u00e7inovi\u00e7.<\/span><\/p>\n<p><span style=\"color: #000000;\">K\u00ebtu, sipas politologut Naim Leo Beshiri, shfaqen edhe sfidat me t\u00eb cilat p\u00ebrballet l\u00ebvizja studentore, konformizmi dhe p\u00ebrpjekja p\u00ebr t\u2019i joshur nj\u00ebkoh\u00ebsisht si votuesit e majt\u00eb, ashtu edhe ata t\u00eb djatht\u00eb.<\/span><\/p>\n<p><span style=\"color: #000000;\">\u201cNuk mund ta mundni pushtetin n\u00eb tem\u00ebn e nacionalizmit, sepse ai \u00ebsht\u00eb shum\u00eb p\u00ebrpara jush n\u00eb k\u00ebt\u00eb drejtim\u201d, thot\u00eb Beshiri.<\/span><\/p>\n<p><span style=\"color: #000000;\">Edhe Parlamenti Evropian, n\u00eb rezolut\u00ebn e fundit p\u00ebr Serbin\u00eb, ka shprehur shqet\u00ebsim p\u00ebr pranin\u00eb e narrativ\u00ebve nacionaliste \u201cn\u00eb disa pjes\u00eb t\u00eb l\u00ebvizjes protestuese\u201d.<\/span><\/p>\n<p><span style=\"color: #000000;\"><strong>Kush e \u201cmbron\u201d Kosov\u00ebn n\u00eb protesta?<\/strong><\/span><\/p>\n<p><span style=\"color: #000000;\">Edhe pse student\u00ebt kan\u00eb paralajm\u00ebruar se do t\u00eb marrin pjes\u00eb n\u00eb zgjedhjet q\u00eb Qeveria deri tani refuzon t\u2019i shpall\u00eb, p\u00ebrb\u00ebrja dhe programi i list\u00ebs s\u00eb tyre ende nuk jan\u00eb b\u00ebr\u00eb publike.<\/span><\/p>\n<p><span style=\"color: #000000;\">Megjithat\u00eb, n\u00eb muajin e shtat\u00eb t\u00eb protestave, p\u00ebrve\u00e7 k\u00ebrkesave p\u00ebr sundimin e ligjit dhe luft\u00ebn kund\u00ebr korrupsionit, ata kan\u00eb shtuar edhe nj\u00eb q\u00ebndrim p\u00ebr Kosov\u00ebn.<\/span><\/p>\n<p><span style=\"color: #000000;\">Ata jan\u00eb shprehur p\u00ebr \u201crespektimin e integritetit territorial, neutralitetin ushtarak dhe mbrojtjen e popullit serb n\u00eb Kosov\u00eb dhe rajon\u201d.<\/span><\/p>\n<p><span style=\"color: #000000;\">Para zgjedhjeve lokale t\u00eb tetorit n\u00eb Kosov\u00eb, student\u00ebt e Fakultetit Juridik n\u00eb Beograd organizuan nj\u00eb protest\u00eb ku k\u00ebrkuan \u201cp\u00ebrgjegj\u00ebsi nga t\u00eb gjith\u00eb ata q\u00eb shkelin t\u00eb drejtat e popullit serb\u201d.<\/span><\/p>\n<p><span style=\"color: #000000;\">Protest\u00ebn e shoq\u00ebroi nj\u00eb postim n\u00eb rrjetet sociale q\u00eb akuzonte Qeverin\u00eb serbe p\u00ebr \u201ctradhti\u201d ndaj Kosov\u00ebs.<\/span><\/p>\n<p><span style=\"color: #000000;\">Organizator\u00ebt e protest\u00ebs nga Fakulteti Juridik nuk iu p\u00ebrgjigj\u00ebn pyetjeve t\u00eb <a href=\"https:\/\/www.evropaelire.org\/a\/roli-djathtes-protesta-student-serbi\/33577033.html\"><strong><span style=\"color: #0000ff;\">REL-it<\/span><\/strong><\/a> p\u00ebr k\u00ebrkesat e tubimit, i cili ishte duksh\u00ebm m\u00eb i vog\u00ebl sesa protestat e tjera studentore. M\u00eb 11 tetor mor\u00ebn pjes\u00eb rreth nj\u00eb mij\u00eb persona.<\/span><\/p>\n<p><span style=\"color: #000000;\"><em>\u201cAi tubim kishte shum\u00eb elemente t\u00eb djathta dhe m\u00eb shum\u00eb m\u00eb ngjante me nj\u00eb takim tifoz\u00ebsh sesa me nj\u00eb protest\u00eb studentore\u201d<\/em>, tha p\u00ebr REL-in nj\u00eb student i Fakultetit Filozofik n\u00eb Beograd, i cili shtoi se \u201ce djathta n\u00eb l\u00ebvizjen studentore \u00ebsht\u00eb e pafuqishme, e fort\u00eb n\u00eb fjal\u00eb, e dob\u00ebt n\u00eb vepra\u201d.<\/span><\/p>\n<p><span style=\"color: #000000;\">Ai foli n\u00eb m\u00ebnyr\u00eb anonime, sepse respekton ende rregullin e l\u00ebvizjes studentore p\u00ebr t\u00eb mos dal\u00eb publikisht me tema q\u00eb nuk jan\u00eb pjes\u00eb e k\u00ebrkesave t\u00eb p\u00ebrbashk\u00ebta.<\/span><\/p>\n<p><span style=\"color: #000000;\">Kolegu i tij nga Novi Sadi, Boris Koj\u00e7inovi\u00e7, vler\u00ebson se tema e Kosov\u00ebs, \u201cme t\u00eb cil\u00ebn shum\u00eb politikan\u00eb jan\u00eb luajtur p\u00ebr dekada, vazhdon t\u00eb keqp\u00ebrdoret edhe sot\u201d.<\/span><\/p>\n<p><span style=\"color: #000000;\"><em>\u201cNjer\u00ebzit shpesh fokusohen te aspekti territorial dhe fetar, dhe pak mendojn\u00eb p\u00ebr jet\u00ebn e p\u00ebrditshme t\u00eb njer\u00ebzve q\u00eb jetojn\u00eb n\u00eb Kosov\u00eb\u201d,<\/em> n\u00ebnvizoi ai.<\/span><\/p>\n<p><span style=\"color: #000000;\">Kosova shpalli pavar\u00ebsin\u00eb n\u00eb vitin 2008, t\u00eb cil\u00ebn Serbia ende nuk e njeh dhe e konsideron krahin\u00eb t\u00eb saj. Ky q\u00ebndrim \u00ebsht\u00eb i p\u00ebrfshir\u00eb edhe n\u00eb Kushtetut\u00ebn e Serbis\u00eb t\u00eb vitit 2006.<\/span><\/p>\n<p><span style=\"color: #000000;\">Sipas nj\u00eb studimi t\u00eb Organizat\u00ebs Kulmore t\u00eb t\u00eb Rinjve t\u00eb Serbis\u00eb n\u00eb vitin 2025, m\u00eb shum\u00eb se 30 p\u00ebr qind e t\u00eb anketuarve nga mosha 15 deri n\u00eb 30 vje\u00e7are mendojn\u00eb se Beogradi duhet t\u00eb punoj\u00eb p\u00ebr pajtimin mes serb\u00ebve dhe shqiptar\u00ebve, nd\u00ebrsa \u00e7\u00ebshtja e statusit t\u00eb Kosov\u00ebs t\u00eb lihet p\u00ebr m\u00eb von\u00eb.<\/span><\/p>\n<p><span style=\"color: #000000;\">Ndryshe nga dy vjet\u00ebt e kaluara, kur p\u00ebrgjigjja m\u00eb e p\u00ebrhapur ishte se Serbia \u201cduhet ta rikthej\u00eb Kosov\u00ebn me mjete ushtarake\u201d, tani k\u00ebt\u00eb q\u00ebndrim e mbajn\u00eb vet\u00ebm rreth 13 p\u00ebr qind e t\u00eb rinjve.<\/span><\/p>\n<p><span style=\"color: #000000;\"><strong>Cili \u00ebsht\u00eb roli i ekstremit t\u00eb djatht\u00eb?<\/strong><\/span><\/p>\n<p><span style=\"color: #000000;\">\u201cP\u00ebr mbrojtjen\u201d e serb\u00ebve n\u00eb protest\u00ebn e 11 tetorit u bashkuan edhe p\u00ebrfaq\u00ebsues t\u00eb grupeve t\u00eb ekstremit t\u00eb djatht\u00eb, disa prej t\u00eb cilave jan\u00eb ndaluar nga Gjykata Kushtetuese e Serbis\u00eb.<\/span><\/p>\n<p><span style=\"color: #000000;\">Nuk ishte hera e par\u00eb q\u00eb ata shfaqeshin n\u00eb protestat studentore.<\/span><\/p>\n<p><span style=\"color: #000000;\">\u201cSipas mendimit tim, asnj\u00eb organizat\u00eb ekstremiste nuk \u00ebsht\u00eb e mir\u00ebpritur n\u00eb l\u00ebvizjen ton\u00eb, por \u00ebsht\u00eb e pamundur t\u00eb kontrollojm\u00eb n\u00eb nj\u00eb turm\u00eb kaq t\u00eb madhe se kush \u00ebsht\u00eb i pranish\u00ebm\u201d, shtoi p\u00ebr REL-in nj\u00eb tjet\u00ebr student q\u00eb nuk d\u00ebshiron t\u00eb identifikohet.<\/span><\/p>\n<p><span style=\"color: #000000;\">Ai theksoi se pushteti po b\u00ebn gjithnj\u00eb e m\u00eb shum\u00eb p\u00ebrpjekje p\u00ebr ta diskredituar l\u00ebvizjen e tyre.<\/span><\/p>\n<p><span style=\"color: #000000;\">\u00a0\u201cDuan t\u00eb na paraqesin si \u2018revolucion me ngjyra\u2019 apo si ekstremist\u00eb, por nuk e kuptojn\u00eb se themelet tona jan\u00eb po aq t\u00eb forta sa n\u00eb dhjetorin e kaluar, kur nis\u00ebm protestat\u201d, shtoi studenti i Fakultetit Elektroteknik n\u00eb Beograd.<\/span><\/p>\n<p><span style=\"color: #000000;\">Qeveria serbe ndan t\u00eb nj\u00ebjtin q\u00ebndrim me at\u00eb t\u00eb Rusis\u00eb zyrtare, e cila, pa ofruar prova, p\u00ebrs\u00ebrit akuzat se sh\u00ebrbimet per\u00ebndimore q\u00ebndrojn\u00eb pas p\u00ebrpjekjeve p\u00ebr nj\u00eb \u201crevolucion me ngjyra\u201d \u2013 term q\u00eb Kremlini p\u00ebrdor p\u00ebr t\u00eb p\u00ebrshkruar rr\u00ebzimet e regjimeve autoritare n\u00eb ish-republikat sovjetike.<\/span><\/p>\n<p><span style=\"color: #000000;\">N\u00eb k\u00ebt\u00eb kontekst, politologu Dushko Radosavljevi\u00e7 e interpreton edhe shfaqjen e ekstremit t\u00eb djatht\u00eb n\u00eb demonstrata.<\/span><\/p>\n<p><span style=\"color: #000000;\">\u201cShpesh \u00ebsht\u00eb nj\u00eb skenar i sh\u00ebrbimeve t\u00eb siguris\u00eb, t\u00eb cilat jan\u00eb n\u00eb list\u00ebn e pagave t\u00eb shtetit dhe p\u00ebrmes k\u00ebsaj krijojn\u00eb konfuzion\u201d, vler\u00ebsoi ai.<\/span><\/p>\n<p><span style=\"color: #000000;\"><strong>Devijimet e protestave<\/strong><\/span><\/p>\n<p><span style=\"color: #000000;\">P\u00ebrkund\u00ebr deklaratave se distancohen nga t\u00eb gjitha opsionet politike, protesta studentore e 28 qershorit, n\u00eb fest\u00ebn fetare t\u00eb Vidovdanit, mori nj\u00eb kthes\u00eb drejt t\u00eb djatht\u00ebs.<\/span><\/p>\n<p><span style=\"color: #000000;\">Kjo dit\u00eb lidhet me betej\u00ebn mesjetare t\u00eb Kosov\u00ebs, nga e cila buron miti q\u00eb nacionalist\u00ebt serb\u00eb e p\u00ebrdor\u00ebn n\u00eb luft\u00ebrat e viteve \u201890 n\u00eb hap\u00ebsir\u00ebn e ish-Jugosllavis\u00eb.<\/span><\/p>\n<p><span style=\"color: #000000;\">Lufta e fundit e Serbis\u00eb u zhvillua n\u00eb Kosov\u00eb. Nga viti 1998 deri n\u00eb 1999 u vran\u00eb mbi 13.000 civil\u00eb, kryesisht shqiptar\u00eb, dhe krimet e forcave serbe jan\u00eb konfirmuar nga gjykatat nd\u00ebrkomb\u00ebtare n\u00eb Hag\u00eb.<\/span><\/p>\n<p><span style=\"color: #000000;\">N\u00eb protest\u00ebn e 28 qershorit u d\u00ebgjuan s\u00ebrish thirrje p\u00ebr \u201cmbrojtjen e popullit serb jasht\u00eb Serbis\u00eb\u201d \u2013 slogane q\u00eb n\u00eb vitet \u201990 kishin nxitur luft\u00ebra.<\/span><\/p>\n<p><span style=\"color: #000000;\">\u201cFol\u00ebsit u zgjodh\u00ebn p\u00ebr t\u00eb theksuar, nga nj\u00ebra an\u00eb, pluralitetin brenda l\u00ebvizjes, por edhe t\u00eb gjith\u00eb shoq\u00ebris\u00eb; dhe nga ana tjet\u00ebr, unitetin n\u00eb q\u00ebllimin p\u00ebr t\u00eb rr\u00ebzuar regjimin dhe nd\u00ebrtuar nj\u00eb sistem t\u00eb ri\u201d, tha studenti i Fakultetit Elektroteknik n\u00eb Beograd.<\/span><\/p>\n<p><span style=\"color: #000000;\">Nj\u00eb nga protestuesit, Stefani nga Zrenjanini, tha p\u00ebr REL-in se mb\u00ebshtet mesazhet e protest\u00ebs s\u00eb Vidovdanit.<\/span><\/p>\n<p><span style=\"color: #000000;\">\u201cJam krenar kur luftojm\u00eb p\u00ebr interesat tona komb\u00ebtare, p\u00ebr Kosov\u00ebn dhe Metohin\u00eb. Vu\u00e7i\u00e7 i ka shitur t\u00eb gjitha, dhe tani \u00ebsht\u00eb radha jon\u00eb t\u00eb kthehemi te vlerat e v\u00ebrteta dhe t\u00eb mb\u00ebshtesim t\u00eb gjith\u00eb serb\u00ebt \u2013 ne jemi nj\u00eb komb\u201d, theksoi ai.<\/span><\/p>\n<p><span style=\"color: #000000;\">Nga ana tjet\u00ebr, Milica nga Beogradi tha se devijimet nga e djathta e kan\u00eb larguar nga protesta.<\/span><\/p>\n<p><span style=\"color: #000000;\">\u00a0\u201cK\u00ebto nuk jan\u00eb vlerat q\u00eb un\u00eb p\u00ebrfaq\u00ebsoj dhe nuk dua t\u00eb q\u00ebndroj pas atyre mesazheve. N\u00ebse duan mb\u00ebshtetjen time dhe vot\u00ebn time n\u00eb ndonj\u00eb zgjedhje t\u00eb ardhshme, duhet t\u00eb distancohen qart\u00eb nga kjo\u201d, tha ajo.<\/span><\/p>\n<p><span style=\"color: #000000;\">Aktivisti i vjet\u00ebr nga Beogradi, Millosh, n\u00ebnvizoi se protesta e Vidovdanit p\u00ebr t\u00eb ishte befasi e pak\u00ebndshme, por q\u00eb nuk e ka penguar t\u00eb vazhdoj\u00eb pjes\u00ebmarrjen.<\/span><\/p>\n<p><span style=\"color: #000000;\">\u201cMe nj\u00eb kok\u00eb m\u00eb t\u00eb ftoht\u00eb, e racionalizova at\u00eb devijim kah e djathta si pasoj\u00eb t\u00eb vendimit t\u00eb student\u00ebve p\u00ebr t\u00eb hyr\u00eb n\u00eb zgjedhje. Si nj\u00eb form\u00eb populizmi p\u00ebr t\u00eb t\u00ebrhequr masa m\u00eb t\u00eb gjera\u201d, tha ai.<\/span><\/p>\n<p><span style=\"color: #000000;\"><strong>A ka q\u00ebndrim p\u00ebr BE-n\u00eb?<\/strong><\/span><\/p>\n<p><span style=\"color: #000000;\">Protestat jan\u00eb shoq\u00ebruar me simbole fetare dhe flamuj me hart\u00ebn e Kosov\u00ebs dhe tri ngjyrat serbe, me mbishkrimin \u201cS\u2019ka dor\u00ebzim\u201d, nd\u00ebrsa flamujt e BE-s\u00eb disa her\u00eb jan\u00eb hequr nga demonstratat.<\/span><\/p>\n<p><span style=\"color: #000000;\">\u201cStudent\u00ebt me orientim liberal nuk do ta ndalojn\u00eb as flamurin \u2018S\u2019ka dor\u00ebzim\u2019, as flamurin e Bashkimit Evropian. Nd\u00ebrsa student\u00ebt e djatht\u00eb do t\u00eb mbajn\u00eb flamurin \u2018S\u2019ka dor\u00ebzim\u2019, dhe aty BE-ja nuk ka vend\u201d, tha Boris Koj\u00e7inovi\u00e7.<\/span><\/p>\n<p><span style=\"color: #000000;\">Student\u00ebt nuk kan\u00eb dal\u00eb me nj\u00eb q\u00ebndrim t\u00eb qart\u00eb p\u00ebr marr\u00ebdh\u00ebniet e Serbis\u00eb me BE-n\u00eb, t\u00eb cil\u00ebs vendi i tyre synon t\u2019i bashkohet nj\u00eb dit\u00eb.<\/span><\/p>\n<p><span style=\"color: #000000;\">\u201cTani nuk duhet t\u00eb mendojm\u00eb p\u00ebr k\u00ebt\u00eb, sepse q\u00ebllimi kryesor \u00ebsht\u00eb t\u00eb eliminojm\u00eb gjith\u00e7ka q\u00eb na ndan. Kur t\u00eb vij\u00eb nj\u00eb qeveri e re dhe t\u00eb ket\u00eb zgjedhje t\u00eb lira, do t\u00eb mund t\u00eb diskutojm\u00eb n\u00ebse jemi p\u00ebr BE-n\u00eb apo p\u00ebr Rusin\u00eb\u201d, tha studenti i Fakultetit Elektroteknik n\u00eb Beograd.<\/span><\/p>\n<p><span style=\"color: #000000;\">T\u00eb nj\u00ebjtin mendim ndan edhe kolegu i tij nga Novi Sadi.<\/span><\/p>\n<p><span style=\"color: #000000;\">\u201cPor, nuk mund t\u2019i kuptoj njer\u00ebzit q\u00eb duan shoq\u00ebri demokratike, por kthejn\u00eb syt\u00eb nga Rusia. Mendoj se kjo vjen nga narrativi se rus\u00ebt jan\u00eb v\u00ebllez\u00ebrit tan\u00eb, e per\u00ebndimor\u00ebt armi\u00e7t\u00eb tan\u00eb\u201d , tha Koj\u00e7inovi\u00e7.<\/span><\/p>\n<p><span style=\"color: #000000;\">Edhe pas pushtimit rus t\u00eb Ukrain\u00ebs, Serbia vazhdon politik\u00ebn e balancimit mes Lindjes dhe Per\u00ebndimit, dhe p\u00ebr k\u00ebt\u00eb arsye nuk e harmonizon politik\u00ebn e saj t\u00eb jashtme me BE-n\u00eb.<\/span><\/p>\n<p><span style=\"color: #000000;\">Ky q\u00ebndrim i presidentit Aleksandar Vu\u00e7i\u00e7 g\u00ebzon mb\u00ebshtetjen e shumic\u00ebs s\u00eb t\u00eb rinjve, tregon hulumtimi i Organizat\u00ebs Kulmore t\u00eb t\u00eb Rinjve t\u00eb Serbis\u00eb.<\/span><\/p>\n<p><span style=\"color: #000000;\">\u201cStudent\u00ebt nuk jan\u00eb koherent\u00eb \u2013 ka prej tyre shum\u00eb t\u00eb majt\u00eb dhe shum\u00eb t\u00eb djatht\u00eb. U mungon p\u00ebrvoja politike dhe \u00ebsht\u00eb p\u00ebr t\u00eb ardhur keq q\u00eb nuk i kan\u00eb zgjatur dor\u00ebn as nj\u00eb pjese t\u00eb opozit\u00ebs dhe as organizatave t\u00eb shoq\u00ebris\u00eb civile\u201d, shtoi politologu Beshiri.<\/span><\/p>\n<p><span style=\"color: #000000;\">Nj\u00eb vit pas fillimit t\u00eb protestave, lidhja e tyre m\u00eb e fort\u00eb mbetet k\u00ebrkesa p\u00ebr luft\u00eb kund\u00ebr korrupsionit.<\/span><\/p>\n","protected":false,"gt_translate_keys":[{"key":"rendered","format":"html"}]},"excerpt":{"rendered":"<p>As t\u00eb majt\u00eb, as t\u00eb djatht\u00eb, as qytetar\u00eb, as nacionalist\u00eb. Megjith\u00ebse l\u00ebvizja studentore kishte marr\u00eb q\u00ebndrim t\u00eb mos shprehej p\u00ebr \u00e7\u00ebshtje q\u00eb mund ta polarizonin shoq\u00ebrin\u00eb n\u00eb Serbi, protestat e m\u00ebdha nj\u00ebvje\u00e7are kund\u00ebr Qeveris\u00eb jan\u00eb karakterizuar me devijime nacionaliste dhe djathtiste. \u201cE djathta po p\u00ebrpi\u00e7et ta marr\u00eb patjet\u00ebr n\u00ebn kontroll protest\u00ebn, por ajo nuk \u00ebsht\u00eb [&hellip;]<\/p>\n","protected":false,"gt_translate_keys":[{"key":"rendered","format":"html"}]},"author":49,"featured_media":768718,"comment_status":"closed","ping_status":"open","sticky":false,"template":"","format":"standard","meta":{"footnotes":""},"categories":[6],"tags":[],"class_list":["post-768717","post","type-post","status-publish","format-standard","has-post-thumbnail","hentry","category-nderkombetare"],"gt_translate_keys":[{"key":"link","format":"url"}],"_links":{"self":[{"href":"https:\/\/www.hashtag.al\/index.php\/wp-json\/wp\/v2\/posts\/768717","targetHints":{"allow":["GET"]}}],"collection":[{"href":"https:\/\/www.hashtag.al\/index.php\/wp-json\/wp\/v2\/posts"}],"about":[{"href":"https:\/\/www.hashtag.al\/index.php\/wp-json\/wp\/v2\/types\/post"}],"author":[{"embeddable":true,"href":"https:\/\/www.hashtag.al\/index.php\/wp-json\/wp\/v2\/users\/49"}],"replies":[{"embeddable":true,"href":"https:\/\/www.hashtag.al\/index.php\/wp-json\/wp\/v2\/comments?post=768717"}],"version-history":[{"count":99999,"href":"https:\/\/www.hashtag.al\/index.php\/wp-json\/wp\/v2\/posts\/768717\/revisions"}],"predecessor-version":[{"id":768719,"href":"https:\/\/www.hashtag.al\/index.php\/wp-json\/wp\/v2\/posts\/768717\/revisions\/768719"}],"wp:featuredmedia":[{"embeddable":true,"href":"https:\/\/www.hashtag.al\/index.php\/wp-json\/wp\/v2\/media\/768718"}],"wp:attachment":[{"href":"https:\/\/www.hashtag.al\/index.php\/wp-json\/wp\/v2\/media?parent=768717"}],"wp:term":[{"taxonomy":"category","embeddable":true,"href":"https:\/\/www.hashtag.al\/index.php\/wp-json\/wp\/v2\/categories?post=768717"},{"taxonomy":"post_tag","embeddable":true,"href":"https:\/\/www.hashtag.al\/index.php\/wp-json\/wp\/v2\/tags?post=768717"}],"curies":[{"name":"wp","href":"https:\/\/api.w.org\/{rel}","templated":true}]}}