{"id":768301,"date":"2025-10-29T14:05:38","date_gmt":"2025-10-29T13:05:38","guid":{"rendered":"https:\/\/www.hashtag.al\/?p=768301"},"modified":"2025-10-29T14:05:38","modified_gmt":"2025-10-29T13:05:38","slug":"berisha-2-2-miliarde-euro-abuzime-ne-dosje-balluku-do-te-merret-e-pandehur-vetem-per-1-milion","status":"publish","type":"post","link":"https:\/\/www.hashtag.al\/index.php\/2025\/10\/29\/berisha-2-2-miliarde-euro-abuzime-ne-dosje-balluku-do-te-merret-e-pandehur-vetem-per-1-milion\/","title":{"rendered":"Berisha: 2.2 miliard\u00eb euro abuzime n\u00eb dosje, Balluku do t\u00eb merret e pandehur vet\u00ebm p\u00ebr 1 milion","gt_translate_keys":[{"key":"rendered","format":"text"}]},"content":{"rendered":"<p><span style=\"color: #000000;\"><img loading=\"lazy\" decoding=\"async\" class=\"alignnone size-medium wp-image-768302\" src=\"https:\/\/www.hashtag.al\/wp-content\/uploads\/2025\/10\/Screenshot-2025-10-29-060358-300x197.png\" alt=\"\" width=\"300\" height=\"197\" srcset=\"https:\/\/www.hashtag.al\/wp-content\/uploads\/2025\/10\/Screenshot-2025-10-29-060358-300x197.png 300w, https:\/\/www.hashtag.al\/wp-content\/uploads\/2025\/10\/Screenshot-2025-10-29-060358.png 575w\" sizes=\"auto, (max-width: 300px) 100vw, 300px\" \/><\/span><\/p>\n<p><span style=\"color: #000000;\">Kreu i Partis\u00eb Demokratike, Sali Berisha, ka akuzuar z\u00ebvend\u00ebskryeministren Belinda Balluku p\u00ebr p\u00ebrfshirje n\u00eb abuzime masive me fondet publike, duke deklaruar se n\u00eb dosjen hetimore t\u00eb SPAK ndaj saj figurojn\u00eb 2.2 miliard\u00eb euro d\u00ebme.<\/span><\/p>\n<p><span style=\"color: #000000;\">Gjat\u00eb mbledhjes s\u00eb grupit parlamentar demokrat, Berisha tha se pavar\u00ebsisht shifr\u00ebs s\u00eb lart\u00eb t\u00eb abuzimeve, Balluku do t\u00eb merret e pandehur vet\u00ebm p\u00ebr nj\u00eb afer\u00eb q\u00eb kap vler\u00ebn e 1 milion eurove, ose edhe m\u00eb pak.<\/span><\/p>\n<p><span style=\"color: #000000;\">Ai hodhi dyshime t\u00eb forta p\u00ebr mbylljen e dosjeve n\u00eb Prokurorin\u00eb e Posa\u00e7me p\u00ebrmes pagesave korruptive.<\/span><\/p>\n<p><span style=\"color: #000000;\"><em>\u201cN\u00eb dosjen e Lubi Ballukut jan\u00eb t\u00eb qarta si kristali mbi 2.2 miliard\u00eb euro. Lubia do t\u00eb merret e pandehur p\u00ebr 1 milion euro, apo mbase dhe m\u00eb pak. E v\u00ebrteta \u00ebsht\u00eb se dosjet mbyllen me qese parash dhe kjo \u00ebsht\u00eb e tmerrshme p\u00ebr k\u00ebt\u00eb vend\u201d<\/em> \u2013 deklaroi Berisha.<\/span><\/p>\n","protected":false,"gt_translate_keys":[{"key":"rendered","format":"html"}]},"excerpt":{"rendered":"<p>Kreu i Partis\u00eb Demokratike, Sali Berisha, ka akuzuar z\u00ebvend\u00ebskryeministren Belinda Balluku p\u00ebr p\u00ebrfshirje n\u00eb abuzime masive me fondet publike, duke deklaruar se n\u00eb dosjen hetimore t\u00eb SPAK ndaj saj figurojn\u00eb 2.2 miliard\u00eb euro d\u00ebme. Gjat\u00eb mbledhjes s\u00eb grupit parlamentar demokrat, Berisha tha se pavar\u00ebsisht shifr\u00ebs s\u00eb lart\u00eb t\u00eb abuzimeve, Balluku do t\u00eb merret e pandehur [&hellip;]<\/p>\n","protected":false,"gt_translate_keys":[{"key":"rendered","format":"html"}]},"author":32,"featured_media":768302,"comment_status":"closed","ping_status":"open","sticky":false,"template":"","format":"standard","meta":{"footnotes":""},"categories":[65],"tags":[],"class_list":["post-768301","post","type-post","status-publish","format-standard","has-post-thumbnail","hentry","category-lajme"],"gt_translate_keys":[{"key":"link","format":"url"}],"_links":{"self":[{"href":"https:\/\/www.hashtag.al\/index.php\/wp-json\/wp\/v2\/posts\/768301","targetHints":{"allow":["GET"]}}],"collection":[{"href":"https:\/\/www.hashtag.al\/index.php\/wp-json\/wp\/v2\/posts"}],"about":[{"href":"https:\/\/www.hashtag.al\/index.php\/wp-json\/wp\/v2\/types\/post"}],"author":[{"embeddable":true,"href":"https:\/\/www.hashtag.al\/index.php\/wp-json\/wp\/v2\/users\/32"}],"replies":[{"embeddable":true,"href":"https:\/\/www.hashtag.al\/index.php\/wp-json\/wp\/v2\/comments?post=768301"}],"version-history":[{"count":99999,"href":"https:\/\/www.hashtag.al\/index.php\/wp-json\/wp\/v2\/posts\/768301\/revisions"}],"predecessor-version":[{"id":768303,"href":"https:\/\/www.hashtag.al\/index.php\/wp-json\/wp\/v2\/posts\/768301\/revisions\/768303"}],"wp:featuredmedia":[{"embeddable":true,"href":"https:\/\/www.hashtag.al\/index.php\/wp-json\/wp\/v2\/media\/768302"}],"wp:attachment":[{"href":"https:\/\/www.hashtag.al\/index.php\/wp-json\/wp\/v2\/media?parent=768301"}],"wp:term":[{"taxonomy":"category","embeddable":true,"href":"https:\/\/www.hashtag.al\/index.php\/wp-json\/wp\/v2\/categories?post=768301"},{"taxonomy":"post_tag","embeddable":true,"href":"https:\/\/www.hashtag.al\/index.php\/wp-json\/wp\/v2\/tags?post=768301"}],"curies":[{"name":"wp","href":"https:\/\/api.w.org\/{rel}","templated":true}]}}