{"id":768030,"date":"2025-10-27T21:31:48","date_gmt":"2025-10-27T20:31:48","guid":{"rendered":"https:\/\/www.hashtag.al\/?p=768030"},"modified":"2025-10-27T21:31:48","modified_gmt":"2025-10-27T20:31:48","slug":"njeri-qe-fle-ne-kembe-edi-rama-i-nderhyn-me-telefonata-berisha-per-dumanin","status":"publish","type":"post","link":"https:\/\/www.hashtag.al\/index.php\/2025\/10\/27\/njeri-qe-fle-ne-kembe-edi-rama-i-nderhyn-me-telefonata-berisha-per-dumanin\/","title":{"rendered":"\u201cNjeri q\u00eb fle n\u00eb k\u00ebmb\u00eb, Edi Rama i nd\u00ebrhyn me telefonata\u201d &#8211; Berisha p\u00ebr Dumanin","gt_translate_keys":[{"key":"rendered","format":"text"}]},"content":{"rendered":"<p><a href=\"https:\/\/www.hashtag.al\/wp-content\/uploads\/2025\/10\/image-4.jpg\"><img loading=\"lazy\" decoding=\"async\" class=\"aligncenter size-full wp-image-768031\" src=\"https:\/\/www.hashtag.al\/wp-content\/uploads\/2025\/10\/image-4.jpg\" alt=\"\" width=\"600\" height=\"293\" srcset=\"https:\/\/www.hashtag.al\/wp-content\/uploads\/2025\/10\/image-4.jpg 600w, https:\/\/www.hashtag.al\/wp-content\/uploads\/2025\/10\/image-4-300x147.jpg 300w\" sizes=\"auto, (max-width: 600px) 100vw, 600px\" \/><\/a><\/p>\n<p><span style=\"color: #000000;\">Berisha nuk i ndali sulmet ndaj kreut t\u00eb SPAK-ut Dumani teksa ky i fundit raportoi n\u00eb Kuvend.\u00a0<\/span><\/p>\n<p><span style=\"color: #000000;\">Ai e quajti \u201cavokat privat t\u00eb familjes Rama\u201d, \u201cavokat t\u00eb t\u00eb gjitha vjedhjeve t\u00eb m\u00ebdha\u201d, \u201cmashtrues ordiner\u201d e epitete t\u00eb tjera.\u00a0<\/span><\/p>\n<p><span style=\"color: #000000;\">Kryedemokrati shtoi se Dumani \u00ebsht\u00eb njeri q\u00eb fle n\u00eb k\u00ebmb\u00eb nd\u00ebrsa p\u00ebr prokuror\u00ebt e SPAK-ut tha se flen\u00eb mbi dosje.<\/span><\/p>\n<p><span style=\"color: #000000;\"><em>\u201cNjeriu q\u00eb fle n\u00eb k\u00ebmb\u00eb, nuk harxhoj koh\u00eb me t\u00eb. Por p\u00ebr qytetar\u00ebt duhet t\u00eb qart\u00ebsoj se n\u00eb vitin 2015, nd\u00ebrhyrja e qeveris\u00eb n\u00eb vendimet civile, Shqip\u00ebria renditej n\u00eb vendin e 64, sot \u00ebsht\u00eb p\u00ebrkeq\u00ebsuar dyfish, renditet n\u00eb vendin e 110 m\u00eb keq. P\u00ebr nd\u00ebrhyrjen e qeveris\u00eb n\u00eb vendimet penale, pra p\u00ebr telefonatat e Edi Ram\u00ebs tek Altin Troplini, n\u00eb vitin 2015 ishte n\u00eb vendin e 62, sot \u00ebsht\u00eb n\u00eb vendin e 106, \u00ebsht\u00eb p\u00ebrkeq\u00ebsuar pra me 100 p\u00ebrqind. Dhe p\u00ebrpiqeni t\u00eb mburreni me p\u00ebrmbysjen e nj\u00eb standardi.\u201d<\/em> &#8211; tha Berisha.<\/span><\/p>\n<p>&nbsp;<\/p>\n","protected":false,"gt_translate_keys":[{"key":"rendered","format":"html"}]},"excerpt":{"rendered":"<p>Berisha nuk i ndali sulmet ndaj kreut t\u00eb SPAK-ut Dumani teksa ky i fundit raportoi n\u00eb Kuvend.\u00a0 Ai e quajti \u201cavokat privat t\u00eb familjes Rama\u201d, \u201cavokat t\u00eb t\u00eb gjitha vjedhjeve t\u00eb m\u00ebdha\u201d, \u201cmashtrues ordiner\u201d e epitete t\u00eb tjera.\u00a0 Kryedemokrati shtoi se Dumani \u00ebsht\u00eb njeri q\u00eb fle n\u00eb k\u00ebmb\u00eb nd\u00ebrsa p\u00ebr prokuror\u00ebt e SPAK-ut tha se [&hellip;]<\/p>\n","protected":false,"gt_translate_keys":[{"key":"rendered","format":"html"}]},"author":51,"featured_media":768031,"comment_status":"closed","ping_status":"open","sticky":false,"template":"","format":"standard","meta":{"footnotes":""},"categories":[65],"tags":[],"class_list":["post-768030","post","type-post","status-publish","format-standard","has-post-thumbnail","hentry","category-lajme"],"gt_translate_keys":[{"key":"link","format":"url"}],"_links":{"self":[{"href":"https:\/\/www.hashtag.al\/index.php\/wp-json\/wp\/v2\/posts\/768030","targetHints":{"allow":["GET"]}}],"collection":[{"href":"https:\/\/www.hashtag.al\/index.php\/wp-json\/wp\/v2\/posts"}],"about":[{"href":"https:\/\/www.hashtag.al\/index.php\/wp-json\/wp\/v2\/types\/post"}],"author":[{"embeddable":true,"href":"https:\/\/www.hashtag.al\/index.php\/wp-json\/wp\/v2\/users\/51"}],"replies":[{"embeddable":true,"href":"https:\/\/www.hashtag.al\/index.php\/wp-json\/wp\/v2\/comments?post=768030"}],"version-history":[{"count":99999,"href":"https:\/\/www.hashtag.al\/index.php\/wp-json\/wp\/v2\/posts\/768030\/revisions"}],"predecessor-version":[{"id":768032,"href":"https:\/\/www.hashtag.al\/index.php\/wp-json\/wp\/v2\/posts\/768030\/revisions\/768032"}],"wp:featuredmedia":[{"embeddable":true,"href":"https:\/\/www.hashtag.al\/index.php\/wp-json\/wp\/v2\/media\/768031"}],"wp:attachment":[{"href":"https:\/\/www.hashtag.al\/index.php\/wp-json\/wp\/v2\/media?parent=768030"}],"wp:term":[{"taxonomy":"category","embeddable":true,"href":"https:\/\/www.hashtag.al\/index.php\/wp-json\/wp\/v2\/categories?post=768030"},{"taxonomy":"post_tag","embeddable":true,"href":"https:\/\/www.hashtag.al\/index.php\/wp-json\/wp\/v2\/tags?post=768030"}],"curies":[{"name":"wp","href":"https:\/\/api.w.org\/{rel}","templated":true}]}}