{"id":767808,"date":"2025-10-26T13:26:19","date_gmt":"2025-10-26T12:26:19","guid":{"rendered":"https:\/\/www.hashtag.al\/?p=767808"},"modified":"2025-10-26T13:26:19","modified_gmt":"2025-10-26T12:26:19","slug":"rama-per-kandidaturen-e-florian-binajt-kane-zgjedhur-nje-aktor-humori-qe-me-imiton-mua","status":"publish","type":"post","link":"https:\/\/www.hashtag.al\/index.php\/2025\/10\/26\/rama-per-kandidaturen-e-florian-binajt-kane-zgjedhur-nje-aktor-humori-qe-me-imiton-mua\/","title":{"rendered":"Rama p\u00ebr kandidatur\u00ebn e Florian Binajt: Kan\u00eb zgjedhur nj\u00eb aktor humori q\u00eb m\u00eb imiton mua","gt_translate_keys":[{"key":"rendered","format":"text"}]},"content":{"rendered":"<p data-start=\"114\" data-end=\"521\"><span style=\"color: #000000;\"><img loading=\"lazy\" decoding=\"async\" class=\"aligncenter wp-image-767809 size-full\" src=\"https:\/\/www.hashtag.al\/wp-content\/uploads\/2025\/10\/IMG_2085.jpeg\" alt=\"\" width=\"780\" height=\"440\" srcset=\"https:\/\/www.hashtag.al\/wp-content\/uploads\/2025\/10\/IMG_2085.jpeg 780w, https:\/\/www.hashtag.al\/wp-content\/uploads\/2025\/10\/IMG_2085-300x169.jpeg 300w, https:\/\/www.hashtag.al\/wp-content\/uploads\/2025\/10\/IMG_2085-768x433.jpeg 768w\" sizes=\"auto, (max-width: 780px) 100vw, 780px\" \/><br \/>\nKryeministri Edi Rama e konsideron t\u00eb sigurt fitoren n\u00eb Tiran\u00eb dhe Vlor\u00eb, ku Partia Socialiste garon me Ogerta Manastirliun dhe Brunilda Mersinin. Rama tha se dy kandidatet gra i bashkon p\u00ebrvoja e suksesshme n\u00eb drejtimin e institucioneve sh\u00ebndet\u00ebsore dhe se ato p\u00ebrfaq\u00ebsojn\u00eb \u201crilindjen e qyteteve t\u00eb dor\u00ebs s\u00eb par\u00eb p\u00ebr Shqip\u00ebrin\u00eb\u201d.<\/span><\/p>\n<p data-start=\"525\" data-end=\"919\"><span style=\"color: #000000;\">\u201c\u00cbsht\u00eb nj\u00eb risi absolute q\u00eb p\u00ebr Tiran\u00ebn dhe Vlor\u00ebn kandidojn\u00eb dy gra me karrier\u00eb t\u00eb ngjashme, q\u00eb kan\u00eb transformuar QSUT-n\u00eb dhe Spitalin Rajonal t\u00eb Vlor\u00ebs fal\u00eb kapacitetit t\u00eb tyre menaxherial dhe vullnetit t\u00eb hekurt. Ato jan\u00eb fituese t\u00eb padiskutueshme t\u00eb garave, nd\u00ebrsa kund\u00ebrshtar\u00ebt e tyre jan\u00eb shemb\u00eblltyra m\u00eb kuptimplote e humbjes s\u00eb radh\u00ebs, t\u00eb ndjes\u00eb past\u00eb Partia Demokratike,\u201d \u2013 tha Rama.<\/span><\/p>\n<p data-start=\"921\" data-end=\"1200\"><span style=\"color: #000000;\">Duke u ndalur te Tirana, zgjedhjet e s\u00eb cil\u00ebs jan\u00eb aktualisht t\u00eb pezulluara pas vendimit t\u00eb Gjykat\u00ebs Kushtetuese, Rama komentoi p\u00ebr her\u00eb t\u00eb par\u00eb kandidatur\u00ebn e opozit\u00ebs, Florian Binajn, artist i njohur p\u00ebr imitimet e tij politike, p\u00ebrfshir\u00eb edhe vet\u00eb kryeministrin.<\/span><\/p>\n<p data-start=\"1204\" data-end=\"1623\"><span style=\"color: #000000;\">\u201cK\u00ebneta \u00ebsht\u00eb kaq e d\u00ebshp\u00ebruar, sa p\u00ebr Tiran\u00ebn ka nxjerr\u00eb nj\u00eb aktor humori n\u00eb rolin e nj\u00eb kandidati gjoja t\u00eb pavarur, q\u00eb p\u00ebr vite i ka b\u00ebr\u00eb p\u00ebr t\u00eb qeshur t\u00eb gjith\u00eb, madje edhe Kongresin e Partis\u00eb Socialiste. Nuk e gjykoj keq aktorin p\u00ebr rolin e ri q\u00eb ka marr\u00eb, se aktor\u00ebt k\u00ebt\u00eb pun\u00eb kan\u00eb, me role jetojn\u00eb,\u201d \u2013 ironizoi Rama, duke shtuar se \u201ckush voton p\u00ebr PS-n\u00eb, voton Ogert\u00ebn p\u00ebr t\u2019i dh\u00ebn\u00eb Tiran\u00ebs drejtuesen e duhur.\u201d<\/span><\/p>\n<p data-start=\"1625\" data-end=\"1879\"><span style=\"color: #000000;\">Nd\u00ebrkoh\u00eb, Komisioni Qendror i Zgjedhjeve ka vendosur t\u00eb mos regjistroj\u00eb Gjergji Nik\u00ebn si kandidat p\u00ebr Bashkin\u00eb Vlor\u00eb, me argumentin se nuk jan\u00eb respektuar procedurat, vendim q\u00eb Nika e ka kund\u00ebrshtuar duke th\u00ebn\u00eb se \u201cligji ia lejon pjes\u00ebmarrjen\u201d.<\/span><\/p>\n<p data-start=\"1881\" data-end=\"2186\" data-is-last-node=\"\" data-is-only-node=\"\"><span style=\"color: #000000;\">Zgjedhjet n\u00eb Tiran\u00eb mbeten pezull pas ankimimit t\u00eb Erion Veliajt n\u00eb Gjykat\u00ebn Kushtetuese, fillimisht ndaj vendimit t\u00eb qeveris\u00eb p\u00ebr shkarkimin e tij, e m\u00eb pas ndaj dekretit t\u00eb Presidentit Bajram Begaj q\u00eb caktoi dat\u00ebn 9 n\u00ebntor p\u00ebr mbajtjen e zgjedhjeve n\u00eb kryeqytet dhe pes\u00eb bashki t\u00eb tjera.<\/span><\/p>\n","protected":false,"gt_translate_keys":[{"key":"rendered","format":"html"}]},"excerpt":{"rendered":"<p>Kryeministri Edi Rama e konsideron t\u00eb sigurt fitoren n\u00eb Tiran\u00eb dhe Vlor\u00eb, ku Partia Socialiste garon me Ogerta Manastirliun dhe Brunilda Mersinin. Rama tha se dy kandidatet gra i bashkon p\u00ebrvoja e suksesshme n\u00eb drejtimin e institucioneve sh\u00ebndet\u00ebsore dhe se ato p\u00ebrfaq\u00ebsojn\u00eb \u201crilindjen e qyteteve t\u00eb dor\u00ebs s\u00eb par\u00eb p\u00ebr Shqip\u00ebrin\u00eb\u201d. \u201c\u00cbsht\u00eb nj\u00eb risi absolute [&hellip;]<\/p>\n","protected":false,"gt_translate_keys":[{"key":"rendered","format":"html"}]},"author":32,"featured_media":767809,"comment_status":"closed","ping_status":"open","sticky":false,"template":"","format":"standard","meta":{"footnotes":""},"categories":[65],"tags":[],"class_list":["post-767808","post","type-post","status-publish","format-standard","has-post-thumbnail","hentry","category-lajme"],"gt_translate_keys":[{"key":"link","format":"url"}],"_links":{"self":[{"href":"https:\/\/www.hashtag.al\/index.php\/wp-json\/wp\/v2\/posts\/767808","targetHints":{"allow":["GET"]}}],"collection":[{"href":"https:\/\/www.hashtag.al\/index.php\/wp-json\/wp\/v2\/posts"}],"about":[{"href":"https:\/\/www.hashtag.al\/index.php\/wp-json\/wp\/v2\/types\/post"}],"author":[{"embeddable":true,"href":"https:\/\/www.hashtag.al\/index.php\/wp-json\/wp\/v2\/users\/32"}],"replies":[{"embeddable":true,"href":"https:\/\/www.hashtag.al\/index.php\/wp-json\/wp\/v2\/comments?post=767808"}],"version-history":[{"count":99999,"href":"https:\/\/www.hashtag.al\/index.php\/wp-json\/wp\/v2\/posts\/767808\/revisions"}],"predecessor-version":[{"id":767810,"href":"https:\/\/www.hashtag.al\/index.php\/wp-json\/wp\/v2\/posts\/767808\/revisions\/767810"}],"wp:featuredmedia":[{"embeddable":true,"href":"https:\/\/www.hashtag.al\/index.php\/wp-json\/wp\/v2\/media\/767809"}],"wp:attachment":[{"href":"https:\/\/www.hashtag.al\/index.php\/wp-json\/wp\/v2\/media?parent=767808"}],"wp:term":[{"taxonomy":"category","embeddable":true,"href":"https:\/\/www.hashtag.al\/index.php\/wp-json\/wp\/v2\/categories?post=767808"},{"taxonomy":"post_tag","embeddable":true,"href":"https:\/\/www.hashtag.al\/index.php\/wp-json\/wp\/v2\/tags?post=767808"}],"curies":[{"name":"wp","href":"https:\/\/api.w.org\/{rel}","templated":true}]}}