{"id":767806,"date":"2025-10-26T13:02:48","date_gmt":"2025-10-26T12:02:48","guid":{"rendered":"https:\/\/www.hashtag.al\/?p=767806"},"modified":"2025-10-26T13:02:48","modified_gmt":"2025-10-26T12:02:48","slug":"qeveria-e-re-e-propozuar-nga-albin-kurti-deshtoi-ne-kuvend-hapet-rruga-per-konsultime-te-reja-presidenciale","status":"publish","type":"post","link":"https:\/\/www.hashtag.al\/index.php\/2025\/10\/26\/qeveria-e-re-e-propozuar-nga-albin-kurti-deshtoi-ne-kuvend-hapet-rruga-per-konsultime-te-reja-presidenciale\/","title":{"rendered":"Qeveria e re e propozuar nga Albin Kurti d\u00ebshtoi n\u00eb Kuvend, hapet rruga p\u00ebr konsultime t\u00eb reja presidenciale","gt_translate_keys":[{"key":"rendered","format":"text"}]},"content":{"rendered":"<p data-start=\"116\" data-end=\"498\"><span style=\"color: #000000;\"><img loading=\"lazy\" decoding=\"async\" class=\"aligncenter wp-image-715825 size-full\" src=\"https:\/\/www.hashtag.al\/wp-content\/uploads\/2024\/12\/1734694120_albinkurti.jpg\" alt=\"\" width=\"780\" height=\"440\" srcset=\"https:\/\/www.hashtag.al\/wp-content\/uploads\/2024\/12\/1734694120_albinkurti.jpg 780w, https:\/\/www.hashtag.al\/wp-content\/uploads\/2024\/12\/1734694120_albinkurti-300x169.jpg 300w, https:\/\/www.hashtag.al\/wp-content\/uploads\/2024\/12\/1734694120_albinkurti-768x433.jpg 768w\" sizes=\"auto, (max-width: 780px) 100vw, 780px\" \/><br \/>\nKabineti qeveritar i propozuar nga Albin Kurti sot n\u00eb Kuvend nuk arriti t\u00eb marr\u00eb 61 votat e nevojshme p\u00ebr t\u2019u miratuar. Nga votimi, 56 deputet\u00eb votuan pro, 52 kund\u00ebr dhe 4 abstenime. P\u00ebrve\u00e7 deputet\u00ebve t\u00eb LVV-s\u00eb, 8 deputet\u00eb t\u00eb Grupit Parlamentar Multietnik votuan pro kabinetit, nd\u00ebrsa Fatmir Limaj, Arb\u00ebresh\u00eb Krasniqi, Xhevahire Izmaku dhe Veton Berisha abstenuan.<\/span><\/p>\n<p data-start=\"500\" data-end=\"549\"><span style=\"color: #000000;\">Kryetari i Kuvendit, Dimal Basha, deklaroi:<\/span><\/p>\n<p data-start=\"552\" data-end=\"808\"><span style=\"color: #000000;\">\u201cKonstatoj se me 56 vota pro dhe 52 kund\u00ebr dhe 4 abstenime, Kuvendi nuk e zgjodhi Qeverin\u00eb e Republik\u00ebs s\u00eb Kosov\u00ebs. Iu njoftoj se p\u00ebrgjegj\u00ebsia kalon te presidentja Osmani, e cila pas konsultimeve ka mund\u00ebsi t\u00eb em\u00ebroj\u00eb kandidatin tjet\u00ebr p\u00ebr kryeminist\u00ebr.\u201d<\/span><\/p>\n<p data-start=\"810\" data-end=\"1121\"><span style=\"color: #000000;\">Sipas Kushtetut\u00ebs, presidentja Vjosa Osmani brenda 10 dit\u00ebsh duhet t\u00eb ftoj\u00eb partit\u00eb p\u00ebr konsultime p\u00ebr t\u00eb zgjedhur mandatarin e ri q\u00eb ka shanset m\u00eb t\u00eb m\u00ebdha p\u00ebr t\u00eb formuar qeverin\u00eb. N\u00ebse edhe p\u00ebrpjekja e radh\u00ebs d\u00ebshton, Osmani do t\u00eb shpall\u00eb zgjedhje t\u00eb reja, t\u00eb cilat duhet t\u00eb mbahen brenda 40 dit\u00ebsh.<\/span><\/p>\n<p data-start=\"1123\" data-end=\"1311\"><span style=\"color: #000000;\">N\u00eb fjalimin e tij n\u00eb Kuvend, Albin Kurti tha se asnj\u00eb parti parlamentare nuk ka pranuar marr\u00ebveshje p\u00ebr bashk\u00ebqeverisje, por shtoi se \u00ebsht\u00eb e nevojshme t\u00eb ecet p\u00ebr t\u00eb mir\u00ebn e vendit:<\/span><\/p>\n<p data-start=\"1314\" data-end=\"1396\"><span style=\"color: #000000;\">\u201cPa votimin e qeveris\u00eb s\u00eb re, Republika rrezikon t\u00eb shkoj\u00eb n\u00eb zgjedhje t\u00eb reja.\u201d<\/span><\/p>\n<p data-start=\"1398\" data-end=\"1686\" data-is-last-node=\"\" data-is-only-node=\"\"><span style=\"color: #000000;\">Nd\u00ebrkoh\u00eb, PDK-ja, forca e dyt\u00eb nga zgjedhjet e 9 shkurtit, p\u00ebrmes kryetarit Memli Krasniqi, la t\u00eb kuptohet se nuk do t\u00eb mb\u00ebshtes\u00eb kabinetin e propozuar nga LVV-ja, duke hapur sfid\u00ebn p\u00ebr nj\u00eb proces t\u00eb ri konsultimesh dhe mund\u00ebsin\u00eb e nj\u00eb qeverie t\u00eb re ose zgjedhjesh t\u00eb parakohshme.<\/span><\/p>\n","protected":false,"gt_translate_keys":[{"key":"rendered","format":"html"}]},"excerpt":{"rendered":"<p>Kabineti qeveritar i propozuar nga Albin Kurti sot n\u00eb Kuvend nuk arriti t\u00eb marr\u00eb 61 votat e nevojshme p\u00ebr t\u2019u miratuar. Nga votimi, 56 deputet\u00eb votuan pro, 52 kund\u00ebr dhe 4 abstenime. P\u00ebrve\u00e7 deputet\u00ebve t\u00eb LVV-s\u00eb, 8 deputet\u00eb t\u00eb Grupit Parlamentar Multietnik votuan pro kabinetit, nd\u00ebrsa Fatmir Limaj, Arb\u00ebresh\u00eb Krasniqi, Xhevahire Izmaku dhe Veton Berisha [&hellip;]<\/p>\n","protected":false,"gt_translate_keys":[{"key":"rendered","format":"html"}]},"author":32,"featured_media":715825,"comment_status":"closed","ping_status":"open","sticky":false,"template":"","format":"standard","meta":{"footnotes":""},"categories":[65],"tags":[],"class_list":["post-767806","post","type-post","status-publish","format-standard","has-post-thumbnail","hentry","category-lajme"],"gt_translate_keys":[{"key":"link","format":"url"}],"_links":{"self":[{"href":"https:\/\/www.hashtag.al\/index.php\/wp-json\/wp\/v2\/posts\/767806","targetHints":{"allow":["GET"]}}],"collection":[{"href":"https:\/\/www.hashtag.al\/index.php\/wp-json\/wp\/v2\/posts"}],"about":[{"href":"https:\/\/www.hashtag.al\/index.php\/wp-json\/wp\/v2\/types\/post"}],"author":[{"embeddable":true,"href":"https:\/\/www.hashtag.al\/index.php\/wp-json\/wp\/v2\/users\/32"}],"replies":[{"embeddable":true,"href":"https:\/\/www.hashtag.al\/index.php\/wp-json\/wp\/v2\/comments?post=767806"}],"version-history":[{"count":99999,"href":"https:\/\/www.hashtag.al\/index.php\/wp-json\/wp\/v2\/posts\/767806\/revisions"}],"predecessor-version":[{"id":767807,"href":"https:\/\/www.hashtag.al\/index.php\/wp-json\/wp\/v2\/posts\/767806\/revisions\/767807"}],"wp:featuredmedia":[{"embeddable":true,"href":"https:\/\/www.hashtag.al\/index.php\/wp-json\/wp\/v2\/media\/715825"}],"wp:attachment":[{"href":"https:\/\/www.hashtag.al\/index.php\/wp-json\/wp\/v2\/media?parent=767806"}],"wp:term":[{"taxonomy":"category","embeddable":true,"href":"https:\/\/www.hashtag.al\/index.php\/wp-json\/wp\/v2\/categories?post=767806"},{"taxonomy":"post_tag","embeddable":true,"href":"https:\/\/www.hashtag.al\/index.php\/wp-json\/wp\/v2\/tags?post=767806"}],"curies":[{"name":"wp","href":"https:\/\/api.w.org\/{rel}","templated":true}]}}