{"id":767683,"date":"2025-10-25T17:13:58","date_gmt":"2025-10-25T15:13:58","guid":{"rendered":"https:\/\/www.hashtag.al\/?p=767683"},"modified":"2025-10-25T17:13:58","modified_gmt":"2025-10-25T15:13:58","slug":"ministri-i-jashtem-i-gjermanise-anulon-viziten-ne-kine","status":"publish","type":"post","link":"https:\/\/www.hashtag.al\/index.php\/2025\/10\/25\/ministri-i-jashtem-i-gjermanise-anulon-viziten-ne-kine\/","title":{"rendered":"Ministri i Jasht\u00ebm i Gjermanis\u00eb anulon vizit\u00ebn n\u00eb KIn\u00eb","gt_translate_keys":[{"key":"rendered","format":"text"}]},"content":{"rendered":"<p><a href=\"https:\/\/www.hashtag.al\/wp-content\/uploads\/2025\/10\/wadephul.jpg\"><img loading=\"lazy\" decoding=\"async\" class=\"aligncenter size-full wp-image-767684\" src=\"https:\/\/www.hashtag.al\/wp-content\/uploads\/2025\/10\/wadephul.jpg\" alt=\"\" width=\"768\" height=\"432\" srcset=\"https:\/\/www.hashtag.al\/wp-content\/uploads\/2025\/10\/wadephul.jpg 768w, https:\/\/www.hashtag.al\/wp-content\/uploads\/2025\/10\/wadephul-300x169.jpg 300w\" sizes=\"auto, (max-width: 768px) 100vw, 768px\" \/><\/a><\/p>\n<p><span style=\"color: #000000;\">Ministri i Jasht\u00ebm gjerman, Johann Wadephul, \u00ebsht\u00eb detyruar t\u00eb anuloj\u00eb nj\u00eb udh\u00ebtim t\u00eb af\u00ebrt n\u00eb Kin\u00eb pasi Pekini thuhet se nuk pranoi t\u00eb organizonte takime t\u00eb nivelit t\u00eb lart\u00eb me t\u00eb, raportuan media t\u00eb shumta t\u00eb premten.<\/span><\/p>\n<p><span style=\"color: #000000;\">Wadephul ishte planifikuar t\u00eb nisej p\u00ebr n\u00eb Pekin t\u00eb diel\u00ebn p\u00ebr t\u00eb diskutuar kufizimet e Kin\u00ebs p\u00ebr eksportin e elementeve t\u00eb rralla t\u00eb tok\u00ebs dhe gjysm\u00ebp\u00ebr\u00e7uesve, si dhe luft\u00ebn n\u00eb Ukrain\u00eb.<\/span><\/p>\n<p><span style=\"color: #000000;\"><em><i>&#8220;Udh\u00ebtimi nuk mund t\u00eb zhvillohet n\u00eb k\u00ebt\u00eb koh\u00eb dhe do shtyhet p\u00ebr nj\u00eb dat\u00eb t\u00eb m\u00ebvonshme,&#8221;<\/i><\/em> citoi Politico nj\u00eb z\u00ebdh\u00ebn\u00ebs t\u00eb Zyr\u00ebs Federale t\u00eb Pun\u00ebve t\u00eb Jashtme t\u00eb Gjermanis\u00eb. Wadephul ishte caktuar t\u00eb takohej me ministrin e Jasht\u00ebm kinez Wang Yi, por p\u00ebrve\u00e7 tij, thuhet se kishte shum\u00eb pak takime t\u00eb tjera n\u00eb axhend\u00eb.<\/span><\/p>\n<p><span style=\"color: #000000;\">Sipas Bild, n\u00eb vend t\u00eb k\u00ebsaj, dy diplomat\u00ebt do zhvillojn\u00eb s\u00eb shpejti nj\u00eb bised\u00eb telefonike.<\/span><\/p>\n<p><span style=\"color: #000000;\">Kjo\u00a0penges\u00eb diplomatike vjen mes tensioneve tregtare n\u00eb p\u00ebrshkall\u00ebzim midis Kin\u00ebs dhe BE-s\u00eb. Gjat\u00eb vitit t\u00eb kaluar, Brukseli dhe Pekini jan\u00eb p\u00ebrplasur p\u00ebr at\u00eb q\u00eb blloku e quan mbiprodhim industrial t\u00eb Kin\u00ebs, nd\u00ebrsa Kina akuzon BE-n\u00eb p\u00ebr proteksioniz\u00ebm.<\/span><\/p>\n<p><span style=\"color: #000000;\">N\u00eb fillim t\u00eb k\u00ebtij muaji, Pekini shtr\u00ebngoi kufizimet e tij p\u00ebr eksportin e mineraleve t\u00eb caktuara strategjike q\u00eb kan\u00eb p\u00ebrdorim t\u00eb dyfisht\u00eb n\u00eb aplikimet ushtarake, nj\u00eb l\u00ebvizje q\u00eb mund t\u00eb tendos\u00eb m\u00eb tej sektorin e automobilave t\u00eb Evrop\u00ebs q\u00eb po has n\u00eb v\u00ebshtir\u00ebsi, shkruan <span style=\"color: #0000ff;\"><a style=\"color: #0000ff;\" href=\"https:\/\/rurtnews.com\/news\/626924-german-diplomat-cancels-china-trip\/\">Rt<\/a>.<\/span><\/span><\/p>\n<p><span style=\"color: #000000;\">Gjermania \u00ebsht\u00eb prekur n\u00eb ve\u00e7anti nga p\u00ebrkeq\u00ebsimi i klim\u00ebs tregtare. Bild raportoi t\u00eb m\u00ebrkur\u00ebn se Volks\u00ebagen pritet t\u00eb nd\u00ebrpres\u00eb prodhimin n\u00eb fabrikat ky\u00e7e jav\u00ebn e ardhshme p\u00ebr shkak t\u00eb nj\u00eb mungese t\u00eb gjysm\u00ebp\u00ebr\u00e7uesve pas sekuestrimit nga qeveria holandeze t\u00eb prodhuesit t\u00eb \u00e7ipave n\u00eb pron\u00ebsi kineze, Nexperia. <\/span><\/p>\n<p><span style=\"color: #000000;\">Holanda p\u00ebrmendi rreziqet p\u00ebr sigurin\u00eb teknologjike t\u00eb BE-s\u00eb, duke nxitur Pekinin t\u00eb hakmerret duke ndaluar eksportet e \u00e7ipave Nexperia nga Kina. Nd\u00ebrsa inventar\u00ebt po shterojn\u00eb, m\u00eb shum\u00eb fabrika t\u00eb Volks\u00ebagen-it mund t\u00eb p\u00ebrballen me nd\u00ebrprerje t\u00eb p\u00ebrkohshme, dhe prodhues t\u00eb tjer\u00eb makinash gjithashtu mund t\u00eb preken, tha gazeta.<\/span><\/p>\n","protected":false,"gt_translate_keys":[{"key":"rendered","format":"html"}]},"excerpt":{"rendered":"<p>Ministri i Jasht\u00ebm gjerman, Johann Wadephul, \u00ebsht\u00eb detyruar t\u00eb anuloj\u00eb nj\u00eb udh\u00ebtim t\u00eb af\u00ebrt n\u00eb Kin\u00eb pasi Pekini thuhet se nuk pranoi t\u00eb organizonte takime t\u00eb nivelit t\u00eb lart\u00eb me t\u00eb, raportuan media t\u00eb shumta t\u00eb premten. Wadephul ishte planifikuar t\u00eb nisej p\u00ebr n\u00eb Pekin t\u00eb diel\u00ebn p\u00ebr t\u00eb diskutuar kufizimet e Kin\u00ebs p\u00ebr eksportin [&hellip;]<\/p>\n","protected":false,"gt_translate_keys":[{"key":"rendered","format":"html"}]},"author":51,"featured_media":767684,"comment_status":"closed","ping_status":"open","sticky":false,"template":"","format":"standard","meta":{"footnotes":""},"categories":[53],"tags":[],"class_list":["post-767683","post","type-post","status-publish","format-standard","has-post-thumbnail","hentry","category-fast-foodi"],"gt_translate_keys":[{"key":"link","format":"url"}],"_links":{"self":[{"href":"https:\/\/www.hashtag.al\/index.php\/wp-json\/wp\/v2\/posts\/767683","targetHints":{"allow":["GET"]}}],"collection":[{"href":"https:\/\/www.hashtag.al\/index.php\/wp-json\/wp\/v2\/posts"}],"about":[{"href":"https:\/\/www.hashtag.al\/index.php\/wp-json\/wp\/v2\/types\/post"}],"author":[{"embeddable":true,"href":"https:\/\/www.hashtag.al\/index.php\/wp-json\/wp\/v2\/users\/51"}],"replies":[{"embeddable":true,"href":"https:\/\/www.hashtag.al\/index.php\/wp-json\/wp\/v2\/comments?post=767683"}],"version-history":[{"count":99999,"href":"https:\/\/www.hashtag.al\/index.php\/wp-json\/wp\/v2\/posts\/767683\/revisions"}],"predecessor-version":[{"id":767686,"href":"https:\/\/www.hashtag.al\/index.php\/wp-json\/wp\/v2\/posts\/767683\/revisions\/767686"}],"wp:featuredmedia":[{"embeddable":true,"href":"https:\/\/www.hashtag.al\/index.php\/wp-json\/wp\/v2\/media\/767684"}],"wp:attachment":[{"href":"https:\/\/www.hashtag.al\/index.php\/wp-json\/wp\/v2\/media?parent=767683"}],"wp:term":[{"taxonomy":"category","embeddable":true,"href":"https:\/\/www.hashtag.al\/index.php\/wp-json\/wp\/v2\/categories?post=767683"},{"taxonomy":"post_tag","embeddable":true,"href":"https:\/\/www.hashtag.al\/index.php\/wp-json\/wp\/v2\/tags?post=767683"}],"curies":[{"name":"wp","href":"https:\/\/api.w.org\/{rel}","templated":true}]}}