{"id":767679,"date":"2025-10-25T16:43:15","date_gmt":"2025-10-25T14:43:15","guid":{"rendered":"https:\/\/www.hashtag.al\/?p=767679"},"modified":"2025-10-25T16:43:15","modified_gmt":"2025-10-25T14:43:15","slug":"balluku-nen-hetim-shehaj-thirrje-rames-behu-burre-mbaj-pergjegjesi-e-dorehiqu-video","status":"publish","type":"post","link":"https:\/\/www.hashtag.al\/index.php\/2025\/10\/25\/balluku-nen-hetim-shehaj-thirrje-rames-behu-burre-mbaj-pergjegjesi-e-dorehiqu-video\/","title":{"rendered":"Balluku n\u00ebn hetim, Shehaj thirrje Ram\u00ebs: B\u00ebhu burr\u00eb, mbaj p\u00ebrgjegj\u00ebsi e dor\u00ebhiqu (Video)","gt_translate_keys":[{"key":"rendered","format":"text"}]},"content":{"rendered":"<p><a href=\"https:\/\/www.hashtag.al\/wp-content\/uploads\/2025\/10\/shehajrama.jpg\"><img loading=\"lazy\" decoding=\"async\" class=\"aligncenter size-full wp-image-767681\" src=\"https:\/\/www.hashtag.al\/wp-content\/uploads\/2025\/10\/shehajrama.jpg\" alt=\"\" width=\"2000\" height=\"1000\" srcset=\"https:\/\/www.hashtag.al\/wp-content\/uploads\/2025\/10\/shehajrama.jpg 2000w, https:\/\/www.hashtag.al\/wp-content\/uploads\/2025\/10\/shehajrama-300x150.jpg 300w, https:\/\/www.hashtag.al\/wp-content\/uploads\/2025\/10\/shehajrama-1024x512.jpg 1024w, https:\/\/www.hashtag.al\/wp-content\/uploads\/2025\/10\/shehajrama-768x384.jpg 768w, https:\/\/www.hashtag.al\/wp-content\/uploads\/2025\/10\/shehajrama-1536x768.jpg 1536w\" sizes=\"auto, (max-width: 2000px) 100vw, 2000px\" \/><\/a><\/p>\n<p><span style=\"color: #000000;\">Kreu i Partis\u00eb Mund\u00ebsia Agron Shehaj i k\u00ebrkoi kryeministrit Rama t\u00eb mbaj\u00eb p\u00ebrgjegj\u00ebsi p\u00ebr arrestimet e bashk\u00ebpun\u00ebtor\u00ebve t\u00eb tij m\u00eb t\u00eb ngusht\u00eb e t\u00eb jap\u00eb dor\u00ebheqjen. <\/span><\/p>\n<p><span style=\"color: #000000;\">Teksa komentoi p\u00ebrgjigjen e Ram\u00ebs ndaj nj\u00eb gazetari mbi v\u00ebnien n\u00ebn hetim t\u00eb zv.kryeministres Belinda Balluku, Shehaj thekson se para Ballukut, prokuroria do arrestonte ish-zv.kryeministrin Arben Ahmetaj, i cili iku n\u00eb arrati nd\u00ebrsa ish-kryebashkiaku i Tiran\u00ebs Veliaj \u00ebsht\u00eb n\u00eb burg.<\/span><\/p>\n<p><span style=\"color: #000000;\"><em><i>\u201cSi, nuk t\u00eb intereson q\u00eb po arrestojn\u00eb Belinda Ballukun? Ej, kthjellohu, \u00ebsht\u00eb z\u00ebvend\u00ebsja jote. Para saj, donin t\u00eb arrestonin Ahmetajn, q\u00eb ia mbathi n\u00eb arrati n\u00eb Zvic\u00ebr. Nd\u00ebrkoh\u00eb Erion Veliajn, krahun t\u00ebnd t\u00eb djatht\u00eb e k\u00eb n\u00eb burg, p\u00ebr korrupsion edhe ai. Sa veta duhet t\u00eb t\u00eb arrestojn\u00eb ty q\u00eb t\u00eb mbash p\u00ebrgjegj\u00ebsi. B\u00ebhu burr\u00eb, mbaj p\u00ebrgjegj\u00ebsi dhe jep dor\u00ebheqje.\u201d <\/i><\/em>&#8211; thot\u00eb Shehaj n\u00eb video.<\/span><\/p>\n<div style=\"width: 720px;\" class=\"wp-video\"><video class=\"wp-video-shortcode\" id=\"video-767679-1\" width=\"720\" height=\"1280\" preload=\"metadata\" controls=\"controls\"><source type=\"video\/mp4\" src=\"https:\/\/www.hashtag.al\/wp-content\/uploads\/2025\/10\/AQNQIO94BQeoMfSL0lg578FPCK-gqFZJB3nmuzVeDp67cjIJuY_XUmqsBEeC0wMEl7hErtyx6IfXmfQoJyCfFrQEGIJmi9Goj-da9vpWckJHZA.mp4?_=1\" \/><a href=\"https:\/\/www.hashtag.al\/wp-content\/uploads\/2025\/10\/AQNQIO94BQeoMfSL0lg578FPCK-gqFZJB3nmuzVeDp67cjIJuY_XUmqsBEeC0wMEl7hErtyx6IfXmfQoJyCfFrQEGIJmi9Goj-da9vpWckJHZA.mp4\">https:\/\/www.hashtag.al\/wp-content\/uploads\/2025\/10\/AQNQIO94BQeoMfSL0lg578FPCK-gqFZJB3nmuzVeDp67cjIJuY_XUmqsBEeC0wMEl7hErtyx6IfXmfQoJyCfFrQEGIJmi9Goj-da9vpWckJHZA.mp4<\/a><\/video><\/div>\n","protected":false,"gt_translate_keys":[{"key":"rendered","format":"html"}]},"excerpt":{"rendered":"<p>Kreu i Partis\u00eb Mund\u00ebsia Agron Shehaj i k\u00ebrkoi kryeministrit Rama t\u00eb mbaj\u00eb p\u00ebrgjegj\u00ebsi p\u00ebr arrestimet e bashk\u00ebpun\u00ebtor\u00ebve t\u00eb tij m\u00eb t\u00eb ngusht\u00eb e t\u00eb jap\u00eb dor\u00ebheqjen. Teksa komentoi p\u00ebrgjigjen e Ram\u00ebs ndaj nj\u00eb gazetari mbi v\u00ebnien n\u00ebn hetim t\u00eb zv.kryeministres Belinda Balluku, Shehaj thekson se para Ballukut, prokuroria do arrestonte ish-zv.kryeministrin Arben Ahmetaj, i cili [&hellip;]<\/p>\n","protected":false,"gt_translate_keys":[{"key":"rendered","format":"html"}]},"author":51,"featured_media":767681,"comment_status":"closed","ping_status":"open","sticky":false,"template":"","format":"standard","meta":{"footnotes":""},"categories":[65],"tags":[],"class_list":["post-767679","post","type-post","status-publish","format-standard","has-post-thumbnail","hentry","category-lajme"],"gt_translate_keys":[{"key":"link","format":"url"}],"_links":{"self":[{"href":"https:\/\/www.hashtag.al\/index.php\/wp-json\/wp\/v2\/posts\/767679","targetHints":{"allow":["GET"]}}],"collection":[{"href":"https:\/\/www.hashtag.al\/index.php\/wp-json\/wp\/v2\/posts"}],"about":[{"href":"https:\/\/www.hashtag.al\/index.php\/wp-json\/wp\/v2\/types\/post"}],"author":[{"embeddable":true,"href":"https:\/\/www.hashtag.al\/index.php\/wp-json\/wp\/v2\/users\/51"}],"replies":[{"embeddable":true,"href":"https:\/\/www.hashtag.al\/index.php\/wp-json\/wp\/v2\/comments?post=767679"}],"version-history":[{"count":99999,"href":"https:\/\/www.hashtag.al\/index.php\/wp-json\/wp\/v2\/posts\/767679\/revisions"}],"predecessor-version":[{"id":767682,"href":"https:\/\/www.hashtag.al\/index.php\/wp-json\/wp\/v2\/posts\/767679\/revisions\/767682"}],"wp:featuredmedia":[{"embeddable":true,"href":"https:\/\/www.hashtag.al\/index.php\/wp-json\/wp\/v2\/media\/767681"}],"wp:attachment":[{"href":"https:\/\/www.hashtag.al\/index.php\/wp-json\/wp\/v2\/media?parent=767679"}],"wp:term":[{"taxonomy":"category","embeddable":true,"href":"https:\/\/www.hashtag.al\/index.php\/wp-json\/wp\/v2\/categories?post=767679"},{"taxonomy":"post_tag","embeddable":true,"href":"https:\/\/www.hashtag.al\/index.php\/wp-json\/wp\/v2\/tags?post=767679"}],"curies":[{"name":"wp","href":"https:\/\/api.w.org\/{rel}","templated":true}]}}