{"id":767662,"date":"2025-10-25T15:22:25","date_gmt":"2025-10-25T13:22:25","guid":{"rendered":"https:\/\/www.hashtag.al\/?p=767662"},"modified":"2025-10-25T15:22:25","modified_gmt":"2025-10-25T13:22:25","slug":"vjosa-osmani-nga-berlini-serbia-eshte-dore-e-zgjatur-e-rusise-synon-destabilizimin-e-kosoves-dhe-rajonit","status":"publish","type":"post","link":"https:\/\/www.hashtag.al\/index.php\/2025\/10\/25\/vjosa-osmani-nga-berlini-serbia-eshte-dore-e-zgjatur-e-rusise-synon-destabilizimin-e-kosoves-dhe-rajonit\/","title":{"rendered":"Vjosa Osmani nga Berlini: Serbia \u00ebsht\u00eb dor\u00eb e zgjatur e Rusis\u00eb, synon destabilizimin e Kosov\u00ebs dhe rajonit","gt_translate_keys":[{"key":"rendered","format":"text"}]},"content":{"rendered":"<p data-start=\"114\" data-end=\"342\"><span style=\"color: #000000;\"><img loading=\"lazy\" decoding=\"async\" class=\"aligncenter wp-image-666964 size-full\" src=\"https:\/\/www.hashtag.al\/wp-content\/uploads\/2024\/04\/1692301341_vjosaosmani.jpg\" alt=\"\" width=\"780\" height=\"440\" srcset=\"https:\/\/www.hashtag.al\/wp-content\/uploads\/2024\/04\/1692301341_vjosaosmani.jpg 780w, https:\/\/www.hashtag.al\/wp-content\/uploads\/2024\/04\/1692301341_vjosaosmani-300x169.jpg 300w, https:\/\/www.hashtag.al\/wp-content\/uploads\/2024\/04\/1692301341_vjosaosmani-768x433.jpg 768w\" sizes=\"auto, (max-width: 780px) 100vw, 780px\" \/>Presidentja e Kosov\u00ebs, Vjosa Osmani, e cila po q\u00ebndron n\u00eb Berlin, ka dh\u00ebn\u00eb nj\u00eb intervist\u00eb p\u00ebr Deutsche Welle, ku foli p\u00ebr raportet nd\u00ebrkomb\u00ebtare t\u00eb Kosov\u00ebs, dialogun me Serbin\u00eb dhe zhvillimet politike t\u00eb brendshme.<\/span><\/p>\n<p data-start=\"344\" data-end=\"648\"><span style=\"color: #000000;\">Osmani tha se Kosova ndodhet n\u00eb faz\u00ebn e liris\u00eb dhe paqes, por paralajm\u00ebroi se k\u00ebto arritje duhet t\u00eb mbrohen \u00e7do dit\u00eb. Ajo theksoi se pas pushtimit rus t\u00eb Ukrain\u00ebs, rreziqet e siguris\u00eb n\u00eb Europ\u00eb jan\u00eb rritur, dhe se shtetet q\u00eb kan\u00eb p\u00ebrjetuar luft\u00eb, si Kosova, duhet t\u00eb jen\u00eb ve\u00e7an\u00ebrisht t\u00eb kujdesshme.<\/span><\/p>\n<p data-start=\"652\" data-end=\"843\"><span style=\"color: #000000;\">\u201cMbrojtja e liris\u00eb dhe paqes nuk p\u00ebrfundon me nj\u00eb triumf. Ato duhet vazhdimisht t\u00eb ushqehen dhe mbrohen me \u00e7do kusht, sepse gjithmon\u00eb ka forca q\u00eb duan t\u2019i minojn\u00eb k\u00ebto arritje,\u201d tha Osmani.<\/span><\/p>\n<p data-start=\"845\" data-end=\"1043\"><span style=\"color: #000000;\">Sa i p\u00ebrket marr\u00ebdh\u00ebnieve me Serbin\u00eb, presidentja e Kosov\u00ebs e cil\u00ebsoi at\u00eb si \u201cshtet agresor dhe dor\u00eb t\u00eb zgjatur t\u00eb Putinit\u201d, duke theksuar se Beogradi po ndjek taktika destabilizuese n\u00eb rajon.<\/span><\/p>\n<p data-start=\"1047\" data-end=\"1315\"><span style=\"color: #000000;\">\u201cPas shtatorit 2023, kur Serbia tentoi nj\u00eb akt agresioni kund\u00ebr Kosov\u00ebs n\u00eb Banjsk\u00eb, \u00ebsht\u00eb e qart\u00eb se ajo ndjek planet e Putinit p\u00ebr destabilizimin e Ballkanit. Serbia vazhdon t\u00eb p\u00ebrdor\u00eb metoda hibride, p\u00ebrfshir\u00eb edhe sulme ndaj infrastruktur\u00ebs jetike,\u201d u shpreh ajo.<\/span><\/p>\n<p data-start=\"1317\" data-end=\"1465\"><span style=\"color: #000000;\">Osmani u ndal edhe te dialogu me Serbin\u00eb, duke theksuar se Kosova ka qen\u00eb gjithmon\u00eb pala konstruktive, nd\u00ebrsa bllokimi ka ardhur nga Beogradi.<\/span><\/p>\n<p data-start=\"1469\" data-end=\"1651\"><span style=\"color: #000000;\">\u201cKosova ka pranuar marr\u00ebveshjet pa cenuar sovranitetin, por Serbia nuk i ka zbatuar mbi 2\/3 e tyre. Nuk kam aspak besim se nga Vu\u00e7i\u00e7i mund t\u00eb pritet konstruktivitet,\u201d deklaroi ajo.<\/span><\/p>\n<p data-start=\"1653\" data-end=\"1802\"><span style=\"color: #000000;\">N\u00eb lidhje me Asociacionin e Komunave me shumic\u00eb serbe, Osmani p\u00ebrs\u00ebriti se nuk do t\u00eb pranoj\u00eb asnj\u00eb form\u00eb q\u00eb bie ndesh me Kushtetut\u00ebn e Kosov\u00ebs.<\/span><\/p>\n<p data-start=\"1806\" data-end=\"1952\"><span style=\"color: #000000;\">\u201cSi presidente, nuk pranoj asnj\u00eb asociacion q\u00eb ka kompetenca ekzekutive apo q\u00eb shkel aktgjykimin e Gjykat\u00ebs Kushtetuese t\u00eb vitit 2015,\u201d tha ajo.<\/span><\/p>\n<p data-start=\"1954\" data-end=\"2136\"><span style=\"color: #000000;\">E pyetur p\u00ebr marr\u00ebdh\u00ebniet me Shtetet e Bashkuara dhe BE-n\u00eb, Osmani mohoi q\u00eb Kosova t\u00eb jet\u00eb e izoluar, duke theksuar se vendi ka pasur \u201cdyert m\u00eb t\u00eb hapura se kurr\u00eb m\u00eb par\u00eb\u201d.<\/span><\/p>\n<p data-start=\"2140\" data-end=\"2338\"><span style=\"color: #000000;\">\u201c\u00cbsht\u00eb totalisht e pav\u00ebrtet\u00eb q\u00eb Kosova \u00ebsht\u00eb e izoluar. Ne kemi qen\u00eb t\u00eb pranish\u00ebm n\u00eb \u00e7do forum nd\u00ebrkomb\u00ebtar, p\u00ebrfshir\u00eb samitin e NATO-s, ku Kosova nuk ka qen\u00eb kurr\u00eb m\u00eb par\u00eb e ftuar,\u201d deklaroi ajo.<\/span><\/p>\n<p data-start=\"2340\" data-end=\"2531\"><span style=\"color: #000000;\">Sa i p\u00ebrket zhvillimeve t\u00eb brendshme politike, Osmani tha se nuk dihet ende n\u00ebse t\u00eb diel\u00ebn do t\u00eb mbahet seanca p\u00ebr krijimin e qeveris\u00eb, pasi kjo varet nga sigurimi i shumic\u00ebs n\u00eb Kuvend.<\/span><\/p>\n<p data-start=\"2533\" data-end=\"2648\"><span style=\"color: #000000;\">N\u00eb fund, presidentja u shpreh se do t\u00eb vazhdoj\u00eb t\u00eb kontribuoj\u00eb p\u00ebr Kosov\u00ebn, n\u00ebse qytetar\u00ebt e d\u00ebshirojn\u00eb k\u00ebt\u00eb.<\/span><\/p>\n<p data-start=\"2652\" data-end=\"2851\"><span style=\"color: #000000;\">\u201cNuk mendoj se ku do t\u00eb jet\u00eb Vjosa Osmani pas prillit, por ku do t\u00eb jet\u00eb Republika e Kosov\u00ebs. Do t\u00eb vazhdoj t\u00eb jap kontributin tim p\u00ebr shtetin, n\u00eb \u00e7do form\u00eb q\u00eb qytetar\u00ebt e k\u00ebrkojn\u00eb,\u201d p\u00ebrfundoi ajo.<\/span><\/p>\n","protected":false,"gt_translate_keys":[{"key":"rendered","format":"html"}]},"excerpt":{"rendered":"<p>Presidentja e Kosov\u00ebs, Vjosa Osmani, e cila po q\u00ebndron n\u00eb Berlin, ka dh\u00ebn\u00eb nj\u00eb intervist\u00eb p\u00ebr Deutsche Welle, ku foli p\u00ebr raportet nd\u00ebrkomb\u00ebtare t\u00eb Kosov\u00ebs, dialogun me Serbin\u00eb dhe zhvillimet politike t\u00eb brendshme. Osmani tha se Kosova ndodhet n\u00eb faz\u00ebn e liris\u00eb dhe paqes, por paralajm\u00ebroi se k\u00ebto arritje duhet t\u00eb mbrohen \u00e7do dit\u00eb. Ajo [&hellip;]<\/p>\n","protected":false,"gt_translate_keys":[{"key":"rendered","format":"html"}]},"author":32,"featured_media":666964,"comment_status":"closed","ping_status":"open","sticky":false,"template":"","format":"standard","meta":{"footnotes":""},"categories":[149],"tags":[],"class_list":["post-767662","post","type-post","status-publish","format-standard","has-post-thumbnail","hentry","category-kosoverajon"],"gt_translate_keys":[{"key":"link","format":"url"}],"_links":{"self":[{"href":"https:\/\/www.hashtag.al\/index.php\/wp-json\/wp\/v2\/posts\/767662","targetHints":{"allow":["GET"]}}],"collection":[{"href":"https:\/\/www.hashtag.al\/index.php\/wp-json\/wp\/v2\/posts"}],"about":[{"href":"https:\/\/www.hashtag.al\/index.php\/wp-json\/wp\/v2\/types\/post"}],"author":[{"embeddable":true,"href":"https:\/\/www.hashtag.al\/index.php\/wp-json\/wp\/v2\/users\/32"}],"replies":[{"embeddable":true,"href":"https:\/\/www.hashtag.al\/index.php\/wp-json\/wp\/v2\/comments?post=767662"}],"version-history":[{"count":99999,"href":"https:\/\/www.hashtag.al\/index.php\/wp-json\/wp\/v2\/posts\/767662\/revisions"}],"predecessor-version":[{"id":767663,"href":"https:\/\/www.hashtag.al\/index.php\/wp-json\/wp\/v2\/posts\/767662\/revisions\/767663"}],"wp:featuredmedia":[{"embeddable":true,"href":"https:\/\/www.hashtag.al\/index.php\/wp-json\/wp\/v2\/media\/666964"}],"wp:attachment":[{"href":"https:\/\/www.hashtag.al\/index.php\/wp-json\/wp\/v2\/media?parent=767662"}],"wp:term":[{"taxonomy":"category","embeddable":true,"href":"https:\/\/www.hashtag.al\/index.php\/wp-json\/wp\/v2\/categories?post=767662"},{"taxonomy":"post_tag","embeddable":true,"href":"https:\/\/www.hashtag.al\/index.php\/wp-json\/wp\/v2\/tags?post=767662"}],"curies":[{"name":"wp","href":"https:\/\/api.w.org\/{rel}","templated":true}]}}