{"id":767530,"date":"2025-10-24T16:48:50","date_gmt":"2025-10-24T14:48:50","guid":{"rendered":"https:\/\/www.hashtag.al\/?p=767530"},"modified":"2025-10-24T16:57:54","modified_gmt":"2025-10-24T14:57:54","slug":"marrja-e-ballukut-si-e-pandehur-shenje-e-qarte-se-anija-e-rames-po-fundoset-balliu","status":"publish","type":"post","link":"https:\/\/www.hashtag.al\/index.php\/2025\/10\/24\/marrja-e-ballukut-si-e-pandehur-shenje-e-qarte-se-anija-e-rames-po-fundoset-balliu\/","title":{"rendered":"\u201cMarrja e Ballukut si e pandehur, shenj\u00eb e qart\u00eb se anija e Ram\u00ebs po fundoset\u201d &#8211; Balliu","gt_translate_keys":[{"key":"rendered","format":"text"}]},"content":{"rendered":"<p><a href=\"https:\/\/www.hashtag.al\/wp-content\/uploads\/2025\/10\/balliuballuku.jpg\"><img loading=\"lazy\" decoding=\"async\" class=\"aligncenter size-full wp-image-767532\" src=\"https:\/\/www.hashtag.al\/wp-content\/uploads\/2025\/10\/balliuballuku.jpg\" alt=\"\" width=\"1200\" height=\"1600\" \/><\/a><\/p>\n<p><span style=\"color: #000000;\">Deputeti i PD-s\u00eb Klevis Balliu deklaroi sot se marrja e zv.kryeministres Belinda Balluku si e pandehur \u00ebsht\u00eb shenj\u00eb e qart\u00eb se anija e Rilindjes po fundoset. <\/span><\/p>\n<p><span style=\"color: #000000;\">Ai thekson se kryeministri Rama n\u00eb p\u00ebrpjekje p\u00ebr t\u00eb zgjatur edhe pak pushtetin po p\u00ebrpiqet t\u00eb hedh\u00eb Ballukun, p\u00ebr t\u00eb cil\u00ebn shkruan se \u00ebsht\u00eb nd\u00ebr peshat e r\u00ebnda t\u00eb ekuipazhit.<\/span><\/p>\n<p><span style=\"color: #000000;\">Balliu shton se sado t\u00eb p\u00ebrpiqet Rama, n\u00eb fund qeveria dhe pushteti i tij do rr\u00ebzohen nga korrupsioni, abuzimi e krimi shtet\u00ebror.<\/span><\/p>\n<p><span style=\"color: #000000;\"><em><i>\u201cMarrja e Lubi Ballukut si e pandehur \u00ebsht\u00eb shenja m\u00eb e qart\u00eb se anija e Rilindjes po fundoset.<\/i><\/em><em><i>\u00a0<\/i><\/em><em><i>Kapiteni i saj, Edi Rama, p\u00ebrpiqet t\u00eb heq\u00eb nj\u00eb e nga nj\u00eb peshat e r\u00ebnda t\u00eb ekuipazhit t\u00eb tij, n\u00eb nj\u00eb p\u00ebrpjekje t\u00eb d\u00ebshp\u00ebruar p\u00ebr t\u00eb zgjatur udh\u00ebtimin dhe p\u00ebr t\u00eb shp\u00ebtuar veten.<\/i><\/em><em><i>\u00a0<\/i><\/em><em><i>Por sado ngarkesa t\u00eb hedh\u00eb n\u00eb det, anija e Rilindjes \u00ebsht\u00eb d\u00ebmtuar p\u00ebrfundimisht nga korrupsioni, abuzimi dhe krimi shtet\u00ebror.<\/i><\/em><em><i>\u00a0<\/i><\/em><em><i>Mbytja e saj \u00ebsht\u00eb \u00e7\u00ebshtje kohe me hir apo me pahir, ajo do t\u00eb fundosej n\u00eb val\u00ebt e s\u00eb v\u00ebrtet\u00ebs.\u201d<\/i><\/em>\u00a0&#8211; shkruan Balliu.<\/span><\/p>\n<p><iframe loading=\"lazy\" style=\"border: none; overflow: hidden;\" src=\"https:\/\/www.facebook.com\/plugins\/post.php?href=https%3A%2F%2Fwww.facebook.com%2Fklevisballiufaqjazyrtare%2Fposts%2Fpfbid0gH1gL67zgfWC53e4HrojEx4sTfCuETj8wwJHH1NxP2ifHPbXqsiTz32yW4phzSjcl&amp;show_text=true&amp;width=500\" width=\"500\" height=\"749\" frameborder=\"0\" scrolling=\"no\" allowfullscreen=\"allowfullscreen\"><\/iframe><\/p>\n","protected":false,"gt_translate_keys":[{"key":"rendered","format":"html"}]},"excerpt":{"rendered":"<p>Deputeti i PD-s\u00eb Klevis Balliu deklaroi sot se marrja e zv.kryeministres Belinda Balluku si e pandehur \u00ebsht\u00eb shenj\u00eb e qart\u00eb se anija e Rilindjes po fundoset. Ai thekson se kryeministri Rama n\u00eb p\u00ebrpjekje p\u00ebr t\u00eb zgjatur edhe pak pushtetin po p\u00ebrpiqet t\u00eb hedh\u00eb Ballukun, p\u00ebr t\u00eb cil\u00ebn shkruan se \u00ebsht\u00eb nd\u00ebr peshat e r\u00ebnda t\u00eb [&hellip;]<\/p>\n","protected":false,"gt_translate_keys":[{"key":"rendered","format":"html"}]},"author":51,"featured_media":767532,"comment_status":"closed","ping_status":"open","sticky":false,"template":"","format":"standard","meta":{"footnotes":""},"categories":[65],"tags":[],"class_list":["post-767530","post","type-post","status-publish","format-standard","has-post-thumbnail","hentry","category-lajme"],"gt_translate_keys":[{"key":"link","format":"url"}],"_links":{"self":[{"href":"https:\/\/www.hashtag.al\/index.php\/wp-json\/wp\/v2\/posts\/767530","targetHints":{"allow":["GET"]}}],"collection":[{"href":"https:\/\/www.hashtag.al\/index.php\/wp-json\/wp\/v2\/posts"}],"about":[{"href":"https:\/\/www.hashtag.al\/index.php\/wp-json\/wp\/v2\/types\/post"}],"author":[{"embeddable":true,"href":"https:\/\/www.hashtag.al\/index.php\/wp-json\/wp\/v2\/users\/51"}],"replies":[{"embeddable":true,"href":"https:\/\/www.hashtag.al\/index.php\/wp-json\/wp\/v2\/comments?post=767530"}],"version-history":[{"count":99999,"href":"https:\/\/www.hashtag.al\/index.php\/wp-json\/wp\/v2\/posts\/767530\/revisions"}],"predecessor-version":[{"id":767533,"href":"https:\/\/www.hashtag.al\/index.php\/wp-json\/wp\/v2\/posts\/767530\/revisions\/767533"}],"wp:featuredmedia":[{"embeddable":true,"href":"https:\/\/www.hashtag.al\/index.php\/wp-json\/wp\/v2\/media\/767532"}],"wp:attachment":[{"href":"https:\/\/www.hashtag.al\/index.php\/wp-json\/wp\/v2\/media?parent=767530"}],"wp:term":[{"taxonomy":"category","embeddable":true,"href":"https:\/\/www.hashtag.al\/index.php\/wp-json\/wp\/v2\/categories?post=767530"},{"taxonomy":"post_tag","embeddable":true,"href":"https:\/\/www.hashtag.al\/index.php\/wp-json\/wp\/v2\/tags?post=767530"}],"curies":[{"name":"wp","href":"https:\/\/api.w.org\/{rel}","templated":true}]}}