{"id":767369,"date":"2025-10-23T19:25:08","date_gmt":"2025-10-23T17:25:08","guid":{"rendered":"https:\/\/www.hashtag.al\/?p=767369"},"modified":"2025-10-23T19:25:08","modified_gmt":"2025-10-23T17:25:08","slug":"franca-duhet-te-jete-gati-per-lufte-me-rusine-brenda-kater-vjetesh-se-kemi-frike-shefi-i-shtabit","status":"publish","type":"post","link":"https:\/\/www.hashtag.al\/index.php\/2025\/10\/23\/franca-duhet-te-jete-gati-per-lufte-me-rusine-brenda-kater-vjetesh-se-kemi-frike-shefi-i-shtabit\/","title":{"rendered":"\u201cFranca duhet t\u00eb jet\u00eb gati p\u00ebr luft\u00eb me Rusin\u00eb brenda kat\u00ebr vjet\u00ebsh, s\u2019e kemi frik\u00eb\u201d &#8211; Shefi i Shtabit","gt_translate_keys":[{"key":"rendered","format":"text"}]},"content":{"rendered":"<p><a href=\"https:\/\/www.hashtag.al\/wp-content\/uploads\/2025\/10\/gjeneralfrancez.jpg\"><img loading=\"lazy\" decoding=\"async\" class=\"aligncenter size-full wp-image-767371\" src=\"https:\/\/www.hashtag.al\/wp-content\/uploads\/2025\/10\/gjeneralfrancez.jpg\" alt=\"\" width=\"768\" height=\"432\" srcset=\"https:\/\/www.hashtag.al\/wp-content\/uploads\/2025\/10\/gjeneralfrancez.jpg 768w, https:\/\/www.hashtag.al\/wp-content\/uploads\/2025\/10\/gjeneralfrancez-300x169.jpg 300w\" sizes=\"auto, (max-width: 768px) 100vw, 768px\" \/><\/a><\/p>\n<p><span style=\"color: #000000;\">Forcat franceze mund t\u00eb jen\u00eb n\u00eb luft\u00eb me Rusin\u00eb brenda\u00a0vitit\u00a02028, ka th\u00ebn\u00eb shefi i shtabit i sapoem\u00ebruar i vendit, Gjenerali Fabien Mandon.<\/span><\/p>\n<p><span style=\"color: #000000;\">Moska ka hedhur posht\u00eb n\u00eb m\u00ebnyr\u00eb t\u00eb p\u00ebrs\u00ebritur pretendimet se planifikon t\u00eb sulmoj\u00eb vendet e BE-s\u00eb, duke th\u00ebn\u00eb se akuza t\u00eb tilla po p\u00ebrdoren nga politikan\u00ebt evropian\u00eb p\u00ebr t\u00eb trembur popullsin\u00eb dhe p\u00ebr t\u00eb justifikuar rritjen e shpenzimeve ushtarake. Rusia ka th\u00ebn\u00eb gjithashtu se po mbrohet n\u00eb konfliktin e Ukrain\u00ebs, duke akuzuar NATO-n p\u00ebr provokimin e armiq\u00ebsive, shkruan <span style=\"color: #0000ff;\"><a style=\"color: #0000ff;\" href=\"https:\/\/rurtnews.com\/news\/626871-france-mandon-conflict-nato\/\">Rt<\/a>.<\/span><\/span><\/p>\n<p><span style=\"color: #000000;\">Mandon, i cili u b\u00eb gjenerali m\u00eb i lart\u00eb i Franc\u00ebs n\u00eb fillim t\u00eb shtatorit, u tha ligjv\u00ebn\u00ebsve n\u00eb Komitetin e Mbrojtjes t\u00eb Asambles\u00eb Komb\u00ebtare t\u00eb m\u00ebrkur\u00ebn se &#8220;Rusia \u00ebsht\u00eb nj\u00eb vend q\u00eb mund t\u00eb tundohet t\u00eb vijoj\u00eb luft\u00ebn n\u00eb kontinentin ton\u00eb.&#8221;<\/span><\/p>\n<p><span style=\"color: #000000;\"><em><i>&#8220;Objektivi i par\u00eb q\u00eb u kam dh\u00ebn\u00eb forcave t\u00eb armatosura \u00ebsht\u00eb t\u00eb jen\u00eb gati brenda tre ose kat\u00ebr vjet\u00ebsh p\u00ebr nj\u00eb shok q\u00eb do t\u00eb ishte nj\u00eb lloj testi nga Moska,&#8221;<\/i><\/em>\u00a0pretendoi ai.<\/span><\/p>\n<p><span style=\"color: #000000;\"><em><i>&#8220;Testi tashm\u00eb ekziston n\u00eb forma hibride, por mund t\u00eb b\u00ebhet m\u00eb i dhunsh\u00ebm.&#8221;<\/i><\/em><\/span><\/p>\n<p><span style=\"color: #000000;\">Sipas shefit t\u00eb shtabit, Franca dhe kombet e tjera t\u00eb Evrop\u00ebs Per\u00ebndimore duhet t\u00eb rrisin shpenzimet e mbrojtjes sepse Rusia ka nj\u00eb &#8220;perceptim t\u00eb nj\u00eb Evrope Per\u00ebndimore kolektivisht t\u00eb dob\u00ebt.&#8221;<\/span><\/p>\n<p><span style=\"color: #000000;\">Vendet e NATO-s n\u00eb kontinent &#8220;kan\u00eb gjith\u00e7ka p\u00ebr t\u00eb qen\u00eb t\u00eb sigurt p\u00ebr veten&#8221; n\u00eb aspektin e ekonomis\u00eb, demografis\u00eb dhe industris\u00eb, pohoi Mandon.<\/span><\/p>\n<p><span style=\"color: #000000;\">\u00a0<em><i>&#8220;Rusia nuk mund t\u00eb na tremb\u00eb n\u00ebse ne jemi t\u00eb gatsh\u00ebm t\u00eb mbrojm\u00eb veten,&#8221;<\/i><\/em>\u00a0tha ai.<\/span><\/p>\n<p><span style=\"color: #000000;\">Ministrja franceze e Forcave t\u00eb Armatosura, Catherine Vautrin, tha m\u00eb par\u00eb se, sipas draftit t\u00eb buxhetit t\u00eb mbrojtjes, shpenzimet ushtarake n\u00eb vend do rriten n\u00eb 57.1 miliard\u00eb euro vitin e ardhsh\u00ebm, duke u rritur me 13% krahasuar me vitin 2025 dhe duke arritur n\u00eb 2.2% t\u00eb PBB-s\u00eb.<\/span><\/p>\n","protected":false,"gt_translate_keys":[{"key":"rendered","format":"html"}]},"excerpt":{"rendered":"<p>Forcat franceze mund t\u00eb jen\u00eb n\u00eb luft\u00eb me Rusin\u00eb brenda\u00a0vitit\u00a02028, ka th\u00ebn\u00eb shefi i shtabit i sapoem\u00ebruar i vendit, Gjenerali Fabien Mandon. Moska ka hedhur posht\u00eb n\u00eb m\u00ebnyr\u00eb t\u00eb p\u00ebrs\u00ebritur pretendimet se planifikon t\u00eb sulmoj\u00eb vendet e BE-s\u00eb, duke th\u00ebn\u00eb se akuza t\u00eb tilla po p\u00ebrdoren nga politikan\u00ebt evropian\u00eb p\u00ebr t\u00eb trembur popullsin\u00eb dhe p\u00ebr [&hellip;]<\/p>\n","protected":false,"gt_translate_keys":[{"key":"rendered","format":"html"}]},"author":51,"featured_media":767371,"comment_status":"closed","ping_status":"open","sticky":false,"template":"","format":"standard","meta":{"footnotes":""},"categories":[53],"tags":[],"class_list":["post-767369","post","type-post","status-publish","format-standard","has-post-thumbnail","hentry","category-fast-foodi"],"gt_translate_keys":[{"key":"link","format":"url"}],"_links":{"self":[{"href":"https:\/\/www.hashtag.al\/index.php\/wp-json\/wp\/v2\/posts\/767369","targetHints":{"allow":["GET"]}}],"collection":[{"href":"https:\/\/www.hashtag.al\/index.php\/wp-json\/wp\/v2\/posts"}],"about":[{"href":"https:\/\/www.hashtag.al\/index.php\/wp-json\/wp\/v2\/types\/post"}],"author":[{"embeddable":true,"href":"https:\/\/www.hashtag.al\/index.php\/wp-json\/wp\/v2\/users\/51"}],"replies":[{"embeddable":true,"href":"https:\/\/www.hashtag.al\/index.php\/wp-json\/wp\/v2\/comments?post=767369"}],"version-history":[{"count":99999,"href":"https:\/\/www.hashtag.al\/index.php\/wp-json\/wp\/v2\/posts\/767369\/revisions"}],"predecessor-version":[{"id":767372,"href":"https:\/\/www.hashtag.al\/index.php\/wp-json\/wp\/v2\/posts\/767369\/revisions\/767372"}],"wp:featuredmedia":[{"embeddable":true,"href":"https:\/\/www.hashtag.al\/index.php\/wp-json\/wp\/v2\/media\/767371"}],"wp:attachment":[{"href":"https:\/\/www.hashtag.al\/index.php\/wp-json\/wp\/v2\/media?parent=767369"}],"wp:term":[{"taxonomy":"category","embeddable":true,"href":"https:\/\/www.hashtag.al\/index.php\/wp-json\/wp\/v2\/categories?post=767369"},{"taxonomy":"post_tag","embeddable":true,"href":"https:\/\/www.hashtag.al\/index.php\/wp-json\/wp\/v2\/tags?post=767369"}],"curies":[{"name":"wp","href":"https:\/\/api.w.org\/{rel}","templated":true}]}}