{"id":767297,"date":"2025-10-23T13:39:32","date_gmt":"2025-10-23T11:39:32","guid":{"rendered":"https:\/\/www.hashtag.al\/?p=767297"},"modified":"2025-10-23T13:39:32","modified_gmt":"2025-10-23T11:39:32","slug":"rama-per-paketen-e-maleve-as-hudhrat-blu-nuk-kane-dorezuar-hartat-ngrini-task-force-ne-cdo-bashki","status":"publish","type":"post","link":"https:\/\/www.hashtag.al\/index.php\/2025\/10\/23\/rama-per-paketen-e-maleve-as-hudhrat-blu-nuk-kane-dorezuar-hartat-ngrini-task-force-ne-cdo-bashki\/","title":{"rendered":"Rama p\u00ebr Paket\u00ebn e Maleve: As \u201chudhrat blu\u201d nuk kan\u00eb dor\u00ebzuar hartat, ngrini task-forc\u00eb n\u00eb \u00e7do bashki","gt_translate_keys":[{"key":"rendered","format":"text"}]},"content":{"rendered":"<p><span style=\"color: #000000;\"><img loading=\"lazy\" decoding=\"async\" class=\"alignnone size-medium wp-image-767298\" src=\"https:\/\/www.hashtag.al\/wp-content\/uploads\/2025\/10\/Screenshot-2025-10-23-042340-300x181.png\" alt=\"\" width=\"300\" height=\"181\" srcset=\"https:\/\/www.hashtag.al\/wp-content\/uploads\/2025\/10\/Screenshot-2025-10-23-042340-300x181.png 300w, https:\/\/www.hashtag.al\/wp-content\/uploads\/2025\/10\/Screenshot-2025-10-23-042340-768x463.png 768w, https:\/\/www.hashtag.al\/wp-content\/uploads\/2025\/10\/Screenshot-2025-10-23-042340.png 866w\" sizes=\"auto, (max-width: 300px) 100vw, 300px\" \/><\/span><\/p>\n<p><span style=\"color: #000000;\">Kryeministri Edi Rama ka kritikuar ashp\u00ebr kryebashkiak\u00ebt p\u00ebr moszbatimin e Paket\u00ebs s\u00eb Maleve, duke k\u00ebrkuar ngritjen e menj\u00ebhershme t\u00eb nj\u00eb task-force me tre persona n\u00eb \u00e7do bashki p\u00ebr t\u00eb ndihmuar qytetar\u00ebt q\u00eb duan t\u00eb investojn\u00eb n\u00eb zonat malore t\u00eb Shqip\u00ebris\u00eb.<\/span><\/p>\n<p><span style=\"color: #000000;\"><em>\u201cB\u00ebni menj\u00ebher\u00eb p\u00ebrcaktimin e zonave duke p\u00ebrfshir\u00eb sa m\u00eb shum\u00eb territore, p\u00ebrve\u00e7 atyre pikave ku p\u00ebr arsye ligjore \u00ebsht\u00eb e pamundur t\u00eb nd\u00ebrtohet. M\u00eb d\u00ebgjon ti kryebashkiaku i Kuk\u00ebsit? Ti m\u00eb d\u00ebgjon po nuk e di a m\u00eb kupton. Niveli i interesit p\u00ebr t\u00eb investuar n\u00eb ato territore \u00ebsht\u00eb i lart\u00eb. Sa her\u00eb kam ardhur atje, ma ke ngrit k\u00ebt\u00eb problem, kemi k\u00ebrkesa po nuk kan\u00eb letra. Ke 5 muaj q\u00eb i ke n\u00eb dispozicion t\u00eb gjith\u00eb instrumentet dhe akoma nuk ke sjell\u00eb hart\u00ebn\u201d<\/em>, tha Rama.<\/span><\/p>\n<p><span style=\"color: #000000;\">Ai theksoi se 500 aplikant\u00ebt e par\u00eb q\u00eb do t\u00eb p\u00ebrfitojn\u00eb nga paketa nuk do t\u00eb paguajn\u00eb taksa p\u00ebr 10 vite, duke i b\u00ebr\u00eb thirrje bashkive t\u00eb ndihmojn\u00eb qytetar\u00ebt q\u00eb t\u00eb jen\u00eb pjes\u00eb e k\u00ebsaj skeme.<\/span><\/p>\n<p><span style=\"color: #000000;\"><em>\u201cDuhet t\u00eb ngrini nj\u00eb task forc\u00eb n\u00eb \u00e7do bashki me 3 persona q\u00eb t\u2019i rrin\u00eb pronto njer\u00ebzve q\u00eb shprehin interesin. 500 t\u00eb par\u00ebt q\u00eb do t\u00eb marrin kontrat\u00ebn 10 vite nuk do t\u00eb paguajn\u00eb asnj\u00eb lloj takse. Duhet t\u2019i ndihmoni t\u00eb jen\u00eb t\u00eb 500 t\u00eb par\u00ebt\u201d<\/em>, u shpreh ai.<\/span><\/p>\n<p><span style=\"color: #000000;\">Rama kritikoi edhe bashkit\u00eb p\u00ebr munges\u00ebn e kontributit n\u00eb zhvillimin ekonomik, duke theksuar se nuk mjafton vet\u00ebm mbledhja e t\u00eb ardhurave nga qytetar\u00ebt.<\/span><\/p>\n<p><span style=\"color: #000000;\"><em>\u201cKriteri i par\u00eb \u00ebsht\u00eb q\u00eb t\u00eb kontribuosh n\u00eb rritjen ekonomike t\u00eb vendit. Nuk mund t\u00eb jen\u00eb t\u00eb gjith\u00eb konsumator\u00eb t\u00eb rritjes, duhet t\u00eb jen\u00eb dhe kontributor\u00eb. Nuk \u00ebsht\u00eb mblidh t\u00eb ardhura nga qytetar\u00ebt dhe pastaj shp\u00ebrndaji, e pastaj k\u00ebrko m\u00eb shum\u00eb t\u00eb ardhura. Bashkit\u00eb duhet t\u00eb jen\u00eb pararoj\u00eb p\u00ebr t\u00eb krijuar t\u00eb ardhura\u201d<\/em>, tha kryeministri.<\/span><\/p>\n<p><span style=\"color: #000000;\">N\u00eb nj\u00eb ton ironik, Rama p\u00ebrmendi edhe bashkit\u00eb e Memaliajt dhe Fush\u00eb Arr\u00ebzit, duke th\u00ebn\u00eb se <em>\u201cedhe hudhrat q\u00eb na mbrojn\u00eb nga syri i keq me l\u00ebkur\u00ebn e tyre blu nuk na kan\u00eb sjell\u00eb gj\u00eb\u201d<\/em>, duke n\u00ebnvizuar se asnj\u00ebra pal\u00eb politike nuk ka p\u00ebrmbushur detyrimet.<\/span><\/p>\n<p><span style=\"color: #000000;\"><em>\u201cKjo tregon q\u00eb si majtas si djathtas, shqiptar\u00ebt flen\u00eb gjum\u00eb. Brenda muajit tetor, duhet t\u00eb vijn\u00eb t\u00eb gjitha hartat\u201d<\/em>, p\u00ebrfundoi Rama.<\/span><\/p>\n","protected":false,"gt_translate_keys":[{"key":"rendered","format":"html"}]},"excerpt":{"rendered":"<p>Kryeministri Edi Rama ka kritikuar ashp\u00ebr kryebashkiak\u00ebt p\u00ebr moszbatimin e Paket\u00ebs s\u00eb Maleve, duke k\u00ebrkuar ngritjen e menj\u00ebhershme t\u00eb nj\u00eb task-force me tre persona n\u00eb \u00e7do bashki p\u00ebr t\u00eb ndihmuar qytetar\u00ebt q\u00eb duan t\u00eb investojn\u00eb n\u00eb zonat malore t\u00eb Shqip\u00ebris\u00eb. \u201cB\u00ebni menj\u00ebher\u00eb p\u00ebrcaktimin e zonave duke p\u00ebrfshir\u00eb sa m\u00eb shum\u00eb territore, p\u00ebrve\u00e7 atyre pikave ku [&hellip;]<\/p>\n","protected":false,"gt_translate_keys":[{"key":"rendered","format":"html"}]},"author":32,"featured_media":767298,"comment_status":"closed","ping_status":"open","sticky":false,"template":"","format":"standard","meta":{"footnotes":""},"categories":[65],"tags":[],"class_list":["post-767297","post","type-post","status-publish","format-standard","has-post-thumbnail","hentry","category-lajme"],"gt_translate_keys":[{"key":"link","format":"url"}],"_links":{"self":[{"href":"https:\/\/www.hashtag.al\/index.php\/wp-json\/wp\/v2\/posts\/767297","targetHints":{"allow":["GET"]}}],"collection":[{"href":"https:\/\/www.hashtag.al\/index.php\/wp-json\/wp\/v2\/posts"}],"about":[{"href":"https:\/\/www.hashtag.al\/index.php\/wp-json\/wp\/v2\/types\/post"}],"author":[{"embeddable":true,"href":"https:\/\/www.hashtag.al\/index.php\/wp-json\/wp\/v2\/users\/32"}],"replies":[{"embeddable":true,"href":"https:\/\/www.hashtag.al\/index.php\/wp-json\/wp\/v2\/comments?post=767297"}],"version-history":[{"count":99999,"href":"https:\/\/www.hashtag.al\/index.php\/wp-json\/wp\/v2\/posts\/767297\/revisions"}],"predecessor-version":[{"id":767299,"href":"https:\/\/www.hashtag.al\/index.php\/wp-json\/wp\/v2\/posts\/767297\/revisions\/767299"}],"wp:featuredmedia":[{"embeddable":true,"href":"https:\/\/www.hashtag.al\/index.php\/wp-json\/wp\/v2\/media\/767298"}],"wp:attachment":[{"href":"https:\/\/www.hashtag.al\/index.php\/wp-json\/wp\/v2\/media?parent=767297"}],"wp:term":[{"taxonomy":"category","embeddable":true,"href":"https:\/\/www.hashtag.al\/index.php\/wp-json\/wp\/v2\/categories?post=767297"},{"taxonomy":"post_tag","embeddable":true,"href":"https:\/\/www.hashtag.al\/index.php\/wp-json\/wp\/v2\/tags?post=767297"}],"curies":[{"name":"wp","href":"https:\/\/api.w.org\/{rel}","templated":true}]}}