{"id":767120,"date":"2025-10-22T16:29:14","date_gmt":"2025-10-22T14:29:14","guid":{"rendered":"https:\/\/www.hashtag.al\/?p=767120"},"modified":"2025-10-22T16:29:14","modified_gmt":"2025-10-22T14:29:14","slug":"keshilli-i-larte-gjyqesor-cakton-ne-detyre-42-gjyqtaret-e-rinj-i-shperndan-ne-11-ne-gjykata","status":"publish","type":"post","link":"https:\/\/www.hashtag.al\/index.php\/2025\/10\/22\/keshilli-i-larte-gjyqesor-cakton-ne-detyre-42-gjyqtaret-e-rinj-i-shperndan-ne-11-ne-gjykata\/","title":{"rendered":"K\u00ebshilli i Lart\u00eb Gjyq\u00ebsor cakton n\u00eb detyr\u00eb 42 gjyqtar\u00ebt e rinj, i shp\u00ebrndan n\u00eb 11 n\u00eb Gjykata","gt_translate_keys":[{"key":"rendered","format":"text"}]},"content":{"rendered":"<p><span style=\"color: #000000;\"><img loading=\"lazy\" decoding=\"async\" class=\"alignnone size-medium wp-image-767121\" src=\"https:\/\/www.hashtag.al\/wp-content\/uploads\/2025\/10\/1759928896_klgj-300x169.jpg\" alt=\"\" width=\"300\" height=\"169\" srcset=\"https:\/\/www.hashtag.al\/wp-content\/uploads\/2025\/10\/1759928896_klgj-300x169.jpg 300w, https:\/\/www.hashtag.al\/wp-content\/uploads\/2025\/10\/1759928896_klgj-768x433.jpg 768w, https:\/\/www.hashtag.al\/wp-content\/uploads\/2025\/10\/1759928896_klgj.jpg 780w\" sizes=\"auto, (max-width: 300px) 100vw, 300px\" \/><\/span><\/p>\n<p><span style=\"color: #000000;\">K\u00ebshilli i Lart\u00eb Gjyq\u00ebsor ka caktuar sot n\u00eb detyr\u00eb 42 gjyqtar\u00ebt e rinj, t\u00eb cil\u00ebt jan\u00eb shp\u00ebrndar\u00eb n\u00eb 11 n\u00eb Gjykata. KLGJ i ka shp\u00ebrndar\u00eb gjyqtar\u00ebt e rinj n\u00eb gjykatat n\u00eb qytetet e Beratit, Elbasanit, Fierit, Gjirokastr\u00ebs, Kor\u00e7\u00ebs, Kuk\u00ebsit dhe Lezh\u00ebs.<\/span><\/p>\n<p><span style=\"color: #000000;\">Em\u00ebrimi i tyre si gjyqtar\u00eb u krye m\u00eb 31 korrik, nd\u00ebrsa caktimi konkret n\u00eb gjykata \u00ebsht\u00eb b\u00ebr\u00eb sot, pas gati tre muajsh. Ceremonia e betimit t\u00eb tyre pritet t\u00eb zhvillohet dit\u00ebn e nes\u00ebrme.<\/span><\/p>\n<p><span style=\"color: #000000;\"><strong>Njoftimi i KLGJ:<\/strong><\/span><\/p>\n<p><span style=\"color: #000000;\"><em>K\u00ebshilli i Lart\u00eb Gjyq\u00ebsor, KLGJ miratoi t\u00eb m\u00ebrkur\u00ebn projekt-vendimet p\u00ebr caktimin n\u00eb detyr\u00eb t\u00eb 42 magjistrat\u00ebve t\u00eb rinj, q\u00eb p\u00ebrfunduan Shkoll\u00ebn e Magjistratur\u00ebs n\u00eb vitin akademik 2024-2025. Em\u00ebrimi i tyre si magjistrat\u00eb gjyqtar\u00eb u krye m\u00eb 31 korrik, por caktimi n\u00eb detyr\u00eb \u00ebsht\u00eb b\u00ebr\u00eb vet\u00ebm sot, pas gati 3 muajsh. Ceremonia e betimit pritet t\u00eb b\u00ebhet nes\u00ebr.<\/em><\/span><\/p>\n<p><span style=\"color: #000000;\"><em>Shp\u00ebrndarja e gjyqtar\u00ebve \u00ebsht\u00eb si m\u00eb posht\u00eb: i) tre pozicione n\u00eb Gjykat\u00ebn e Shkall\u00ebs s\u00eb par\u00eb t\u00eb Juridiksionit t\u00eb P\u00ebrgjithsh\u00ebm Berat; ii) shtat\u00eb pozicione e Shkall\u00ebs s\u00eb par\u00eb t\u00eb Juridiksionit t\u00eb P\u00ebrgjithsh\u00ebm Elbasan, iii) shtat\u00eb pozicione n\u00eb Gjykat\u00ebn e Shkall\u00ebs s\u00eb par\u00eb t\u00eb Juridiksionit t\u00eb P\u00ebrgjithsh\u00ebm Fier; iv) dy pozicione n\u00eb Gjykat\u00ebn e Shkall\u00ebs s\u00eb par\u00eb t\u00eb Juridiksionit t\u00eb P\u00ebrgjithsh\u00ebm Gjirokast\u00ebr; v) dy pozicione n\u00eb Gjykat\u00ebn e Shkall\u00ebs s\u00eb par\u00eb t\u00eb Juridiksionit t\u00eb P\u00ebrgjithsh\u00ebm Kor\u00e7\u00eb.<\/em><\/span><\/p>\n<ol>\n<li><span style=\"color: #000000;\"><em>vi) dy pozicione n\u00eb Gjykat\u00ebn e Shkall\u00ebs s\u00eb par\u00eb t\u00eb Juridiksionit t\u00eb P\u00ebrgjithsh\u00ebm Kuk\u00ebs; vii) kat\u00ebr pozicione n\u00eb Gjykat\u00ebn e Shkall\u00ebs s\u00eb par\u00eb t\u00eb Juridiksionit t\u00eb P\u00ebrgjithsh\u00ebm Lezh\u00eb; viii)nj\u00eb pozicion n\u00eb Gjykat\u00ebn e Shkall\u00ebs s\u00eb par\u00eb t\u00eb Juridiksionit t\u00eb P\u00ebrgjithsh\u00ebm Sarand\u00eb; ix) pes\u00eb pozicione n\u00eb Gjykat\u00ebn e Shkall\u00ebs s\u00eb par\u00eb t\u00eb Juridiksionit t\u00eb P\u00ebrgjithsh\u00ebm Shkod\u00ebr; x) dy pozicione n\u00eb Gjykat\u00ebn e Shkall\u00ebs s\u00eb par\u00eb t\u00eb Juridiksionit t\u00eb P\u00ebrgjithsh\u00ebm Vlor\u00eb; xi) shtat\u00eb pozicione n\u00eb Gjykat\u00ebn Administrative t\u00eb Shkall\u00ebs s\u00eb Par\u00eb Lushnj\u00eb&#8217;, thuhet n\u00eb njoftim.<\/em><\/span><\/li>\n<\/ol>\n<p><span style=\"color: #000000;\">Prej vettingut, gjykatave n\u00eb vend q\u00eb sipas organik\u00ebs duhet t\u00eb kishin 417 gjyqtar\u00eb kan\u00eb vet\u00ebm 308 gjyqtar\u00eb t\u00eb em\u00ebruar, nga t\u00eb cil\u00ebt jan\u00eb efektivisht n\u00eb detyr\u00eb 265. N\u00eb situat\u00eb m\u00eb dramatike shfaqet Gjykata e Apelit e Juridiksionit t\u00eb P\u00ebrgjithsh\u00ebm, q\u00eb duhet t\u00eb ket\u00eb n\u00eb p\u00ebrb\u00ebrje 78 gjyqtar\u00eb. Me caktimin e magjistrat\u00ebve t\u00eb rinj, numri i gjyqtar\u00ebve efiktivisht n\u00eb detyr\u00eb shkon n\u00eb 307, nd\u00ebrsa i t\u00eb em\u00ebruarve shkon 350. Mbeten ende edhe 67 vende vakante n\u00eb gjykata.<\/span><\/p>\n<p><span style=\"color: #000000;\"><strong>Shp\u00ebrndarja e magjistrat\u00ebve n\u00eb 11 gjykata<\/strong><\/span><\/p>\n<p><span style=\"color: #000000;\">-3 n\u00eb Gjykat\u00ebn e Shkall\u00ebs s\u00eb Par\u00eb t\u00eb Juridiksionit t\u00eb P\u00ebrgjithsh\u00ebm Berat<\/span><\/p>\n<p><span style=\"color: #000000;\">-7 n\u00eb Elbasan<\/span><\/p>\n<p><span style=\"color: #000000;\">-7 n\u00eb Fier<\/span><\/p>\n<p><span style=\"color: #000000;\">-2 n\u00eb Gjirokast\u00ebr<\/span><\/p>\n<p><span style=\"color: #000000;\">-2 n\u00eb Kor\u00e7\u00eb<\/span><\/p>\n<ul>\n<li><span style=\"color: #000000;\">2 n\u00eb Kuk\u00ebs<\/span><\/li>\n<\/ul>\n<p><span style=\"color: #000000;\">-4 n\u00eb Lezh\u00eb<\/span><\/p>\n<p><span style=\"color: #000000;\">-1 n\u00eb Sarand\u00eb<\/span><\/p>\n<p><span style=\"color: #000000;\">-5 n\u00eb Shkod\u00ebr<\/span><\/p>\n<p><span style=\"color: #000000;\">2 n\u00eb Vlor\u00eb<\/span><\/p>\n<p><span style=\"color: #000000;\">-7 n\u00eb Gjykat\u00ebn Administrative t\u00eb Shkall\u00ebs s\u00eb Par\u00eb Lushnj\u00eb.<\/span><\/p>\n<p>&nbsp;<\/p>\n","protected":false,"gt_translate_keys":[{"key":"rendered","format":"html"}]},"excerpt":{"rendered":"<p>K\u00ebshilli i Lart\u00eb Gjyq\u00ebsor ka caktuar sot n\u00eb detyr\u00eb 42 gjyqtar\u00ebt e rinj, t\u00eb cil\u00ebt jan\u00eb shp\u00ebrndar\u00eb n\u00eb 11 n\u00eb Gjykata. KLGJ i ka shp\u00ebrndar\u00eb gjyqtar\u00ebt e rinj n\u00eb gjykatat n\u00eb qytetet e Beratit, Elbasanit, Fierit, Gjirokastr\u00ebs, Kor\u00e7\u00ebs, Kuk\u00ebsit dhe Lezh\u00ebs. Em\u00ebrimi i tyre si gjyqtar\u00eb u krye m\u00eb 31 korrik, nd\u00ebrsa caktimi konkret n\u00eb [&hellip;]<\/p>\n","protected":false,"gt_translate_keys":[{"key":"rendered","format":"html"}]},"author":32,"featured_media":767121,"comment_status":"closed","ping_status":"open","sticky":false,"template":"","format":"standard","meta":{"footnotes":""},"categories":[65],"tags":[],"class_list":["post-767120","post","type-post","status-publish","format-standard","has-post-thumbnail","hentry","category-lajme"],"gt_translate_keys":[{"key":"link","format":"url"}],"_links":{"self":[{"href":"https:\/\/www.hashtag.al\/index.php\/wp-json\/wp\/v2\/posts\/767120","targetHints":{"allow":["GET"]}}],"collection":[{"href":"https:\/\/www.hashtag.al\/index.php\/wp-json\/wp\/v2\/posts"}],"about":[{"href":"https:\/\/www.hashtag.al\/index.php\/wp-json\/wp\/v2\/types\/post"}],"author":[{"embeddable":true,"href":"https:\/\/www.hashtag.al\/index.php\/wp-json\/wp\/v2\/users\/32"}],"replies":[{"embeddable":true,"href":"https:\/\/www.hashtag.al\/index.php\/wp-json\/wp\/v2\/comments?post=767120"}],"version-history":[{"count":99999,"href":"https:\/\/www.hashtag.al\/index.php\/wp-json\/wp\/v2\/posts\/767120\/revisions"}],"predecessor-version":[{"id":767122,"href":"https:\/\/www.hashtag.al\/index.php\/wp-json\/wp\/v2\/posts\/767120\/revisions\/767122"}],"wp:featuredmedia":[{"embeddable":true,"href":"https:\/\/www.hashtag.al\/index.php\/wp-json\/wp\/v2\/media\/767121"}],"wp:attachment":[{"href":"https:\/\/www.hashtag.al\/index.php\/wp-json\/wp\/v2\/media?parent=767120"}],"wp:term":[{"taxonomy":"category","embeddable":true,"href":"https:\/\/www.hashtag.al\/index.php\/wp-json\/wp\/v2\/categories?post=767120"},{"taxonomy":"post_tag","embeddable":true,"href":"https:\/\/www.hashtag.al\/index.php\/wp-json\/wp\/v2\/tags?post=767120"}],"curies":[{"name":"wp","href":"https:\/\/api.w.org\/{rel}","templated":true}]}}