{"id":767037,"date":"2025-10-22T07:52:05","date_gmt":"2025-10-22T05:52:05","guid":{"rendered":"https:\/\/www.hashtag.al\/?p=767037"},"modified":"2025-10-22T07:52:05","modified_gmt":"2025-10-22T05:52:05","slug":"vrasje-e-dyfishte-ne-durres-pas-nje-konflikti-te-castit","status":"publish","type":"post","link":"https:\/\/www.hashtag.al\/index.php\/2025\/10\/22\/vrasje-e-dyfishte-ne-durres-pas-nje-konflikti-te-castit\/","title":{"rendered":"Vrasje e dyfisht\u00eb n\u00eb Durr\u00ebs pas nj\u00eb konflikti t\u00eb \u00e7astit","gt_translate_keys":[{"key":"rendered","format":"text"}]},"content":{"rendered":"<p data-start=\"90\" data-end=\"211\"><span style=\"color: #000000;\"><img loading=\"lazy\" decoding=\"async\" class=\"size-medium wp-image-737709 aligncenter\" src=\"https:\/\/www.hashtag.al\/wp-content\/uploads\/2025\/04\/skene-krimi-300x169.jpg\" alt=\"\" width=\"300\" height=\"169\" srcset=\"https:\/\/www.hashtag.al\/wp-content\/uploads\/2025\/04\/skene-krimi-300x169.jpg 300w, https:\/\/www.hashtag.al\/wp-content\/uploads\/2025\/04\/skene-krimi.jpg 640w\" sizes=\"auto, (max-width: 300px) 100vw, 300px\" \/><br \/>\nNj\u00eb ngjarje e r\u00ebnd\u00eb ka tronditur qytetin e Durr\u00ebsit pas mesnate, ku dy persona mbet\u00ebn t\u00eb vrar\u00eb me arm\u00eb zjarri n\u00eb Man\u00ebz.<\/span><\/p>\n<p data-start=\"213\" data-end=\"386\"><span style=\"color: #000000;\">Sipas t\u00eb dh\u00ebnave paraprake, ngjarja ndodhi rreth or\u00ebs 01:45 t\u00eb dat\u00ebs 22 tetor 2025, pran\u00eb nj\u00eb karburanti n\u00eb zon\u00eb, pas nj\u00eb konflikti t\u00eb \u00e7astit p\u00ebr motive t\u00eb dob\u00ebta.<\/span><\/p>\n<p data-start=\"388\" data-end=\"524\"><span style=\"color: #000000;\">Burime p\u00ebr <span style=\"color: #0000ff;\"><a style=\"color: #0000ff;\" href=\"https:\/\/www.balkanweb.com\/lajmi-i-fundit-autori-ende-ne-kerkim-zbulohen-identitetet-e-viktimave-ne-durres-emrat\/#gsc.tab=0\">BW<\/a><\/span> b\u00ebjn\u00eb me dije se viktimat jan\u00eb Aranit Kurti, 23 vje\u00e7, dhe Flori Palu\u00e7i, 33 vje\u00e7, t\u00eb dy banues n\u00eb Man\u00ebz.<\/span><\/p>\n<p data-start=\"526\" data-end=\"713\"><span style=\"color: #000000;\">Nga hetimet paraprake, dyshohet se Flori Palu\u00e7i ka vrar\u00eb me arm\u00eb zjarri Aranit Kurtin, nd\u00ebrsa m\u00eb pas \u00ebsht\u00eb q\u00eblluar p\u00ebr vdekje nga D. P., 21 vje\u00e7, gjithashtu banues n\u00eb Man\u00ebz.<\/span><\/p>\n<p data-start=\"715\" data-end=\"982\" data-is-last-node=\"\" data-is-only-node=\"\"><span style=\"color: #000000;\">Policia po kryen kontrolle intensive p\u00ebr kapjen e autorit t\u00eb dyshuar, nd\u00ebrsa nj\u00eb grup i posa\u00e7\u00ebm hetimor n\u00ebn drejtimin e prokurorit ndodhet n\u00eb vendngjarje p\u00ebr zbardhjen e plot\u00eb t\u00eb rrethanave dhe identifikimin e \u00e7do personi t\u00eb p\u00ebrfshir\u00eb n\u00eb k\u00ebt\u00eb ngjarje.<\/span><\/p>\n","protected":false,"gt_translate_keys":[{"key":"rendered","format":"html"}]},"excerpt":{"rendered":"<p>Nj\u00eb ngjarje e r\u00ebnd\u00eb ka tronditur qytetin e Durr\u00ebsit pas mesnate, ku dy persona mbet\u00ebn t\u00eb vrar\u00eb me arm\u00eb zjarri n\u00eb Man\u00ebz. Sipas t\u00eb dh\u00ebnave paraprake, ngjarja ndodhi rreth or\u00ebs 01:45 t\u00eb dat\u00ebs 22 tetor 2025, pran\u00eb nj\u00eb karburanti n\u00eb zon\u00eb, pas nj\u00eb konflikti t\u00eb \u00e7astit p\u00ebr motive t\u00eb dob\u00ebta. Burime p\u00ebr BW b\u00ebjn\u00eb me [&hellip;]<\/p>\n","protected":false,"gt_translate_keys":[{"key":"rendered","format":"html"}]},"author":32,"featured_media":737709,"comment_status":"closed","ping_status":"open","sticky":false,"template":"","format":"standard","meta":{"footnotes":""},"categories":[65],"tags":[],"class_list":["post-767037","post","type-post","status-publish","format-standard","has-post-thumbnail","hentry","category-lajme"],"gt_translate_keys":[{"key":"link","format":"url"}],"_links":{"self":[{"href":"https:\/\/www.hashtag.al\/index.php\/wp-json\/wp\/v2\/posts\/767037","targetHints":{"allow":["GET"]}}],"collection":[{"href":"https:\/\/www.hashtag.al\/index.php\/wp-json\/wp\/v2\/posts"}],"about":[{"href":"https:\/\/www.hashtag.al\/index.php\/wp-json\/wp\/v2\/types\/post"}],"author":[{"embeddable":true,"href":"https:\/\/www.hashtag.al\/index.php\/wp-json\/wp\/v2\/users\/32"}],"replies":[{"embeddable":true,"href":"https:\/\/www.hashtag.al\/index.php\/wp-json\/wp\/v2\/comments?post=767037"}],"version-history":[{"count":99999,"href":"https:\/\/www.hashtag.al\/index.php\/wp-json\/wp\/v2\/posts\/767037\/revisions"}],"predecessor-version":[{"id":767038,"href":"https:\/\/www.hashtag.al\/index.php\/wp-json\/wp\/v2\/posts\/767037\/revisions\/767038"}],"wp:featuredmedia":[{"embeddable":true,"href":"https:\/\/www.hashtag.al\/index.php\/wp-json\/wp\/v2\/media\/737709"}],"wp:attachment":[{"href":"https:\/\/www.hashtag.al\/index.php\/wp-json\/wp\/v2\/media?parent=767037"}],"wp:term":[{"taxonomy":"category","embeddable":true,"href":"https:\/\/www.hashtag.al\/index.php\/wp-json\/wp\/v2\/categories?post=767037"},{"taxonomy":"post_tag","embeddable":true,"href":"https:\/\/www.hashtag.al\/index.php\/wp-json\/wp\/v2\/tags?post=767037"}],"curies":[{"name":"wp","href":"https:\/\/api.w.org\/{rel}","templated":true}]}}