{"id":767001,"date":"2025-10-21T21:52:35","date_gmt":"2025-10-21T19:52:35","guid":{"rendered":"https:\/\/www.hashtag.al\/?p=767001"},"modified":"2025-10-21T21:52:35","modified_gmt":"2025-10-21T19:52:35","slug":"rama-ne-londer-europa-po-plaket-dhe-rrezikon-te-mbetet-pas-per-shqiptaret-be-eshte-si-nje-fe","status":"publish","type":"post","link":"https:\/\/www.hashtag.al\/index.php\/2025\/10\/21\/rama-ne-londer-europa-po-plaket-dhe-rrezikon-te-mbetet-pas-per-shqiptaret-be-eshte-si-nje-fe\/","title":{"rendered":"Rama n\u00eb Lond\u00ebr: Europa po plaket dhe rrezikon t\u00eb mbetet pas; p\u00ebr shqiptar\u00ebt BE \u00ebsht\u00eb si nj\u00eb fe","gt_translate_keys":[{"key":"rendered","format":"text"}]},"content":{"rendered":"<p data-start=\"104\" data-end=\"313\"><span style=\"color: #000000;\"><img loading=\"lazy\" decoding=\"async\" class=\"size-medium wp-image-766726 aligncenter\" src=\"https:\/\/www.hashtag.al\/wp-content\/uploads\/2025\/10\/edi-rama-2-3-300x174.jpg\" alt=\"\" width=\"300\" height=\"174\" srcset=\"https:\/\/www.hashtag.al\/wp-content\/uploads\/2025\/10\/edi-rama-2-3-300x174.jpg 300w, https:\/\/www.hashtag.al\/wp-content\/uploads\/2025\/10\/edi-rama-2-3-1024x595.jpg 1024w, https:\/\/www.hashtag.al\/wp-content\/uploads\/2025\/10\/edi-rama-2-3-768x446.jpg 768w, https:\/\/www.hashtag.al\/wp-content\/uploads\/2025\/10\/edi-rama-2-3-250x145.jpg 250w, https:\/\/www.hashtag.al\/wp-content\/uploads\/2025\/10\/edi-rama-2-3.jpg 1167w\" sizes=\"auto, (max-width: 300px) 100vw, 300px\" \/><br \/>\nKryeministri i Shqip\u00ebris\u00eb, Edi Rama, ndodhet n\u00eb Lond\u00ebr ku mori pjes\u00eb n\u00eb Forumin p\u00ebr Sigurin\u00eb dhe Politikat Globale, n\u00eb kuad\u00ebr t\u00eb Samitit t\u00eb Procesit t\u00eb Berlinit q\u00eb do t\u00eb zhvillohet t\u00eb mart\u00ebn.<\/span><\/p>\n<p data-start=\"315\" data-end=\"550\"><span style=\"color: #000000;\">Gjat\u00eb fjal\u00ebs s\u00eb tij, Rama u ndal te gjendja aktuale e Europ\u00ebs dhe roli i saj n\u00eb politik\u00ebn nd\u00ebrkomb\u00ebtare, duke theksuar se kontinenti duhet t\u00eb reflektoj\u00eb mbi mang\u00ebsit\u00eb e tij p\u00ebrpara se t\u00eb tejkalohet nga fuqit\u00eb e tjera globale.<\/span><\/p>\n<p data-start=\"554\" data-end=\"916\"><span style=\"color: #000000;\">\u201cN\u00ebse dikush do t\u00eb kuptoj\u00eb m\u00eb mir\u00eb \u00e7far\u00eb ndodh me Europ\u00ebn, duhet t\u00eb d\u00ebgjoj\u00eb ata jasht\u00eb saj. T\u00eb gjith\u00eb e shohin Europ\u00ebn si nj\u00eb gjigant t\u00eb vjet\u00ebr, t\u00eb lodhur, q\u00eb nuk kupton se bota ka ndryshuar. M\u00eb pak se 40 vjet m\u00eb par\u00eb PBB e Europ\u00ebs ishte m\u00eb e madhe se e Kin\u00ebs, sot jan\u00eb t\u00eb barabarta dhe n\u00eb m\u00eb pak se 20 vjet Kina do t\u00eb ket\u00eb PBB dyfishin e Europ\u00ebs\u201d, \u2013 tha Rama.<\/span><\/p>\n<p data-start=\"918\" data-end=\"1070\"><span style=\"color: #000000;\">Kreu i qeveris\u00eb foli gjithashtu p\u00ebr ambicien e Shqip\u00ebris\u00eb p\u00ebr an\u00ebtar\u00ebsim n\u00eb Bashkimin Europian, duke e cil\u00ebsuar k\u00ebt\u00eb si nj\u00eb objektiv komb\u00ebtar.<\/span><\/p>\n<p data-start=\"1074\" data-end=\"1376\"><span style=\"color: #000000;\">\u201cN\u00eb Shqip\u00ebri kemi shum\u00eb \u00ebndrra dhe ambicie p\u00ebr ta b\u00ebr\u00eb vendin ton\u00eb pjes\u00eb t\u00eb BE-s\u00eb, p\u00ebr t\u00eb z\u00ebn\u00eb vendin q\u00eb la bosh Britania. P\u00ebr ne, Bashkimi Europian \u00ebsht\u00eb si nj\u00eb fe \u2013 92% e shqiptar\u00ebve duan t\u00eb jen\u00eb pjes\u00eb e tij. Ne kemi nj\u00eb politik\u00eb t\u00eb polarizuar, por p\u00ebr BE-n\u00eb jemi t\u00eb gjith\u00eb bashk\u00eb,\u201d \u2013 theksoi Rama.<\/span><\/p>\n<p data-start=\"1378\" data-end=\"1640\"><span style=\"color: #000000;\">I pyetur mbi deklaratat e deputetit britanik Nigel Farage, i cili ka sulmuar n\u00eb t\u00eb kaluar\u00ebn komunitetin shqiptar n\u00eb Britani duke e etiketuar si burim kriminaliteti, Rama u shpreh se problemet q\u00eb ngre Farage duhen par\u00eb n\u00eb rr\u00ebnj\u00eb dhe jo p\u00ebrmes individit.<\/span><\/p>\n<p data-start=\"1644\" data-end=\"1914\"><span style=\"color: #000000;\">\u201cFarage nuk \u00ebsht\u00eb problemi, ai \u00ebsht\u00eb pasqyra ku shfaqen disa nga problemet e shoq\u00ebris\u00eb britanike. Ai nuk ka zgjidhje, por zgjidhja nuk \u00ebsht\u00eb ta paraqes\u00ebsh si kok\u00eb turku. Zgjidhja \u00ebsht\u00eb t\u00eb adresosh problemet reale dhe t\u00eb rikthesh besimin te ky vend i madh,\u201d \u2013 tha Rama.<\/span><\/p>\n<p data-start=\"1916\" data-end=\"2098\" data-is-last-node=\"\" data-is-only-node=\"\"><span style=\"color: #000000;\">N\u00eb mbr\u00ebmje, bashk\u00ebshortja e tij, Linda Rama, ishte nikoqire e nj\u00eb darke zyrtare p\u00ebr pjes\u00ebmarr\u00ebsit e Forumit, ku theksoi se \u201cglobalizimi nuk \u00ebsht\u00eb zgjedhje, por realitet\u201d.<\/span><\/p>\n","protected":false,"gt_translate_keys":[{"key":"rendered","format":"html"}]},"excerpt":{"rendered":"<p>Kryeministri i Shqip\u00ebris\u00eb, Edi Rama, ndodhet n\u00eb Lond\u00ebr ku mori pjes\u00eb n\u00eb Forumin p\u00ebr Sigurin\u00eb dhe Politikat Globale, n\u00eb kuad\u00ebr t\u00eb Samitit t\u00eb Procesit t\u00eb Berlinit q\u00eb do t\u00eb zhvillohet t\u00eb mart\u00ebn. Gjat\u00eb fjal\u00ebs s\u00eb tij, Rama u ndal te gjendja aktuale e Europ\u00ebs dhe roli i saj n\u00eb politik\u00ebn nd\u00ebrkomb\u00ebtare, duke theksuar se kontinenti [&hellip;]<\/p>\n","protected":false,"gt_translate_keys":[{"key":"rendered","format":"html"}]},"author":32,"featured_media":766726,"comment_status":"closed","ping_status":"open","sticky":false,"template":"","format":"standard","meta":{"footnotes":""},"categories":[65],"tags":[],"class_list":["post-767001","post","type-post","status-publish","format-standard","has-post-thumbnail","hentry","category-lajme"],"gt_translate_keys":[{"key":"link","format":"url"}],"_links":{"self":[{"href":"https:\/\/www.hashtag.al\/index.php\/wp-json\/wp\/v2\/posts\/767001","targetHints":{"allow":["GET"]}}],"collection":[{"href":"https:\/\/www.hashtag.al\/index.php\/wp-json\/wp\/v2\/posts"}],"about":[{"href":"https:\/\/www.hashtag.al\/index.php\/wp-json\/wp\/v2\/types\/post"}],"author":[{"embeddable":true,"href":"https:\/\/www.hashtag.al\/index.php\/wp-json\/wp\/v2\/users\/32"}],"replies":[{"embeddable":true,"href":"https:\/\/www.hashtag.al\/index.php\/wp-json\/wp\/v2\/comments?post=767001"}],"version-history":[{"count":99999,"href":"https:\/\/www.hashtag.al\/index.php\/wp-json\/wp\/v2\/posts\/767001\/revisions"}],"predecessor-version":[{"id":767002,"href":"https:\/\/www.hashtag.al\/index.php\/wp-json\/wp\/v2\/posts\/767001\/revisions\/767002"}],"wp:featuredmedia":[{"embeddable":true,"href":"https:\/\/www.hashtag.al\/index.php\/wp-json\/wp\/v2\/media\/766726"}],"wp:attachment":[{"href":"https:\/\/www.hashtag.al\/index.php\/wp-json\/wp\/v2\/media?parent=767001"}],"wp:term":[{"taxonomy":"category","embeddable":true,"href":"https:\/\/www.hashtag.al\/index.php\/wp-json\/wp\/v2\/categories?post=767001"},{"taxonomy":"post_tag","embeddable":true,"href":"https:\/\/www.hashtag.al\/index.php\/wp-json\/wp\/v2\/tags?post=767001"}],"curies":[{"name":"wp","href":"https:\/\/api.w.org\/{rel}","templated":true}]}}