{"id":766994,"date":"2025-10-21T21:27:18","date_gmt":"2025-10-21T19:27:18","guid":{"rendered":"https:\/\/www.hashtag.al\/?p=766994"},"modified":"2025-10-21T21:27:18","modified_gmt":"2025-10-21T19:27:18","slug":"demet-financiare-nga-vjedhja-ne-muzeun-e-luvrit-arrijne-ne-rreth-90-milione-euro","status":"publish","type":"post","link":"https:\/\/www.hashtag.al\/index.php\/2025\/10\/21\/demet-financiare-nga-vjedhja-ne-muzeun-e-luvrit-arrijne-ne-rreth-90-milione-euro\/","title":{"rendered":"D\u00ebmet financiare nga vjedhja n\u00eb muzeun e Luvrit arrijn\u00eb n\u00eb rreth 90 milion\u00eb euro","gt_translate_keys":[{"key":"rendered","format":"text"}]},"content":{"rendered":"<p data-start=\"107\" data-end=\"380\"><span style=\"color: #000000;\"><img loading=\"lazy\" decoding=\"async\" class=\"size-medium wp-image-262726 aligncenter\" src=\"https:\/\/www.hashtag.al\/wp-content\/uploads\/2019\/01\/luvri-300x181.jpg\" alt=\"\" width=\"300\" height=\"181\" srcset=\"https:\/\/www.hashtag.al\/wp-content\/uploads\/2019\/01\/luvri-300x181.jpg 300w, https:\/\/www.hashtag.al\/wp-content\/uploads\/2019\/01\/luvri.jpg 730w\" sizes=\"auto, (max-width: 300px) 100vw, 300px\" \/><br \/>\nNj\u00eb nga grabitjet m\u00eb t\u00eb guximshme n\u00eb historin\u00eb moderne t\u00eb Franc\u00ebs ka tronditur Parisin k\u00ebt\u00eb jav\u00eb, pasi nj\u00eb band\u00eb prej kat\u00ebr personash vodhi bizhuteri t\u00eb pa\u00e7mueshme nga Galeria Apollo e Muzeut t\u00eb Luvrit, me nj\u00eb d\u00ebm financiar q\u00eb llogaritet n\u00eb rreth 90 milion\u00eb euro, p\u00ebrcjell <span style=\"color: #0000ff;\"><a style=\"color: #0000ff;\" href=\"https:\/\/www.theguardian.com\/world\/2025\/oct\/21\/louvre-heist-losses-put-at-almost-90m-as-museums-head-prepares-to-face-mps\">Guardian<\/a><\/span>.<\/span><\/p>\n<p data-start=\"382\" data-end=\"706\"><span style=\"color: #000000;\">Sipas prokurores s\u00eb Parisit, Laure Beccuau, muzeu ka vler\u00ebsuar se humbjet arrijn\u00eb n\u00eb 88 milion\u00eb euro, nd\u00ebrsa drejtori i Luvrit, Laurence des Cars, pritet t\u00eb raportoj\u00eb para Komisionit t\u00eb Kultur\u00ebs n\u00eb parlament t\u00eb m\u00ebrkur\u00ebn pasdite p\u00ebr detajet e siguris\u00eb q\u00eb lejuan nj\u00eb grabitje t\u00eb till\u00eb t\u00eb ndodhte n\u00eb mes t\u00eb dit\u00ebs.<\/span><\/p>\n<p data-start=\"708\" data-end=\"1110\"><span style=\"color: #000000;\">Grabitja ndodhi t\u00eb diel\u00ebn n\u00eb m\u00ebngjes, zgjati vet\u00ebm shtat\u00eb minuta, dhe u krye nga kat\u00ebr persona q\u00eb hyn\u00eb n\u00eb katin e par\u00eb t\u00eb nd\u00ebrtes\u00ebs p\u00ebrmes nj\u00eb dritareje, duke p\u00ebrdorur nj\u00eb shkall\u00eb hidraulike t\u00eb nj\u00eb ashensori mobil nga rruga. Ata mor\u00ebn tet\u00eb bizhuteri t\u00eb periudh\u00ebs s\u00eb Napoleonit, mes tyre edhe nj\u00eb kuror\u00eb t\u00eb Perandoresh\u00ebs Eug\u00e9nie, e cila fatmir\u00ebsisht u gjet m\u00eb von\u00eb nga policia.<\/span><\/p>\n<p data-start=\"1112\" data-end=\"1384\"><span style=\"color: #000000;\">Ministrja franceze e Kultur\u00ebs, Rachida Dati, deklaroi n\u00eb Asamblen\u00eb Komb\u00ebtare se \u201csistemi i siguris\u00eb s\u00eb Luvrit nuk d\u00ebshtoi\u201d, por shtoi se nj\u00eb pjes\u00eb e buxhetit t\u00eb rinovimit t\u00eb muzeut do t\u00eb shkoj\u00eb p\u00ebr modernizimin e kamerave t\u00eb siguris\u00eb dhe sistemit t\u00eb alarmit.<\/span><\/p>\n<p data-start=\"1386\" data-end=\"1651\"><span style=\"color: #000000;\">Nd\u00ebrkoh\u00eb, policia ka ngritur nj\u00eb nj\u00ebsi t\u00eb specializuar prej 100 hetuesish p\u00ebr t\u00eb zbuluar autor\u00ebt e grabitjes, nd\u00ebrsa n\u00eb vendngjarje jan\u00eb gjetur gjurm\u00eb ADN-je, motor\u00eb t\u00eb braktisur, targa dhe pajisja me t\u00eb cil\u00ebn grabit\u00ebsit u ngjit\u00ebn n\u00eb nd\u00ebrtes\u00eb.<\/span><\/p>\n<p data-start=\"1653\" data-end=\"1837\"><span style=\"color: #000000;\">Autoritetet dyshojn\u00eb se bizhuterit\u00eb mund t\u00eb jen\u00eb shkat\u00ebrruar apo shkrir\u00eb p\u00ebr vler\u00ebn e materialit, por shpresojn\u00eb q\u00eb autor\u00ebt \u201ct\u00eb mos ken\u00eb shkat\u00ebrruar thesaret historike pa arsye\u201d.<\/span><\/p>\n<p data-start=\"1839\" data-end=\"1972\"><span style=\"color: #000000;\">N\u00eb dy muajt e fundit, kat\u00ebr muze francez\u00eb jan\u00eb b\u00ebr\u00eb objekt grabitjesh, mes tyre edhe Muzeu Komb\u00ebtar Adrien Dubouch\u00e9 n\u00eb Limoges.<\/span><\/p>\n<p data-start=\"1974\" data-end=\"2169\"><span style=\"color: #000000;\">Qeveria franceze ka konfirmuar se shteti vepron si sigurues i vetvetes, ndaj nuk do t\u00eb marr\u00eb kompensim p\u00ebr veprat e vjedhura, ndryshe nga muzet\u00eb privat\u00eb q\u00eb mbulohen nga sigurime t\u00eb posa\u00e7me.<\/span><\/p>\n","protected":false,"gt_translate_keys":[{"key":"rendered","format":"html"}]},"excerpt":{"rendered":"<p>Nj\u00eb nga grabitjet m\u00eb t\u00eb guximshme n\u00eb historin\u00eb moderne t\u00eb Franc\u00ebs ka tronditur Parisin k\u00ebt\u00eb jav\u00eb, pasi nj\u00eb band\u00eb prej kat\u00ebr personash vodhi bizhuteri t\u00eb pa\u00e7mueshme nga Galeria Apollo e Muzeut t\u00eb Luvrit, me nj\u00eb d\u00ebm financiar q\u00eb llogaritet n\u00eb rreth 90 milion\u00eb euro, p\u00ebrcjell Guardian. Sipas prokurores s\u00eb Parisit, Laure Beccuau, muzeu ka vler\u00ebsuar [&hellip;]<\/p>\n","protected":false,"gt_translate_keys":[{"key":"rendered","format":"html"}]},"author":32,"featured_media":262726,"comment_status":"closed","ping_status":"open","sticky":false,"template":"","format":"standard","meta":{"footnotes":""},"categories":[53],"tags":[],"class_list":["post-766994","post","type-post","status-publish","format-standard","has-post-thumbnail","hentry","category-fast-foodi"],"gt_translate_keys":[{"key":"link","format":"url"}],"_links":{"self":[{"href":"https:\/\/www.hashtag.al\/index.php\/wp-json\/wp\/v2\/posts\/766994","targetHints":{"allow":["GET"]}}],"collection":[{"href":"https:\/\/www.hashtag.al\/index.php\/wp-json\/wp\/v2\/posts"}],"about":[{"href":"https:\/\/www.hashtag.al\/index.php\/wp-json\/wp\/v2\/types\/post"}],"author":[{"embeddable":true,"href":"https:\/\/www.hashtag.al\/index.php\/wp-json\/wp\/v2\/users\/32"}],"replies":[{"embeddable":true,"href":"https:\/\/www.hashtag.al\/index.php\/wp-json\/wp\/v2\/comments?post=766994"}],"version-history":[{"count":99999,"href":"https:\/\/www.hashtag.al\/index.php\/wp-json\/wp\/v2\/posts\/766994\/revisions"}],"predecessor-version":[{"id":766995,"href":"https:\/\/www.hashtag.al\/index.php\/wp-json\/wp\/v2\/posts\/766994\/revisions\/766995"}],"wp:featuredmedia":[{"embeddable":true,"href":"https:\/\/www.hashtag.al\/index.php\/wp-json\/wp\/v2\/media\/262726"}],"wp:attachment":[{"href":"https:\/\/www.hashtag.al\/index.php\/wp-json\/wp\/v2\/media?parent=766994"}],"wp:term":[{"taxonomy":"category","embeddable":true,"href":"https:\/\/www.hashtag.al\/index.php\/wp-json\/wp\/v2\/categories?post=766994"},{"taxonomy":"post_tag","embeddable":true,"href":"https:\/\/www.hashtag.al\/index.php\/wp-json\/wp\/v2\/tags?post=766994"}],"curies":[{"name":"wp","href":"https:\/\/api.w.org\/{rel}","templated":true}]}}