{"id":766976,"date":"2025-10-21T20:08:33","date_gmt":"2025-10-21T18:08:33","guid":{"rendered":"https:\/\/www.hashtag.al\/?p=766976"},"modified":"2025-10-21T20:08:33","modified_gmt":"2025-10-21T18:08:33","slug":"korridoret-e-energjise-shqiperia-e-parafundit-regjistroi-volum-1307-gwh-ne-transmetim","status":"publish","type":"post","link":"https:\/\/www.hashtag.al\/index.php\/2025\/10\/21\/korridoret-e-energjise-shqiperia-e-parafundit-regjistroi-volum-1307-gwh-ne-transmetim\/","title":{"rendered":"Korridoret e energjis\u00eb, Shqip\u00ebria e parafundit, regjistroi volum 1307 GWh n\u00eb transmetim","gt_translate_keys":[{"key":"rendered","format":"text"}]},"content":{"rendered":"<p><a href=\"https:\/\/www.hashtag.al\/wp-content\/uploads\/2025\/10\/ramaballuku.jpeg\"><img loading=\"lazy\" decoding=\"async\" class=\"aligncenter size-full wp-image-766977\" src=\"https:\/\/www.hashtag.al\/wp-content\/uploads\/2025\/10\/ramaballuku.jpeg\" alt=\"\" width=\"1366\" height=\"768\" srcset=\"https:\/\/www.hashtag.al\/wp-content\/uploads\/2025\/10\/ramaballuku.jpeg 1366w, https:\/\/www.hashtag.al\/wp-content\/uploads\/2025\/10\/ramaballuku-300x169.jpeg 300w, https:\/\/www.hashtag.al\/wp-content\/uploads\/2025\/10\/ramaballuku-1024x576.jpeg 1024w, https:\/\/www.hashtag.al\/wp-content\/uploads\/2025\/10\/ramaballuku-768x432.jpeg 768w\" sizes=\"auto, (max-width: 1366px) 100vw, 1366px\" \/><\/a><\/p>\n<p><span style=\"color: #000000;\">Vendet e Ballkanit Per\u00ebndimor, ku b\u00ebn pjes\u00eb edhe Shqip\u00ebria, jan\u00eb natyrsh\u00ebm korridore tranziti energjie dhe eksportet q\u00eb ato kan\u00eb kryer n\u00eb raport me volumet e destinuara vet\u00ebm si tranzit nga vendet e BE-s\u00eb apo pal\u00eb kontraktuese jan\u00eb duksh\u00ebm t\u00eb ul\u00ebt.<\/span><\/p>\n<p><span style=\"color: #000000;\">Nj\u00eb raport i Komunitetit t\u00eb Energjis\u00eb vler\u00ebson se n\u00eb krye t\u00eb vendeve q\u00eb kan\u00eb transmetuar m\u00eb shum\u00eb energji \u00ebsht\u00eb Serbia duke u b\u00ebr\u00eb k\u00ebshtu korridori qendror p\u00ebr \u201crrjedh\u00ebn\u201d e energjis\u00eb, kurse Shqip\u00ebria ishte e parafundit.<\/span><\/p>\n<p><span style=\"color: #000000;\">\u201cN\u00eb vitin 2024, Serbia mbeti korridori qendror tranzit p\u00ebr rrjedhat e energjis\u00eb elektrike, me nj\u00eb volum total prej 9,181 GWh. Pas saj renditeshin Maqedonia e Veriut (3,354 GWh), Mali i Zi (3,042 GWh), Bosnj\u00eb dhe Hercegovina (2,158 GWh) dhe Shqip\u00ebria (1,307 GWh).<\/span><\/p>\n<p><span style=\"color: #000000;\">Moldavia regjistroi volumin m\u00eb t\u00eb ul\u00ebt, me vet\u00ebm 188 GWh t\u00eb planifikuara drejt BE-s\u00eb. K\u00ebto shifra p\u00ebrfshijn\u00eb si eksportet e drejtp\u00ebrdrejta nga secila Pal\u00eb Kontraktuese, ashtu edhe rrjedhat tranzite q\u00eb p\u00ebrfshijn\u00eb energji t\u00eb prodhuar n\u00eb shtete an\u00ebtare t\u00eb BE-s\u00eb dhe\/ose n\u00eb Pal\u00eb t\u00eb tjera Kontraktuese\u201d thuhet n\u00eb raport.<\/span><\/p>\n<p><span style=\"color: #000000;\">I nj\u00ebjti n\u00ebnvizon se krahasimi i t\u00eb dh\u00ebnave p\u00ebr vitin 2024 konfirmon se, me p\u00ebrjashtim t\u00eb Bosnj\u00ebs dhe Hercegovin\u00ebs, Pal\u00ebt Kontraktuese veprojn\u00eb kryesisht si korridore tranziti p\u00ebr rrjedhat e energjis\u00eb elektrike drejt shteteve an\u00ebtare t\u00eb BE-s\u00eb.<\/span><\/p>\n<p><span style=\"color: #000000;\">N\u00eb k\u00ebto raste, volumi i planifikuar drejt BE-s\u00eb tejkalon ndjesh\u00ebm pozicionin neto t\u00eb eksportit t\u00eb tyre, duke treguar se pjesa m\u00eb e madhe e energjis\u00eb q\u00eb kalon n\u00ebp\u00ebr sistemet e tyre ka origjin\u00eb n\u00eb shtetet an\u00ebtare t\u00eb BE-s\u00eb ose n\u00eb Pal\u00eb t\u00eb tjera Kontraktuese.<\/span><\/p>\n<p><span style=\"color: #000000;\">Sipas raportit edhe pse origjina e sakt\u00eb e energjis\u00eb elektrike q\u00eb kalon tranzit p\u00ebrmes Pal\u00ebve Kontraktuese nuk mund t\u00eb p\u00ebrcaktohet nga t\u00eb dh\u00ebnat ekzistuese, konfigurimi i sistemit rajonal t\u00eb energjis\u00eb jep tregues t\u00eb fort\u00eb.<\/span><\/p>\n<p><span style=\"color: #000000;\">Pal\u00ebt Kontraktuese t\u00eb Ballkanit Per\u00ebndimor 6 jan\u00eb t\u00ebr\u00ebsisht t\u00eb rrethuara nga shtete an\u00ebtare t\u00eb BE-s\u00eb, gj\u00eb q\u00eb i pozicionon ato si korridore natyrore tranziti p\u00ebr rrjedhat nd\u00ebrkufitare t\u00eb energjis\u00eb elektrike.<\/span><\/p>\n<p><span style=\"color: #000000;\">\u201cT\u00eb dh\u00ebnat e vitit 2024 p\u00ebrforcojn\u00eb nj\u00eb tendenc\u00eb gjithnj\u00eb e m\u00eb t\u00eb dukshme: p\u00ebrve\u00e7 Bosnj\u00ebs dhe Hercegovin\u00ebs dhe n\u00eb nj\u00eb mas\u00eb m\u00eb t\u00eb vog\u00ebl, Malit t\u00eb Zi, \u00a0Pal\u00ebt Kontraktuese nuk kan\u00eb regjistruar eksporte neto t\u00eb r\u00ebnd\u00ebsishme t\u00eb energjis\u00eb elektrike n\u00eb vitin 2024.<\/span><\/p>\n<p><span style=\"color: #000000;\">Megjithat\u00eb, rrjedhat tregtare t\u00eb planifikuara drejt shteteve an\u00ebtare t\u00eb BE-s\u00eb nga k\u00ebto vende e kan\u00eb tejkaluar ndjesh\u00ebm pozicionin e tyre neto t\u00eb eksportit.<\/span><\/p>\n<p><span style=\"color: #000000;\">Kjo tregon se shumica e energjis\u00eb q\u00eb qarkullon n\u00ebp\u00ebr rrjetet e tyre nuk \u00ebsht\u00eb me origjin\u00eb vendase, por kalon tranzit nga vendet fqinje t\u00eb BE-s\u00eb, me nj\u00eb pjes\u00eb m\u00eb t\u00eb vog\u00ebl q\u00eb vjen nga shk\u00ebmbimet brenda rajonit\u201d thuhet n\u00eb raport.<\/span><\/p>\n<p><span style=\"color: #000000;\">Sipas Sekretariatit nd\u00ebrsa ky model b\u00ebhet gjithnj\u00eb e m\u00eb i duksh\u00ebm, ai thekson r\u00ebnd\u00ebsin\u00eb e ndarjes s\u00eb qart\u00eb midis importeve tregtare nga Pal\u00ebt Kontraktuese jo t\u00eb p\u00ebrjashtuara dhe energjin\u00eb q\u00eb kalon tranzit p\u00ebrmes sistemeve t\u00eb tyre, n\u00eb m\u00ebnyr\u00eb q\u00eb parimet e CBAM (mekanizmit t\u00eb rregullimit t\u00eb kufirit t\u00eb karbonit) t\u00eb zbatohen si\u00e7 duhet.<\/span><\/p>\n<p><span style=\"color: #000000;\"><strong><span style=\"color: #ff0000;\">VINI RE<\/span><\/strong>: Ky material \u00ebsht\u00eb pron\u00ebsi intelektuale e <span style=\"color: #0000ff;\"><a style=\"color: #0000ff;\" href=\"https:\/\/monitor.al\/korridoret-e-energjise-shqiperia-e-parafundit-regjistroi-volum1307-gwh-ne-transmetim\/\">Monitor<\/a><\/span><\/span><\/p>\n","protected":false,"gt_translate_keys":[{"key":"rendered","format":"html"}]},"excerpt":{"rendered":"<p>Vendet e Ballkanit Per\u00ebndimor, ku b\u00ebn pjes\u00eb edhe Shqip\u00ebria, jan\u00eb natyrsh\u00ebm korridore tranziti energjie dhe eksportet q\u00eb ato kan\u00eb kryer n\u00eb raport me volumet e destinuara vet\u00ebm si tranzit nga vendet e BE-s\u00eb apo pal\u00eb kontraktuese jan\u00eb duksh\u00ebm t\u00eb ul\u00ebt. Nj\u00eb raport i Komunitetit t\u00eb Energjis\u00eb vler\u00ebson se n\u00eb krye t\u00eb vendeve q\u00eb kan\u00eb transmetuar [&hellip;]<\/p>\n","protected":false,"gt_translate_keys":[{"key":"rendered","format":"html"}]},"author":51,"featured_media":766977,"comment_status":"closed","ping_status":"open","sticky":false,"template":"","format":"standard","meta":{"footnotes":""},"categories":[65],"tags":[],"class_list":["post-766976","post","type-post","status-publish","format-standard","has-post-thumbnail","hentry","category-lajme"],"gt_translate_keys":[{"key":"link","format":"url"}],"_links":{"self":[{"href":"https:\/\/www.hashtag.al\/index.php\/wp-json\/wp\/v2\/posts\/766976","targetHints":{"allow":["GET"]}}],"collection":[{"href":"https:\/\/www.hashtag.al\/index.php\/wp-json\/wp\/v2\/posts"}],"about":[{"href":"https:\/\/www.hashtag.al\/index.php\/wp-json\/wp\/v2\/types\/post"}],"author":[{"embeddable":true,"href":"https:\/\/www.hashtag.al\/index.php\/wp-json\/wp\/v2\/users\/51"}],"replies":[{"embeddable":true,"href":"https:\/\/www.hashtag.al\/index.php\/wp-json\/wp\/v2\/comments?post=766976"}],"version-history":[{"count":99999,"href":"https:\/\/www.hashtag.al\/index.php\/wp-json\/wp\/v2\/posts\/766976\/revisions"}],"predecessor-version":[{"id":766978,"href":"https:\/\/www.hashtag.al\/index.php\/wp-json\/wp\/v2\/posts\/766976\/revisions\/766978"}],"wp:featuredmedia":[{"embeddable":true,"href":"https:\/\/www.hashtag.al\/index.php\/wp-json\/wp\/v2\/media\/766977"}],"wp:attachment":[{"href":"https:\/\/www.hashtag.al\/index.php\/wp-json\/wp\/v2\/media?parent=766976"}],"wp:term":[{"taxonomy":"category","embeddable":true,"href":"https:\/\/www.hashtag.al\/index.php\/wp-json\/wp\/v2\/categories?post=766976"},{"taxonomy":"post_tag","embeddable":true,"href":"https:\/\/www.hashtag.al\/index.php\/wp-json\/wp\/v2\/tags?post=766976"}],"curies":[{"name":"wp","href":"https:\/\/api.w.org\/{rel}","templated":true}]}}