{"id":766598,"date":"2025-10-19T17:51:48","date_gmt":"2025-10-19T15:51:48","guid":{"rendered":"https:\/\/www.hashtag.al\/?p=766598"},"modified":"2025-10-19T17:51:48","modified_gmt":"2025-10-19T15:51:48","slug":"arrestimi-i-avokatit-ne-vlore-dhoma-kombetare-e-avokatise-bojkoton-te-gjitha-seancat-20-25-tetor","status":"publish","type":"post","link":"https:\/\/www.hashtag.al\/index.php\/2025\/10\/19\/arrestimi-i-avokatit-ne-vlore-dhoma-kombetare-e-avokatise-bojkoton-te-gjitha-seancat-20-25-tetor\/","title":{"rendered":"Arrestimi i avokatit n\u00eb Vlor\u00eb, Dhoma Komb\u00ebtare e Avokatis\u00eb bojkoton t\u00eb gjitha seancat 20-25 tetor","gt_translate_keys":[{"key":"rendered","format":"text"}]},"content":{"rendered":"<p><a href=\"https:\/\/www.hashtag.al\/wp-content\/uploads\/2025\/10\/ulianbajrami.jpg\"><img loading=\"lazy\" decoding=\"async\" class=\"aligncenter size-full wp-image-766599\" src=\"https:\/\/www.hashtag.al\/wp-content\/uploads\/2025\/10\/ulianbajrami.jpg\" alt=\"\" width=\"1280\" height=\"720\" srcset=\"https:\/\/www.hashtag.al\/wp-content\/uploads\/2025\/10\/ulianbajrami.jpg 1280w, https:\/\/www.hashtag.al\/wp-content\/uploads\/2025\/10\/ulianbajrami-300x169.jpg 300w, https:\/\/www.hashtag.al\/wp-content\/uploads\/2025\/10\/ulianbajrami-1024x576.jpg 1024w, https:\/\/www.hashtag.al\/wp-content\/uploads\/2025\/10\/ulianbajrami-768x432.jpg 768w\" sizes=\"auto, (max-width: 1280px) 100vw, 1280px\" \/><\/a><\/p>\n<p><span style=\"color: #000000;\">Dhoma Komb\u00ebtare e Avokatis\u00eb ka p\u00ebrshkall\u00ebzuar q\u00ebndrimin pas arrestimit t\u00eb avokatit Ulian Bajrami n\u00eb Vlor\u00eb. Ajo ka vendosur t\u00eb bojkotoj\u00eb t\u00eb gjitha proceset penale n\u00eb t\u00eb gjitha shkall\u00ebt, p\u00ebrfshi ato n\u00eb Gykat\u00ebn Kushtetuese p\u00ebr data 20-25 tetor. P\u00ebrjashtim nga bojkotimi b\u00ebjn\u00eb vet\u00ebm masat e siguris\u00eb.<\/span><\/p>\n<p><span style=\"color: #000000;\">Dhoma e Avokatis\u00eb k\u00ebrkon hetim t\u00eb menj\u00ebhersh\u00ebm t\u00eb \u00e7\u00ebshtje n\u00eb fjal\u00eb si dhe angazhimin e Inspektorit t\u00eb Lart\u00eb t\u00eb Drejt\u00ebsis\u00eb. Dhoma ka vendosur t\u00eb shtyj\u00eb p\u00ebr nj\u00eb dat\u00eb t\u00eb m\u00ebvonshme t\u00eb tryez\u00ebs s\u00eb rrumbullak\u00ebt me ministrin e Drejt\u00ebsis\u00eb.<\/span><\/p>\n<p><span style=\"color: #000000;\"><em><i>\u201c<\/i><\/em><em><i>Vendimi i Dhom\u00ebs s\u00eb Avokatis\u00eb:<\/i><\/em><\/span><\/p>\n<p><span style=\"color: #000000;\"><em><i>Komiteti Drejtues i Dhom\u00ebs s\u00eb Avokatis\u00eb t\u00eb Shqip\u00ebris\u00eb<\/i><\/em><\/span><\/p>\n<p><span style=\"color: #000000;\"><em><i>Komiteti Drejtues i Dhom\u00ebs s\u00eb Avokatis\u00eb s\u00eb Shqip\u00ebris\u00eb shqyrtoi ngarjen teper te rende lidhur me arrestimin e kolegut Av.Ulian Barjami, pasi mori kontakt personalisht me kolegun Barjami dhe u njoh drejtp\u00ebrdrejt dhe n\u00eb detaje me kete ngjarje. Me vendim qarkullues, Komiteti vendosi unanimisht:<\/i><\/em><\/span><\/p>\n<ol>\n<li><span style=\"color: #000000;\"><em><i> Bllokimin, n\u00ebp\u00ebrmjet bojkotit t\u00eb t\u00eb gjitha proceseve penale, si n\u00eb hetim dhe n\u00eb gjykim, n\u00eb t\u00eb gjitha shkall\u00ebt, p\u00ebrfshi edhe pro\u00e7eset n\u00eb Gjykat\u00ebn Kushtetuese, p\u00ebr datat 20 tetor deri n\u00eb 25 tetor. P\u00ebrjashtohen nga efektet e k\u00ebtij vendimi pjesmarrja n\u00eb c\u00ebshtjet penale me objekt caktimi, ndryshimi, z\u00ebvend\u00ebsimi dhe shuarje t\u00eb masave t\u00eb sigurimit.<\/i><\/em><\/span><\/li>\n<li><span style=\"color: #000000;\"><em><i> Mospjesmarrja e avokat\u00ebve n\u00eb proceset penale si n\u00eb hetim dhe gjykim n\u00eb datat e m\u00ebsip\u00ebrme, \u00ebsht\u00eb arsye objektive p\u00ebr shtyrjen e proceseve gjyq\u00ebsore.<\/i><\/em><\/span><\/li>\n<li><span style=\"color: #000000;\"><em><i> Moszbatimi i k\u00ebtij i k\u00ebtij vendimi nga avokatet p\u00ebrben shkelje t\u00eb r\u00ebnd\u00eb disiplinore, si rrjedhoje sherben si baze per fillim t\u00eb procedimit disiplinor nga Komiteti i Disiplin\u00ebs, duke u shoqeruar me vendosjen e masave me te renda disiplinore, pezullim deri ne heqjen e li\u00e7ens\u00ebs se ushtriimit te profesionit.<\/i><\/em><\/span><\/li>\n<li><span style=\"color: #000000;\"><em><i> Komiteti Drejtues k\u00ebrkon angazhimin urgjent dhe me p\u00ebrgjegj\u00ebsi p\u00ebr shqyrtimin e k\u00ebsaj c\u00ebshtje nga ana e Inspektorit t\u00eb Lart\u00eb t\u00eb Drejt\u00ebsis\u00eb, K\u00ebshillit t\u00eb Lart\u00eb Gjyq\u00ebsor dhe K\u00ebshillit t\u00eb Lart\u00eb t\u00eb Prokuroris\u00eb.<\/i><\/em><\/span><\/li>\n<li><span style=\"color: #000000;\"><em><i> P\u00ebr zbatimin e k\u00ebtij vendimi ngarkohen Dhomat Vendore t\u00eb Avokatis\u00eb.<\/i><\/em><\/span><\/li>\n<li><span style=\"color: #000000;\"><em><i> Depozitimin e nj\u00eb kopje vendimi, pran\u00eb \u00e7do gjykate n\u00eb t\u00eb gjitha nivelet.<\/i><\/em><\/span><\/li>\n<li><span style=\"color: #000000;\"><em><i> Depozitimin e nje kopje vendimi prane Inspektorit t\u00eb Lart\u00eb t\u00eb drejt\u00ebsis\u00eb, Keshillit t\u00eb Lart\u00eb Gjyq\u00ebsor dhe K\u00ebshillit t\u00eb Lart\u00eb t\u00eb Prokuroris\u00eb.<\/i><\/em><\/span><\/li>\n<li><span style=\"color: #000000;\"><em><i> Shtyrjen per nje date tjeter te tryezes se rrumbullaket te caktuar paraprakisht me Ministrine e Drejtesise ne daten 20 tetor, me objekt &#8220;Diskutimi i Projekt Kodit Penal midis grupit t\u00eb pun\u00ebs dhe Dhom\u00ebs se Avokatis\u00eb t\u00eb Shqip\u00ebris\u00eb, organizuar nga Ministria e Drejt\u00ebsis\u00eb.<\/i><\/em><em><i>\u201d<\/i><\/em><\/span><\/li>\n<\/ol>\n","protected":false,"gt_translate_keys":[{"key":"rendered","format":"html"}]},"excerpt":{"rendered":"<p>Dhoma Komb\u00ebtare e Avokatis\u00eb ka p\u00ebrshkall\u00ebzuar q\u00ebndrimin pas arrestimit t\u00eb avokatit Ulian Bajrami n\u00eb Vlor\u00eb. Ajo ka vendosur t\u00eb bojkotoj\u00eb t\u00eb gjitha proceset penale n\u00eb t\u00eb gjitha shkall\u00ebt, p\u00ebrfshi ato n\u00eb Gykat\u00ebn Kushtetuese p\u00ebr data 20-25 tetor. P\u00ebrjashtim nga bojkotimi b\u00ebjn\u00eb vet\u00ebm masat e siguris\u00eb. Dhoma e Avokatis\u00eb k\u00ebrkon hetim t\u00eb menj\u00ebhersh\u00ebm t\u00eb \u00e7\u00ebshtje n\u00eb [&hellip;]<\/p>\n","protected":false,"gt_translate_keys":[{"key":"rendered","format":"html"}]},"author":51,"featured_media":766599,"comment_status":"closed","ping_status":"open","sticky":false,"template":"","format":"standard","meta":{"footnotes":""},"categories":[65],"tags":[],"class_list":["post-766598","post","type-post","status-publish","format-standard","has-post-thumbnail","hentry","category-lajme"],"gt_translate_keys":[{"key":"link","format":"url"}],"_links":{"self":[{"href":"https:\/\/www.hashtag.al\/index.php\/wp-json\/wp\/v2\/posts\/766598","targetHints":{"allow":["GET"]}}],"collection":[{"href":"https:\/\/www.hashtag.al\/index.php\/wp-json\/wp\/v2\/posts"}],"about":[{"href":"https:\/\/www.hashtag.al\/index.php\/wp-json\/wp\/v2\/types\/post"}],"author":[{"embeddable":true,"href":"https:\/\/www.hashtag.al\/index.php\/wp-json\/wp\/v2\/users\/51"}],"replies":[{"embeddable":true,"href":"https:\/\/www.hashtag.al\/index.php\/wp-json\/wp\/v2\/comments?post=766598"}],"version-history":[{"count":99999,"href":"https:\/\/www.hashtag.al\/index.php\/wp-json\/wp\/v2\/posts\/766598\/revisions"}],"predecessor-version":[{"id":766600,"href":"https:\/\/www.hashtag.al\/index.php\/wp-json\/wp\/v2\/posts\/766598\/revisions\/766600"}],"wp:featuredmedia":[{"embeddable":true,"href":"https:\/\/www.hashtag.al\/index.php\/wp-json\/wp\/v2\/media\/766599"}],"wp:attachment":[{"href":"https:\/\/www.hashtag.al\/index.php\/wp-json\/wp\/v2\/media?parent=766598"}],"wp:term":[{"taxonomy":"category","embeddable":true,"href":"https:\/\/www.hashtag.al\/index.php\/wp-json\/wp\/v2\/categories?post=766598"},{"taxonomy":"post_tag","embeddable":true,"href":"https:\/\/www.hashtag.al\/index.php\/wp-json\/wp\/v2\/tags?post=766598"}],"curies":[{"name":"wp","href":"https:\/\/api.w.org\/{rel}","templated":true}]}}