{"id":766533,"date":"2025-10-19T12:03:03","date_gmt":"2025-10-19T10:03:03","guid":{"rendered":"https:\/\/www.hashtag.al\/?p=766533"},"modified":"2025-10-19T12:03:03","modified_gmt":"2025-10-19T10:03:03","slug":"guvernatori-i-bsh-ne-mbledhjen-e-fmn-sejko-ekonomia-rritje-mesatare-rreth-35-ne-dy-vitet-e-fundit-inflacioni-prane-objektivit-3","status":"publish","type":"post","link":"https:\/\/www.hashtag.al\/index.php\/2025\/10\/19\/guvernatori-i-bsh-ne-mbledhjen-e-fmn-sejko-ekonomia-rritje-mesatare-rreth-35-ne-dy-vitet-e-fundit-inflacioni-prane-objektivit-3\/","title":{"rendered":"Guvernatori i BSH n\u00eb mbledhjen e FMN, Sejko: Ekonomia rritje mesatare rreth 3,5% n\u00eb dy vitet e fundit, inflacioni pran\u00eb objektivit 3%","gt_translate_keys":[{"key":"rendered","format":"text"}]},"content":{"rendered":"<p><span style=\"color: #000000;\"><img loading=\"lazy\" decoding=\"async\" class=\"alignnone size-medium wp-image-766534\" src=\"https:\/\/www.hashtag.al\/wp-content\/uploads\/2025\/10\/562379085_1254956303340439_3378730436634037309_n-300x200.jpg\" alt=\"\" width=\"300\" height=\"200\" srcset=\"https:\/\/www.hashtag.al\/wp-content\/uploads\/2025\/10\/562379085_1254956303340439_3378730436634037309_n-300x200.jpg 300w, https:\/\/www.hashtag.al\/wp-content\/uploads\/2025\/10\/562379085_1254956303340439_3378730436634037309_n-1024x682.jpg 1024w, https:\/\/www.hashtag.al\/wp-content\/uploads\/2025\/10\/562379085_1254956303340439_3378730436634037309_n-768x512.jpg 768w, https:\/\/www.hashtag.al\/wp-content\/uploads\/2025\/10\/562379085_1254956303340439_3378730436634037309_n.jpg 1280w\" sizes=\"auto, (max-width: 300px) 100vw, 300px\" \/><\/span><\/p>\n<p><span style=\"color: #000000;\">Guvernatori i Bank\u00ebs s\u00eb Shqip\u00ebris\u00eb, Gent Sejko dhe ministri i Financave, Petrit Malaj mor\u00ebn pjes\u00eb n\u00eb Mbledhjet Vjetore t\u00eb Fondit Monetar Nd\u00ebrkomb\u00ebtar (FMN) dhe t\u00eb Grupit t\u00eb Bank\u00ebs Bot\u00ebrore (BB), t\u00eb zhvilluara n\u00eb Uashington DC, SHBA.<\/span><\/p>\n<p><span style=\"color: #000000;\">Gjat\u00eb k\u00ebtyre takimeve, Guvernatori Sejko i njohu p\u00ebrfaq\u00ebsuesit e FMN-s\u00eb dhe BB-s\u00eb me zhvillimet m\u00eb t\u00eb fundit ekonomike dhe financiare n\u00eb vend, si dhe perspektiv\u00ebn e tyre p\u00ebr t\u00eb ardhmen; politik\u00ebn monetare t\u00eb ndjekur nga Banka e Shqip\u00ebris\u00eb dhe masat e marra p\u00ebr ruajtjen dhe forcimin e sh\u00ebndetit t\u00eb sektorit bankar dhe stabilitetit financiar t\u00eb vendit.<\/span><\/p>\n<p><span style=\"color: #000000;\">Pavar\u00ebsisht sfidave, ekonomia shqiptare ka treguar q\u00ebndrueshm\u00ebri dhe rritje n\u00eb dy vitet e fundit, me nj\u00eb norm\u00eb mesatare rritjeje t\u00eb PBB-s\u00eb prej rreth 3.5% n\u00eb vit. Inflacioni ka q\u00ebndruar i ul\u00ebt dhe i q\u00ebndruesh\u00ebm pran\u00eb objektivit prej 3%, nd\u00ebrsa tregu i pun\u00ebs ka sh\u00ebnuar nj\u00eb papun\u00ebsi n\u00eb nivele historikisht t\u00eb ul\u00ebta dhe rritje t\u00eb pagave.<\/span><\/p>\n<p><span style=\"color: #000000;\">Guvernatori vuri n\u00eb dukje se politikat makroekonomike kan\u00eb qen\u00eb t\u00eb kujdesshme dhe t\u00eb koordinuara: politika fiskale ka vijuar t\u00eb jet\u00eb e konsoliduar, duke zvog\u00ebluar borxhin publik; ajo monetare ka qen\u00eb leht\u00ebsuese, me q\u00ebllim mbajtjen e pritshm\u00ebrive t\u00eb inflacionit t\u00eb ankoruara; si dhe politika makroprudenciale ka synuar parandalimin e rreziqeve n\u00eb sektorin bankar dhe tregun e pasurive t\u00eb patundshme.<\/span><\/p>\n<p><span style=\"color: #000000;\">Ai shtoi se investimet dhe konsumi privat mbet\u00ebn motor\u00ebt kryesor\u00eb t\u00eb rritjes, n\u00eb ve\u00e7anti sektori i sh\u00ebrbimeve dhe turizmi kontribuuan pozitivisht.<\/span><\/p>\n<p><span style=\"color: #000000;\">N\u00eb lidhje me perspektiv\u00ebn afatmesme, Guvernatori Sejko theksoi se rritja ekonomike pritet t\u00eb ruaj\u00eb nj\u00eb rit\u00ebm t\u00eb q\u00ebndruesh\u00ebm, nd\u00ebrsa inflacioni t\u00eb arrij\u00eb nivelin objektiv n\u00eb vitin 2026.<\/span><\/p>\n<p><span style=\"color: #000000;\">Ai shtoi se rreziqet kryesore vijn\u00eb nga faktor\u00ebt e jasht\u00ebm, p\u00ebrfshir\u00eb ngadal\u00ebsimin ekonomik n\u00eb partner\u00ebt tregtar\u00eb dhe tensionet gjeopolitike, nd\u00ebrsa an\u00ebt pozitive jan\u00eb perspektiva e integrimit n\u00eb BE dhe plani i ri i rritjes p\u00ebr Ballkanin Per\u00ebndimor.<\/span><\/p>\n<p><span style=\"color: #000000;\">Politika monetare do t\u00eb mbetet e fokusuar n\u00eb stabilitetin e \u00e7mimeve, nd\u00ebrsa politika fiskale do t\u00eb vazhdoj\u00eb konsolidimin. N\u00eb fokus kryesor mbetet stabiliteti monetar dhe financiar, t\u00eb cil\u00ebt jan\u00eb baza p\u00ebr rritje t\u00eb q\u00ebndrueshme ekonomike.<\/span><\/p>\n<p><span style=\"color: #000000;\">Nj\u00eb tjet\u00ebr \u00e7\u00ebshtje e diskutuar ishte inovacioni n\u00eb sektorin financiar, p\u00ebr t\u00eb cil\u00ebn Guvernatori u shpreh se Banka e Shqip\u00ebris\u00eb ka qen\u00eb e angazhuar intensivisht n\u00eb p\u00ebrmir\u00ebsimin e sistemeve t\u00eb pagesave, ku fryti kryesor ishte integrimi i Shqip\u00ebris\u00eb n\u00eb sistemin e pagesave t\u00eb BE-s\u00eb.<\/span><\/p>\n<p><span style=\"color: #000000;\">N\u00ebn drejtimin e Bank\u00ebs s\u00eb Shqip\u00ebris\u00eb, Shqip\u00ebria u an\u00ebtar\u00ebsua n\u00eb SEPA n\u00eb vitin 2024 p\u00ebrmes harmonizimit rregullator dhe p\u00ebrdit\u00ebsimit t\u00eb infrastruktur\u00ebs, si dhe nga 7 tetori 2025 nis\u00ebn pagesat e para n\u00eb tregun unik t\u00eb pagesave me 40+ vende.<\/span><\/p>\n<p><span style=\"color: #000000;\">S\u00eb fundmi, Guvernatori theksoi se bashk\u00ebpunimi me institucionet evropiane dhe nd\u00ebrkomb\u00ebtare ka qen\u00eb thelb\u00ebsor p\u00ebr menaxhimin e rreziqeve dhe mb\u00ebshtetjen e stabilitetit financiar t\u00eb vendit. N\u00eb k\u00ebt\u00eb kontekst, roli i FMN-s\u00eb dhe BB-s\u00eb ka qen\u00eb i r\u00ebnd\u00ebsish\u00ebm p\u00ebr t\u00eb forcuar kapacitetet dhe p\u00ebr t\u00eb ndihmuar n\u00eb zbatimin e politikave t\u00eb duhura.<\/span><\/p>\n<p><span style=\"color: #000000;\">P\u00ebrfaq\u00ebsuesit e FMN-s\u00eb dhe BB-s\u00eb p\u00ebrg\u00ebzuan BSH-n\u00eb p\u00ebr an\u00ebtar\u00ebsimin n\u00eb SEPA, nj\u00eb arritje e r\u00ebnd\u00ebsishme e Bank\u00ebs s\u00eb Shqip\u00ebris\u00eb p\u00ebr modernizimin e sistemit financiar t\u00eb vendit dhe nj\u00eb hap konkret drejt integrimit n\u00eb Bashkimin Evropian.<\/span><\/p>\n<p><span style=\"color: #000000;\">Gjithashtu ata u shpreh\u00ebn pozitivisht lidhur me progresin e b\u00ebr\u00eb nga Shqip\u00ebria n\u00eb drejtim t\u00eb zhvillimit ekonomik, si dhe kontributin e Bank\u00ebs s\u00eb Shqip\u00ebris\u00eb n\u00eb k\u00ebt\u00eb zhvillim. Sipas tyre, bankat qendrore jan\u00eb shtylla stabiliteti n\u00eb koh\u00eb pasigurie, duke mbrojtur ekonomin\u00eb dhe duke ndihmuar n\u00eb nd\u00ebrtimin e rezistenc\u00ebs p\u00ebr t\u00eb ardhmen.<\/span><\/p>\n<p><span style=\"color: #000000;\">Nj\u00eb vler\u00ebsim i ve\u00e7ant\u00eb u shpreh edhe p\u00ebr procesin e integrimit evropian t\u00eb Shqip\u00ebris\u00eb, i cili ofron mund\u00ebsi t\u00eb shumta p\u00ebr nxitjen e investimeve t\u00eb huaja direkte n\u00eb vend, si dhe u theksua nevoja p\u00ebr p\u00ebrparimin e reformave strukturore n\u00eb k\u00ebt\u00eb drejtim.<\/span><\/p>\n<p><span style=\"color: #000000;\">P\u00ebrfaq\u00ebsuesit e FMN-s\u00eb dhe BB-s\u00eb theksuan r\u00ebnd\u00ebsin\u00eb e bashk\u00ebpunimit t\u00eb deritanish\u00ebm me Bank\u00ebn e Shqip\u00ebris\u00eb dhe vazhdimin e tij n\u00ebp\u00ebrmjet asistenc\u00ebs teknike. N\u00eb fokus ishin edhe p\u00ebrpjekjet e Bank\u00ebs s\u00eb Shqip\u00ebris\u00eb p\u00ebr p\u00ebrmir\u00ebsimet dhe risit\u00eb e vazhdueshme n\u00eb sistemet e pagesave, dhe implementimin e projektit p\u00ebr pagesat e menj\u00ebhershme n\u00ebp\u00ebrmjet TIPS clone.<\/span><\/p>\n<p><span style=\"color: #000000;\">P\u00ebrfaq\u00ebsuesit e FMN-s\u00eb vler\u00ebsuan pozitivisht regjimin e lir\u00eb t\u00eb kursit t\u00eb k\u00ebmbimit n\u00eb Shqip\u00ebri, duke e cil\u00ebsuar at\u00eb si nj\u00eb mekaniz\u00ebm q\u00eb ka ndihmuar n\u00eb ruajtjen e stabilitetit makroekonomik dhe n\u00eb p\u00ebrthithjen e goditjeve t\u00eb jashtme, me nj\u00eb rol t\u00eb r\u00ebnd\u00ebsish\u00ebm n\u00eb p\u00ebrballimin e presioneve inflacioniste dhe n\u00eb ruajtjen e stabilitetit t\u00eb \u00e7mimeve.<\/span><\/p>\n<p><span style=\"color: #000000;\">Kursi i k\u00ebmbimit duhet t\u00eb lejohet t\u00eb p\u00ebrshtatet m\u00eb fleksib\u00ebl ndaj zhvillimeve t\u00eb tregut, nd\u00ebrsa nd\u00ebrhyrjet e bank\u00ebs qendrore duhet t\u00eb mbeten nj\u00eb mjet n\u00eb funksion t\u00eb p\u00ebrmbushjes s\u00eb mandatit primar, atij t\u00eb stabilitetit t\u00eb \u00e7mimeve, dhe p\u00ebr t\u00eb zbutur luhatjet q\u00eb burojn\u00eb nga faktor\u00eb spekulativ\u00eb.<\/span><\/p>\n<p><span style=\"color: #000000;\">Guvernatori Sejko dhe p\u00ebrfaq\u00ebsuesit e FMN-s\u00eb dhe BB-s\u00eb dakort\u00ebsuan lidhur me vazhdimin e bashk\u00ebpunimit midis institucioneve dhe vijimit t\u00eb ofrimit t\u00eb asistenc\u00ebs teknike n\u00eb t\u00eb ardhmen n\u00eb fusha si mbik\u00ebqyrja bankare, sistemet e pagesave, aspektet ligjore etj.<\/span><\/p>\n","protected":false,"gt_translate_keys":[{"key":"rendered","format":"html"}]},"excerpt":{"rendered":"<p>Guvernatori i Bank\u00ebs s\u00eb Shqip\u00ebris\u00eb, Gent Sejko dhe ministri i Financave, Petrit Malaj mor\u00ebn pjes\u00eb n\u00eb Mbledhjet Vjetore t\u00eb Fondit Monetar Nd\u00ebrkomb\u00ebtar (FMN) dhe t\u00eb Grupit t\u00eb Bank\u00ebs Bot\u00ebrore (BB), t\u00eb zhvilluara n\u00eb Uashington DC, SHBA. Gjat\u00eb k\u00ebtyre takimeve, Guvernatori Sejko i njohu p\u00ebrfaq\u00ebsuesit e FMN-s\u00eb dhe BB-s\u00eb me zhvillimet m\u00eb t\u00eb fundit ekonomike dhe [&hellip;]<\/p>\n","protected":false,"gt_translate_keys":[{"key":"rendered","format":"html"}]},"author":32,"featured_media":766534,"comment_status":"closed","ping_status":"open","sticky":false,"template":"","format":"standard","meta":{"footnotes":""},"categories":[65],"tags":[],"class_list":["post-766533","post","type-post","status-publish","format-standard","has-post-thumbnail","hentry","category-lajme"],"gt_translate_keys":[{"key":"link","format":"url"}],"_links":{"self":[{"href":"https:\/\/www.hashtag.al\/index.php\/wp-json\/wp\/v2\/posts\/766533","targetHints":{"allow":["GET"]}}],"collection":[{"href":"https:\/\/www.hashtag.al\/index.php\/wp-json\/wp\/v2\/posts"}],"about":[{"href":"https:\/\/www.hashtag.al\/index.php\/wp-json\/wp\/v2\/types\/post"}],"author":[{"embeddable":true,"href":"https:\/\/www.hashtag.al\/index.php\/wp-json\/wp\/v2\/users\/32"}],"replies":[{"embeddable":true,"href":"https:\/\/www.hashtag.al\/index.php\/wp-json\/wp\/v2\/comments?post=766533"}],"version-history":[{"count":99999,"href":"https:\/\/www.hashtag.al\/index.php\/wp-json\/wp\/v2\/posts\/766533\/revisions"}],"predecessor-version":[{"id":766535,"href":"https:\/\/www.hashtag.al\/index.php\/wp-json\/wp\/v2\/posts\/766533\/revisions\/766535"}],"wp:featuredmedia":[{"embeddable":true,"href":"https:\/\/www.hashtag.al\/index.php\/wp-json\/wp\/v2\/media\/766534"}],"wp:attachment":[{"href":"https:\/\/www.hashtag.al\/index.php\/wp-json\/wp\/v2\/media?parent=766533"}],"wp:term":[{"taxonomy":"category","embeddable":true,"href":"https:\/\/www.hashtag.al\/index.php\/wp-json\/wp\/v2\/categories?post=766533"},{"taxonomy":"post_tag","embeddable":true,"href":"https:\/\/www.hashtag.al\/index.php\/wp-json\/wp\/v2\/tags?post=766533"}],"curies":[{"name":"wp","href":"https:\/\/api.w.org\/{rel}","templated":true}]}}