{"id":766530,"date":"2025-10-19T11:49:57","date_gmt":"2025-10-19T09:49:57","guid":{"rendered":"https:\/\/www.hashtag.al\/?p=766530"},"modified":"2025-10-19T11:49:57","modified_gmt":"2025-10-19T09:49:57","slug":"do-merrem-personalisht-me-ty-e-oficeret-do-bej-kallezim-publikohet-audio-e-perplasjes-ne-seance-mes-avokatit-bajrami-me-prokurorin-ceka-ne-elbasan","status":"publish","type":"post","link":"https:\/\/www.hashtag.al\/index.php\/2025\/10\/19\/do-merrem-personalisht-me-ty-e-oficeret-do-bej-kallezim-publikohet-audio-e-perplasjes-ne-seance-mes-avokatit-bajrami-me-prokurorin-ceka-ne-elbasan\/","title":{"rendered":"\u2018Do merrem personalisht me ty e oficer\u00ebt, do b\u00ebj kall\u00ebzim\u2019, publikohet audio e p\u00ebrplasjes n\u00eb seanc\u00eb mes avokatit Bajrami me Prokurorin Ceka n\u00eb Elbasan","gt_translate_keys":[{"key":"rendered","format":"text"}]},"content":{"rendered":"<p><span style=\"color: #000000;\"><img loading=\"lazy\" decoding=\"async\" class=\"alignnone size-medium wp-image-766531\" src=\"https:\/\/www.hashtag.al\/wp-content\/uploads\/2025\/10\/1760859697_ulianbarjamigjergjiceka-300x169.jpg\" alt=\"\" width=\"300\" height=\"169\" srcset=\"https:\/\/www.hashtag.al\/wp-content\/uploads\/2025\/10\/1760859697_ulianbarjamigjergjiceka-300x169.jpg 300w, https:\/\/www.hashtag.al\/wp-content\/uploads\/2025\/10\/1760859697_ulianbarjamigjergjiceka-768x433.jpg 768w, https:\/\/www.hashtag.al\/wp-content\/uploads\/2025\/10\/1760859697_ulianbarjamigjergjiceka.jpg 780w\" sizes=\"auto, (max-width: 300px) 100vw, 300px\" \/><\/span><\/p>\n<p><span style=\"color: #000000;\">Publikohet audioja e debatit n\u00eb sall\u00ebn e gjyqit n\u00eb Gjykat\u00ebn e Elbasanit, ku avokati Ulian Bajrami i drejtohet me tone k\u00ebrc\u00ebnuese prokurorit Gjergj Ceka.<\/span><\/p>\n<p><span style=\"color: #000000;\">Ai u arrestua nj\u00eb dit\u00eb m\u00eb par\u00eb me akuz\u00ebn e &#8220;Kanosjes p\u00ebr shkak t\u00eb detyr\u00ebs&#8221;, &#8220;Kund\u00ebrshtimi dhe goditja e gjyqtarit&#8221;, dhe &#8220;Kanosja e gjyqtarit&#8221;.<\/span><\/p>\n<p><span style=\"color: #000000;\">P\u00ebrplasja u sh\u00ebnua dy dit\u00eb m\u00eb par\u00eb gjat\u00eb seanc\u00ebs p\u00ebr konfirmimin e masave t\u00eb siguris\u00eb p\u00ebr 14 personat e arrestuar m\u00eb 13 tetor n\u00eb nj\u00eb lokal n\u00eb Elbasan, disa prej t\u00eb cil\u00ebve ishin t\u00eb armatosur.<\/span><\/p>\n<p><span style=\"color: #000000;\">Mes t\u00eb arrestuarve ishte dhe Maksim Su\u00e7i, klienti i avokatit Ulian Bajrami. Pas p\u00ebrfundimit t\u00eb seanc\u00ebs, prokuroi b\u00ebri kall\u00ebzim n\u00eb policin\u00eb e Elbasanit p\u00ebr kanosje, nd\u00ebrsa avokati u shoq\u00ebrua dhe m\u00eb pas u vu n\u00eb pranga.<\/span><\/p>\n<p><span style=\"color: #000000;\">Ka qen\u00eb avokati Arben Llangozi q\u00eb ka publikuar audion n\u00eb rrjete sociale, teksa d\u00ebgjohet avokati teksa shprehet se provat jan\u00eb t\u00eb rreme dhe n\u00eb nj\u00eb moment thot\u00eb \u201cdo t\u00eb merrem personalisht me prokurorin dhe me oficer\u00ebt e Policis\u00eb Gjyq\u00ebsore\u201d, dhe se do t\u00eb b\u00ebj\u00eb kall\u00ebzim pasi kontaton element t\u00eb vepr\u00ebs penale.<\/span><\/p>\n<p><span style=\"color: #000000;\">Gjyqtarja Megi Strakosha nd\u00ebrhyn menj\u00ebher\u00eb duke e nd\u00ebrprer\u00eb dhe duke e kritikuar p\u00ebr gjuh\u00ebn e p\u00ebrdorur dhe e paralajm\u00ebron se do ta p\u00ebrjashtoj\u00eb nga salla e gjyqit dhe n\u00eb vend t\u00eb tij do t\u00eb caktoj\u00eb nj\u00eb avokat kryesisht.<\/span><\/p>\n<p><span style=\"color: #000000;\"><strong><em>Pjes\u00eb nga diskutimi:<\/em><\/strong><\/span><\/p>\n<p><span style=\"color: #000000;\"><strong><em>Avokati Ulian Bajrami<\/em><\/strong><em>: K\u00ebrkesa e prokurorit p\u00ebr vler\u00ebsim p\u00ebr caktim mase bazohet n\u00eb disa prova. Nj\u00eb nd\u00ebr to tregon q\u00eb ka pasqyrim t\u00eb rreme t\u00eb t\u00eb dh\u00ebnave, dhe do t\u00eb merrem personalisht edhe me prokurorin edhe me gjith\u00eb oficer\u00ebt e policis\u00eb gjyq\u00ebsore. Do t\u00eb b\u00ebj kall\u00ebzim.<\/em><\/span><\/p>\n<p><span style=\"color: #000000;\"><strong><em>Gjyqtarja Megi Strakosha<\/em><\/strong><em>: Avokat nuk funksionon me k\u00ebrc\u00ebnim n\u00eb sall\u00ebn e gjyqit. Nuk ka r\u00ebnd\u00ebsi se \u00e7far\u00eb do t\u00eb b\u00ebni ju jasht\u00eb k\u00ebsaj salle.\u00a0<\/em><\/span><\/p>\n<p><span style=\"color: #000000;\"><strong><em>Avokati Ulian Bajrami<\/em><\/strong><em>: Konstatoj vep\u00ebr penale\u2026<\/em><\/span><\/p>\n<p><span style=\"color: #000000;\"><strong><em>Gjyqtarja Megi Strakosha<\/em><\/strong><em>: T\u00eb thash\u00eb p\u00ebr her\u00eb t\u00eb fundit. \u00a0Do t\u00eb marr masa nga ato q\u00eb parashikon Kodi i Procedur\u00ebs. Ky lloj komunikimi n\u00eb k\u00ebt\u00eb sall\u00eb gjyqi me mua si gjyqtare nuk t\u00eb lejohet. P\u00ebrqendrohu te mbrojtja e t\u00eb pandehurit t\u00ebnd ose do t\u00eb caktohet nj\u00eb avokat kryesisht dhe do t\u00eb t\u00eb nxjerr p\u00ebrjashta. Paralajm\u00ebrimi i fundit.<\/em><\/span><\/p>\n<p><span style=\"color: #000000;\"><strong>Avokati<\/strong>: Mesa pash\u00eb konstatoj pasqyrim t\u00eb t\u00eb dh\u00ebnave t\u00eb rreme. \u00a0<\/span><\/p>\n<p><span style=\"color: #000000;\">Arben Llangozi, i cili publikoi audion shprehet kritik teksa thot\u00eb se avokati Bajrami po paguan \u00e7mimin e ndershm\u00ebris\u00eb n\u00eb nj\u00eb sistem t\u00eb kalbur. Ai thot\u00eb se ngjarja \u00ebsht\u00eb po aq e r\u00ebnd\u00eb sa vet\u00eb vrasja e gjyqtarit Astrit Kalaja n\u00eb Apelin e Tiran\u00ebs, teksa thot\u00eb se nj\u00ebri u vra fizikisht, nd\u00ebrsa tjetri po &#8220;vritet&#8221; nga sistemi.<\/span><\/p>\n<p><span style=\"color: #000000;\">Dhoma Komb\u00ebtare e Avokatis\u00eb reagoi ashp\u00ebr dhe e ka quajtur k\u00ebt\u00eb ngjarje shum\u00eb t\u00eb r\u00ebnd\u00eb q\u00eb cenon pun\u00ebn dhe lirin\u00eb e avokatit n\u00eb sall\u00ebn e gjyqit. \u00a0Dhoma i b\u00ebri thirrje ILD, KLP dhe Prokuroris\u00eb s\u00eb P\u00ebrgjithshme q\u00eb t\u00eb veproj\u00eb urgjentisht p\u00ebr k\u00ebt\u00eb ngjarje q\u00eb e quan rast flagrant arbitrariteti dhe shkeljeje t\u00eb hapur t\u00eb ligjit.\u00a0<\/span><\/p>\n<p><span style=\"color: #000000;\">Sipas Dhom\u00ebs s\u00eb Avokatis\u00eb, avokati Bajrami ka reaguar, pasi pa videon ku klienti i tij nuk shfaqej duke kund\u00ebrshtuar me dhun\u00eb punonj\u00ebsit e policis\u00eb, sikurse pretendonte prokurori\u00a0<a style=\"color: #000000;\" href=\"https:\/\/shqiptarja.com\/tag\/152920\">Gjergji Ceka<\/a>, dhe ne k\u00ebto momente \u00a0ka deklaruar se do t\u00eb b\u00ebj\u00eb kall\u00ebzim ndaj k\u00ebtij t\u00eb fundit p\u00ebr falsifikim provash. Sikurse b\u00ebn me dije Dhoma e Avokatis\u00eb, n\u00eb ato momente prokurori e ka paralajm\u00ebruar se do t\u00eb arrestoj\u00eb, nd\u00ebrsa avokati i \u00ebsht\u00eb p\u00ebrgjigjur se do ta kall\u00ebzonte p\u00ebr falsifikim provash.\u00a0<\/span><\/p>\n<p><span style=\"color: #000000;\"><strong>Reagimi i plot\u00eb i avokatit Arben Llangozi q\u00eb publikoi audion:\u00a0<\/strong><\/span><\/p>\n<p><span style=\"color: #000000;\"><em>Uljan Barjami, Avokati q\u00eb po paguan \u00e7mimin e ndershm\u00ebris\u00eb n\u00eb nj\u00eb sistem t\u00eb kalbur<\/p>\n<p>Arrestimi i avokatit Uljan Barjami \u00ebsht\u00eb nj\u00eb nga ngjarjet m\u00eb trondit\u00ebse q\u00eb ka goditur drejt\u00ebsin\u00eb shqiptare n\u00eb vitet e fundit. \u00cbsht\u00eb po aq i r\u00ebnd\u00eb sa vrasja e gjyqtarit Astrit Kalaja, sepse n\u00eb t\u00eb dy rastet \u00ebsht\u00eb goditur n\u00eb zem\u00ebr vet\u00eb drejt\u00ebsia. Nj\u00ebri u vra fizikisht, tjetri po \u201cvritet\u201d p\u00ebr s\u00eb gjalli nga nj\u00eb sistem q\u00eb nuk duron dot z\u00ebrin e ndersh\u00ebm dhe kritik ndaj manipulimit.<\/em><\/span><\/p>\n<p><span style=\"color: #000000;\"><em>Ajo q\u00eb po ndodh me Uljanin \u00ebsht\u00eb pasqyra m\u00eb e qart\u00eb e nj\u00eb realiteti t\u00eb friksh\u00ebm, kur ligji p\u00ebrdoret si arm\u00eb kund\u00ebr atyre q\u00eb e mbrojn\u00eb, at\u00ebher\u00eb shteti ka d\u00ebshtuar. Oficer\u00eb, prokuror\u00eb dhe gjyqtar\u00eb q\u00eb bashk\u00ebpunojn\u00eb p\u00ebr t\u00eb manipuluar prova, q\u00eb krijojn\u00eb akuza t\u00eb rreme dhe mbulojn\u00eb t\u00eb v\u00ebrtet\u00ebn, jan\u00eb shnd\u00ebrruar n\u00eb nj\u00eb zinxhir t\u00eb nj\u00ebjt\u00eb korrupsioni. Ata nuk k\u00ebrkojn\u00eb drejt\u00ebsi, por pushtet. Nuk mbrojn\u00eb ligjin, por interesat e err\u00ebta q\u00eb i komandojn\u00eb dhe veprimet e tyre kriminale.<\/em><\/span><\/p>\n<p><span style=\"color: #000000;\"><em>Uljani nuk \u00ebsht\u00eb nj\u00eb avokat i zakonsh\u00ebm. Ai \u00ebsht\u00eb nj\u00eb simbol i kurajos profesionale dhe njer\u00ebzore, nj\u00eb z\u00eb q\u00eb flet aty ku t\u00eb tjer\u00ebt heshtin. Ai \u00ebsht\u00eb hero i pun\u00ebs, i ndershm\u00ebris\u00eb dhe i p\u00ebrkushtimit ndaj ligjit, nj\u00eb shembull i gjall\u00eb i asaj \u00e7far\u00eb duhet t\u00eb jet\u00eb avokatia, mburoj\u00eb p\u00ebr t\u00eb pafuqishmit, jo arm\u00eb e pushtetit.<\/em><\/span><\/p>\n<p><span style=\"color: #000000;\"><em>Sot, ai ndodhet p\u00ebrball\u00eb nj\u00eb sistemi q\u00eb p\u00ebrpiqet ta shkat\u00ebrroj\u00eb vet\u00ebm pse nuk pranoi t\u00eb b\u00ebhet pjes\u00eb e loj\u00ebs s\u00eb pist\u00eb. Por rasti i tij nuk \u00ebsht\u00eb vet\u00ebm i tij, \u00ebsht\u00eb kauza e gjith\u00eb shoq\u00ebris\u00eb q\u00eb k\u00ebrkon transparenc\u00eb, llogaridh\u00ebnie dhe drejt\u00ebsi t\u00eb v\u00ebrtet\u00eb. N\u00ebse heshtim sot p\u00ebr Uljanin, nes\u00ebr do t\u00eb jet\u00eb dikush tjet\u00ebr n\u00eb vendin e tij.<\/em><\/span><\/p>\n<p><span style=\"color: #000000;\"><em>Prandaj \u00ebsht\u00eb koha t\u00eb reagojm\u00eb. T\u00eb mos pranojm\u00eb m\u00eb drejt\u00ebsi t\u00eb manipuluar, prokuror\u00eb q\u00eb b\u00ebjn\u00eb pazare dhe gjyqtar\u00eb q\u00eb marrin urdhra. Uljani \u00ebsht\u00eb prova se ende ka njer\u00ebz q\u00eb besojn\u00eb tek ligji, tek e v\u00ebrteta dhe tek ndershm\u00ebria dhe p\u00ebr k\u00ebt\u00eb arsye \u00ebsht\u00eb i rreziksh\u00ebm p\u00ebr ata q\u00eb nd\u00ebrtojn\u00eb karrier\u00ebn mbi mashtrimin.<br \/>\nUljan Barjami nuk duhet t\u00eb lihet vet\u00ebm. Kauza e tij \u00ebsht\u00eb kauza e dinjitetit njer\u00ebzor, e besimit tek drejt\u00ebsia dhe e shpres\u00ebs se Shqip\u00ebria mund t\u00eb ket\u00eb ende njer\u00ebz q\u00eb nuk shiten.<\/em><\/span><\/p>\n<p><span style=\"color: #000000;\"><em>\u00a0<\/em><\/span><\/p>\n","protected":false,"gt_translate_keys":[{"key":"rendered","format":"html"}]},"excerpt":{"rendered":"<p>Publikohet audioja e debatit n\u00eb sall\u00ebn e gjyqit n\u00eb Gjykat\u00ebn e Elbasanit, ku avokati Ulian Bajrami i drejtohet me tone k\u00ebrc\u00ebnuese prokurorit Gjergj Ceka. Ai u arrestua nj\u00eb dit\u00eb m\u00eb par\u00eb me akuz\u00ebn e &#8220;Kanosjes p\u00ebr shkak t\u00eb detyr\u00ebs&#8221;, &#8220;Kund\u00ebrshtimi dhe goditja e gjyqtarit&#8221;, dhe &#8220;Kanosja e gjyqtarit&#8221;. P\u00ebrplasja u sh\u00ebnua dy dit\u00eb m\u00eb par\u00eb [&hellip;]<\/p>\n","protected":false,"gt_translate_keys":[{"key":"rendered","format":"html"}]},"author":32,"featured_media":766531,"comment_status":"closed","ping_status":"open","sticky":false,"template":"","format":"standard","meta":{"footnotes":""},"categories":[65],"tags":[],"class_list":["post-766530","post","type-post","status-publish","format-standard","has-post-thumbnail","hentry","category-lajme"],"gt_translate_keys":[{"key":"link","format":"url"}],"_links":{"self":[{"href":"https:\/\/www.hashtag.al\/index.php\/wp-json\/wp\/v2\/posts\/766530","targetHints":{"allow":["GET"]}}],"collection":[{"href":"https:\/\/www.hashtag.al\/index.php\/wp-json\/wp\/v2\/posts"}],"about":[{"href":"https:\/\/www.hashtag.al\/index.php\/wp-json\/wp\/v2\/types\/post"}],"author":[{"embeddable":true,"href":"https:\/\/www.hashtag.al\/index.php\/wp-json\/wp\/v2\/users\/32"}],"replies":[{"embeddable":true,"href":"https:\/\/www.hashtag.al\/index.php\/wp-json\/wp\/v2\/comments?post=766530"}],"version-history":[{"count":99999,"href":"https:\/\/www.hashtag.al\/index.php\/wp-json\/wp\/v2\/posts\/766530\/revisions"}],"predecessor-version":[{"id":766532,"href":"https:\/\/www.hashtag.al\/index.php\/wp-json\/wp\/v2\/posts\/766530\/revisions\/766532"}],"wp:featuredmedia":[{"embeddable":true,"href":"https:\/\/www.hashtag.al\/index.php\/wp-json\/wp\/v2\/media\/766531"}],"wp:attachment":[{"href":"https:\/\/www.hashtag.al\/index.php\/wp-json\/wp\/v2\/media?parent=766530"}],"wp:term":[{"taxonomy":"category","embeddable":true,"href":"https:\/\/www.hashtag.al\/index.php\/wp-json\/wp\/v2\/categories?post=766530"},{"taxonomy":"post_tag","embeddable":true,"href":"https:\/\/www.hashtag.al\/index.php\/wp-json\/wp\/v2\/tags?post=766530"}],"curies":[{"name":"wp","href":"https:\/\/api.w.org\/{rel}","templated":true}]}}