{"id":766522,"date":"2025-10-19T10:41:20","date_gmt":"2025-10-19T08:41:20","guid":{"rendered":"https:\/\/www.hashtag.al\/?p=766522"},"modified":"2025-10-19T10:41:20","modified_gmt":"2025-10-19T08:41:20","slug":"presidenti-begaj-viziton-komunat-arbereshe-ne-itali-as-koha-dhe-as-deti-nuk-e-ndan-dot-nje-gjuhe-nje-origjine-nje-gjak","status":"publish","type":"post","link":"https:\/\/www.hashtag.al\/index.php\/2025\/10\/19\/presidenti-begaj-viziton-komunat-arbereshe-ne-itali-as-koha-dhe-as-deti-nuk-e-ndan-dot-nje-gjuhe-nje-origjine-nje-gjak\/","title":{"rendered":"Presidenti Begaj viziton komunat arb\u00ebreshe n\u00eb Itali: As koha dhe as deti nuk e ndan dot nj\u00eb gjuh\u00eb, nj\u00eb origjin\u00eb, nj\u00eb gjak","gt_translate_keys":[{"key":"rendered","format":"text"}]},"content":{"rendered":"<p><span style=\"color: #000000;\"><img loading=\"lazy\" decoding=\"async\" class=\"alignnone size-medium wp-image-766523\" src=\"https:\/\/www.hashtag.al\/wp-content\/uploads\/2025\/10\/acbefa87-d4cf-47ff-a2da-d0ff699192cd-300x200.jpg\" alt=\"\" width=\"300\" height=\"200\" srcset=\"https:\/\/www.hashtag.al\/wp-content\/uploads\/2025\/10\/acbefa87-d4cf-47ff-a2da-d0ff699192cd-300x200.jpg 300w, https:\/\/www.hashtag.al\/wp-content\/uploads\/2025\/10\/acbefa87-d4cf-47ff-a2da-d0ff699192cd-1024x682.jpg 1024w, https:\/\/www.hashtag.al\/wp-content\/uploads\/2025\/10\/acbefa87-d4cf-47ff-a2da-d0ff699192cd-768x512.jpg 768w, https:\/\/www.hashtag.al\/wp-content\/uploads\/2025\/10\/acbefa87-d4cf-47ff-a2da-d0ff699192cd-1536x1023.jpg 1536w, https:\/\/www.hashtag.al\/wp-content\/uploads\/2025\/10\/acbefa87-d4cf-47ff-a2da-d0ff699192cd.jpg 1600w\" sizes=\"auto, (max-width: 300px) 100vw, 300px\" \/><\/span><\/p>\n<p><span style=\"color: #000000;\">Presidenti Bajram Begaj, zhvilloi nj\u00eb vizit\u00eb zyrtare n\u00eb komunat arb\u00ebreshe t\u00eb Rajonit Molise n\u00eb Itali, ku u prit me nderime t\u00eb larta shtet\u00ebrore nga p\u00ebrfaq\u00ebsuesit m\u00eb t\u00eb lart\u00eb t\u00eb institucioneve vendore t\u00eb k\u00ebtij rajoni.<\/span><\/p>\n<p><span style=\"color: #000000;\"><em>\u201cK\u00ebnaq\u00ebsi t\u00eb takohem me autoritetet e larta t\u00eb Rajonit t\u00eb Molises<\/em>\u201d, \u2013 deklaroi Presidenti Begaj, duke ndar\u00eb vler\u00ebsimin se \u00e7do takim me autoritetet italiane mbart k\u00ebt\u00eb frym\u00eb miq\u00ebsie q\u00eb karakterizon marr\u00ebdh\u00ebniet mes Shqip\u00ebris\u00eb dhe Italis\u00eb dhe bashk\u00ebpunimin e shk\u00eblqyer dypal\u00ebsh n\u00eb t\u00eb gjitha fushat: politik\u00eb, ekonomi, kultur\u00eb, arsim, shendet\u00ebsi, e t\u00eb tjera.<\/span><\/p>\n<p><span style=\"color: #000000;\">Nj\u00eb kontribut t\u00eb posa\u00e7\u00ebm n\u00eb forcimin e vazhduesh\u00ebm t\u00eb lidhjeve historike, kulturore dhe njer\u00ebzore nd\u00ebrmjet dy vendeve kan\u00eb dh\u00ebn\u00eb komunitetet arb\u00ebreshe dhe Diaspora e re shqiptare.<\/span><\/p>\n<p><span style=\"color: #000000;\">Kreu i Shtetit theksoi se \u201cShqip\u00ebria\u2013Italia\u2013Arb\u00ebria\u201d \u00ebsht\u00eb nj\u00eb projekt q\u00eb e p\u00ebrforcon partneritetin strategjik mes dy vendeve tona dhe nxit bashk\u00ebpunime t\u00eb reja n\u00eb fusha me interes t\u00eb nd\u00ebrsjell\u00eb.<\/span><\/p>\n<p><img decoding=\"async\" src=\"https:\/\/www.balkanweb.com\/wp-content\/uploads\/2025\/10\/d12cdacf-0d59-4165-9570-f89f3d29ed73.jpg\" alt=\"foto galeri \" \/><\/p>\n<p><span style=\"color: #000000;\">N\u00eb komun\u00ebn arb\u00ebreshe Ururi, Presidenti Begaj mori pjes\u00eb n\u00eb ceremonin\u00eb e inaugurimit t\u00eb statuj\u00ebs s\u00eb Heroit Komb\u00ebtar, Gjergj Kastrioti Sk\u00ebnderbeu, nj\u00eb simbol i p\u00ebrjetsh\u00ebm i unitetit dhe krenaris\u00eb son\u00eb komb\u00ebtare.<\/span><\/p>\n<p><span style=\"color: #000000;\">N\u00eb fjal\u00ebn e tij, Kreu i Shtetit vler\u00ebsoi bashkimin shpirt\u00ebror mes shqiptar\u00ebve dhe arb\u00ebresh\u00ebve, duke theksuar se \u201c<em>Sk\u00ebnderbeu nuk ishte vet\u00ebm luft\u00ebtar, por edhe vizionar e bashkues, pararend\u00ebs i Shqip\u00ebris\u00eb evropiane, q\u00eb ka mbetur p\u00ebrher\u00eb e lidhur me qytet\u00ebrimin per\u00ebndimor. Sot, ai flet me ne p\u00ebrmes frym\u00ebs s\u00eb bashkimit dhe vet\u00ebdijes komb\u00ebtare q\u00eb na la trash\u00ebgimi\u201d<\/em>, \u2013 deklaroi Presidenti Begaj.<\/span><\/p>\n<p><span style=\"color: #000000;\">N\u00eb komun\u00ebn arb\u00ebreshe Portocanone, Presidenti Begaj vizitoi sheshin \u201cSkanderbeg\u201d ku jetojn\u00eb arb\u00ebresh\u00eb dhe shqiptar\u00eb t\u00eb emigruar pas viteve \u201990.<\/span><\/p>\n<p><span style=\"color: #000000;\">N\u00eb fjal\u00ebn e tij p\u00ebr pjes\u00ebmarr\u00ebsit n\u00eb nj\u00eb tubim mir\u00ebseardhjeje nga komuniteti arb\u00ebresh q\u00eb jeton n\u00eb k\u00ebt\u00eb komun\u00eb, Presidenti Begaj p\u00ebrsh\u00ebndeti p\u00ebrpjekjet shekullore t\u00eb tyre p\u00ebr ruajtjen e gjuh\u00ebs, zakoneve, kostumeve dhe traditave t\u00eb t\u00eb par\u00ebve, si dhe vler\u00ebsoi nderimin q\u00eb arb\u00ebresh\u00ebt u b\u00ebjn\u00eb ambasador\u00ebve t\u00eb kultur\u00ebs komb\u00ebtare, artist\u00ebve t\u00eb shquar q\u00eb b\u00ebn\u00eb q\u00eb emri Shqip\u00ebri t\u00eb njihet dhe p\u00ebrmendet me simpati e vler\u00ebsim.<\/span><\/p>\n<p><img decoding=\"async\" src=\"https:\/\/www.balkanweb.com\/wp-content\/uploads\/2025\/10\/9931de06-a730-4058-be5b-bbd31c91c3e7.jpg\" alt=\"foto galeri \" \/><\/p>\n<p><span style=\"color: #000000;\"><em>\u201c\u00cbsht\u00eb nj\u00eb ndjenj\u00eb e ve\u00e7ant\u00eb t\u00eb jem sot k\u00ebtu, n\u00eb Portkanun, nj\u00eb vend q\u00eb mban n\u00eb vetvete historin\u00eb, kujtes\u00ebn dhe shpirtin e gjall\u00eb t\u00eb Arb\u00ebris\u00eb. N\u00eb k\u00ebt\u00eb shesh, ku fjal\u00ebt shqip dhe italisht p\u00ebrzihen me dashuri, ndihet fuqish\u00ebm ajo q\u00eb as koha dhe as deti nuk e ndan dot: nj\u00eb gjuh\u00eb, nj\u00eb origjin\u00eb, nj\u00eb gjak\u201d, \u2013<\/em> u shpreh Presidenti Begaj.<\/span><\/p>\n<p><span style=\"color: #000000;\">Gjat\u00eb q\u00ebndrimit n\u00eb Portocanone, Presidenti Begaj mori pjes\u00eb n\u00eb vendosjen e nj\u00eb skulpture t\u00eb artistit t\u00eb madh shqiptar, Ibrahim Kodra, i cili u shkollua, jetoi dhe e ushtroi artin e tij n\u00eb Itali, ku ka vizituar dhe \u00ebsht\u00eb mir\u00ebpritur pothuajse n\u00eb t\u00eb gjitha komunat dhe fshatrat arb\u00ebresh\u00eb.<\/span><\/p>\n<p><span style=\"color: #000000;\">\u201c<em>Kodra i p\u00ebrkiste Shqip\u00ebris\u00eb, por fliste me gjuh\u00ebn e bot\u00ebs. Ai d\u00ebshmoi se talenti nuk njeh kufij, se identiteti nuk humbet kur shnd\u00ebrrohet n\u00eb frym\u00eb universale. Sot, duke kujtuar Ibrahim Kodr\u00ebn, ne kujtojm\u00eb fuqin\u00eb e shpirtit shqiptar p\u00ebr t\u00eb ndri\u00e7uar kudo, kujtojm\u00eb se arti \u00ebsht\u00eb ura m\u00eb e bukur q\u00eb mund t\u00eb nd\u00ebrtoj\u00eb nj\u00eb komb\u201d,<\/em> \u2013 theksoi Presidenti Begaj.<\/span><\/p>\n<p><img decoding=\"async\" src=\"https:\/\/www.balkanweb.com\/wp-content\/uploads\/2025\/10\/9f43d3e5-2279-447e-abe3-442a000a8409.jpg\" alt=\"foto galeri \" \/><\/p>\n<p><span style=\"color: #000000;\">Sikurse n\u00eb \u00e7do komun\u00eb arb\u00ebreshe, edhe n\u00eb Komun\u00ebn Montecilfone, Presidenti u prit nga p\u00ebrfaq\u00ebsues t\u00eb komunitetit arb\u00ebresh dhe nga bashk\u00ebatdhetar\u00eb shqiptar\u00eb t\u00eb emigruar n\u00eb k\u00ebt\u00eb zon\u00eb pas viteve \u201990.<\/span><\/p>\n<p><span style=\"color: #000000;\">Presidenti shprehu edhe k\u00ebtu vler\u00ebsimin dhe respektin p\u00ebr p\u00ebrpjekjet brez pas brezi t\u00eb k\u00ebtij komuniteti p\u00ebr ruajtjen e identitetit kulturor dhe gjuh\u00ebsor arb\u00ebror, duke p\u00ebrmendur Qendr\u00ebn Studimore p\u00ebr Diversitetin Gjuh\u00ebsor dhe revist\u00ebn \u201cKamastra\u201d si shembuj t\u00eb pun\u00ebs s\u00eb \u00e7muar t\u00eb studiuesve lokal\u00eb p\u00ebr t\u00eb vijuar n\u00eb udh\u00ebn e figurave t\u00eb ndritura historike arb\u00ebreshe.<\/span><\/p>\n<p><span style=\"color: #000000;\"><em>\u201cVet\u00ebm duke ndar\u00eb ato q\u00eb kemi m\u00eb t\u00eb bukura: gjuh\u00ebn, kultur\u00ebn dhe kujtes\u00ebn, ne e b\u00ebjm\u00eb m\u00eb t\u00eb fort\u00eb identitetin ton\u00eb t\u00eb p\u00ebrbashk\u00ebt. Faleminderit, Montecilfone, p\u00ebr mikpritjen, p\u00ebr dashurin\u00eb ndaj rr\u00ebnj\u00ebve dhe p\u00ebr d\u00ebshmin\u00eb se Arb\u00ebria jeton n\u00eb gjuh\u00eb, n\u00eb shpirt dhe n\u00eb zemr\u00ebn e \u00e7do shqiptari!\u201d<\/em> \u2013 u shpreh Presidenti Begaj.<\/span><\/p>\n<p><span style=\"color: #000000;\">Presidenti Begaj vizitoi, gjithashtu, Komun\u00ebn e Kampo Marin\u00ebs, ku theksoi se kontributi i komuniteteve arb\u00ebreshe n\u00eb ruajtjen dhe respektimin e karakteristikave t\u00eb forta identitare dhe individualitetit q\u00eb komunitetet arb\u00ebreshe mbartin prej shekujsh i sh\u00ebrben nj\u00ebkoh\u00ebsisht forcimit t\u00eb lidhjeve t\u00eb miq\u00ebsis\u00eb mes vendit q\u00eb i mikpriti dhe integroi, Italis\u00eb dhe dheut t\u00eb t\u00eb par\u00ebve, Shqip\u00ebris\u00eb, \u201cvlera q\u00eb jan\u00eb themeli mbi t\u00eb cilin forcohet miq\u00ebsia e p\u00ebrhershme mes dy popujve tan\u00eb\u201d.<\/span><\/p>\n","protected":false,"gt_translate_keys":[{"key":"rendered","format":"html"}]},"excerpt":{"rendered":"<p>Presidenti Bajram Begaj, zhvilloi nj\u00eb vizit\u00eb zyrtare n\u00eb komunat arb\u00ebreshe t\u00eb Rajonit Molise n\u00eb Itali, ku u prit me nderime t\u00eb larta shtet\u00ebrore nga p\u00ebrfaq\u00ebsuesit m\u00eb t\u00eb lart\u00eb t\u00eb institucioneve vendore t\u00eb k\u00ebtij rajoni. \u201cK\u00ebnaq\u00ebsi t\u00eb takohem me autoritetet e larta t\u00eb Rajonit t\u00eb Molises\u201d, \u2013 deklaroi Presidenti Begaj, duke ndar\u00eb vler\u00ebsimin se \u00e7do takim [&hellip;]<\/p>\n","protected":false,"gt_translate_keys":[{"key":"rendered","format":"html"}]},"author":32,"featured_media":0,"comment_status":"closed","ping_status":"open","sticky":false,"template":"","format":"standard","meta":{"footnotes":""},"categories":[65],"tags":[],"class_list":["post-766522","post","type-post","status-publish","format-standard","hentry","category-lajme"],"gt_translate_keys":[{"key":"link","format":"url"}],"_links":{"self":[{"href":"https:\/\/www.hashtag.al\/index.php\/wp-json\/wp\/v2\/posts\/766522","targetHints":{"allow":["GET"]}}],"collection":[{"href":"https:\/\/www.hashtag.al\/index.php\/wp-json\/wp\/v2\/posts"}],"about":[{"href":"https:\/\/www.hashtag.al\/index.php\/wp-json\/wp\/v2\/types\/post"}],"author":[{"embeddable":true,"href":"https:\/\/www.hashtag.al\/index.php\/wp-json\/wp\/v2\/users\/32"}],"replies":[{"embeddable":true,"href":"https:\/\/www.hashtag.al\/index.php\/wp-json\/wp\/v2\/comments?post=766522"}],"version-history":[{"count":99999,"href":"https:\/\/www.hashtag.al\/index.php\/wp-json\/wp\/v2\/posts\/766522\/revisions"}],"predecessor-version":[{"id":766524,"href":"https:\/\/www.hashtag.al\/index.php\/wp-json\/wp\/v2\/posts\/766522\/revisions\/766524"}],"wp:attachment":[{"href":"https:\/\/www.hashtag.al\/index.php\/wp-json\/wp\/v2\/media?parent=766522"}],"wp:term":[{"taxonomy":"category","embeddable":true,"href":"https:\/\/www.hashtag.al\/index.php\/wp-json\/wp\/v2\/categories?post=766522"},{"taxonomy":"post_tag","embeddable":true,"href":"https:\/\/www.hashtag.al\/index.php\/wp-json\/wp\/v2\/tags?post=766522"}],"curies":[{"name":"wp","href":"https:\/\/api.w.org\/{rel}","templated":true}]}}