{"id":766097,"date":"2025-10-16T18:34:13","date_gmt":"2025-10-16T16:34:13","guid":{"rendered":"https:\/\/www.hashtag.al\/?p=766097"},"modified":"2025-10-16T18:34:13","modified_gmt":"2025-10-16T16:34:13","slug":"gjekmarkaj-akuzon-mazhorancen-kuvendi-eshte-marre-peng-po-heshtet-opozita-dhe-po-asgjesohet-debati-demokratik","status":"publish","type":"post","link":"https:\/\/www.hashtag.al\/index.php\/2025\/10\/16\/gjekmarkaj-akuzon-mazhorancen-kuvendi-eshte-marre-peng-po-heshtet-opozita-dhe-po-asgjesohet-debati-demokratik\/","title":{"rendered":"Gjekmarkaj akuzon mazhoranc\u00ebn: Kuvendi \u00ebsht\u00eb marr\u00eb peng, po heshtet opozita dhe po asgj\u00ebsohet debati demokratik","gt_translate_keys":[{"key":"rendered","format":"text"}]},"content":{"rendered":"<p data-start=\"0\" data-end=\"117\"><img decoding=\"async\" class=\"aligncenter\" src=\"https:\/\/www.hashtag.al\/wp-content\/uploads\/2025\/09\/1759138902_agrongjekmarkaj.jpg\" \/><\/p>\n<p data-start=\"119\" data-end=\"354\"><span style=\"color: #000000;\">N\u00ebnkryetari i Kuvendit, Agron Gjekmarkaj, ka reaguar ashp\u00ebr ndaj m\u00ebnyr\u00ebs se si po funksionon Parlamenti, duke e akuzuar mazhoranc\u00ebn socialiste se po e trajton institucionin si \u201cpron\u00eb private n\u00eb sh\u00ebrbim t\u00eb interesave t\u00eb saj partiake\u201d.<\/span><\/p>\n<p data-start=\"356\" data-end=\"597\"><span style=\"color: #000000;\">N\u00eb nj\u00eb deklarat\u00eb p\u00ebr shtyp, Gjekmarkaj e cil\u00ebsoi situat\u00ebn n\u00eb Kuvend si \u201ct\u00eb paprecedent\u00eb dhe thell\u00ebsisht shqet\u00ebsuese\u201d, nd\u00ebrsa paralajm\u00ebroi se nd\u00ebrprerja e debateve dhe pengimi i interpelancave p\u00ebrb\u00ebjn\u00eb \u201cnj\u00eb akt t\u00eb r\u00ebnd\u00eb kund\u00ebr demokracis\u00eb\u201d.<\/span><\/p>\n<p data-start=\"599\" data-end=\"820\"><span style=\"color: #000000;\">Sipas tij, mazhoranca po p\u00ebrpiqet t\u00eb hesht\u00eb opozit\u00ebn dhe t\u00eb shmang\u00eb \u00e7do kontroll ndaj p\u00ebrfaq\u00ebsuesve t\u00eb institucioneve t\u00eb drejt\u00ebsis\u00eb q\u00eb pritet t\u00eb raportojn\u00eb n\u00eb Kuvend p\u00ebr \u00e7\u00ebshtje t\u00eb ndjeshme, p\u00ebrfshir\u00eb aferat korruptive.<\/span><\/p>\n<p data-start=\"822\" data-end=\"1108\"><span style=\"color: #000000;\">\u201cAta nuk duan debat, nuk duan transparenc\u00eb \u2013 gjith\u00eb q\u00ebndrimi i tyre synon t\u00eb fshij\u00eb \u00e7do z\u00eb kritik dhe t\u00eb asgj\u00ebsoj\u00eb \u00e7do kontroll demokratik,\u201d u shpreh Gjekmarkaj, duke shtuar se ngjarjet e fundit jan\u00eb \u201ct\u00eb provokuara n\u00eb m\u00ebnyr\u00eb t\u00eb q\u00ebllimshme\u201d p\u00ebr t\u00eb vendosur nj\u00eb precedent t\u00eb rreziksh\u00ebm.<\/span><\/p>\n<p data-start=\"1110\" data-end=\"1254\"><span style=\"color: #000000;\">Ai i b\u00ebri thirrje Niko Peleshit, q\u00eb kryesoi seanc\u00ebn plenare, t\u00eb veproj\u00eb si p\u00ebrfaq\u00ebsues i t\u00eb gjith\u00eb qytetar\u00ebve dhe jo si \u201cushtar i nj\u00eb partie\u201d.<\/span><\/p>\n<p data-start=\"1256\" data-end=\"1476\" data-is-last-node=\"\" data-is-only-node=\"\"><span style=\"color: #000000;\">\u201cZoti Peleshi, \u00ebsht\u00eb koha t\u00eb silleni si Kryetar i Parlamentit t\u00eb t\u00eb gjith\u00eb shqiptar\u00ebve, jo si ushtar i bindur i nj\u00eb partie. Ushtrin\u00eb e keni kryer me koh\u00eb. Tani keni detyrimin t\u00eb mbroni demokracin\u00eb,\u201d p\u00ebrfundoi Gjekmarkaj.<\/span><\/p>\n","protected":false,"gt_translate_keys":[{"key":"rendered","format":"html"}]},"excerpt":{"rendered":"<p>N\u00ebnkryetari i Kuvendit, Agron Gjekmarkaj, ka reaguar ashp\u00ebr ndaj m\u00ebnyr\u00ebs se si po funksionon Parlamenti, duke e akuzuar mazhoranc\u00ebn socialiste se po e trajton institucionin si \u201cpron\u00eb private n\u00eb sh\u00ebrbim t\u00eb interesave t\u00eb saj partiake\u201d. N\u00eb nj\u00eb deklarat\u00eb p\u00ebr shtyp, Gjekmarkaj e cil\u00ebsoi situat\u00ebn n\u00eb Kuvend si \u201ct\u00eb paprecedent\u00eb dhe thell\u00ebsisht shqet\u00ebsuese\u201d, nd\u00ebrsa paralajm\u00ebroi se [&hellip;]<\/p>\n","protected":false,"gt_translate_keys":[{"key":"rendered","format":"html"}]},"author":32,"featured_media":763211,"comment_status":"closed","ping_status":"open","sticky":false,"template":"","format":"standard","meta":{"footnotes":""},"categories":[65],"tags":[],"class_list":["post-766097","post","type-post","status-publish","format-standard","has-post-thumbnail","hentry","category-lajme"],"gt_translate_keys":[{"key":"link","format":"url"}],"_links":{"self":[{"href":"https:\/\/www.hashtag.al\/index.php\/wp-json\/wp\/v2\/posts\/766097","targetHints":{"allow":["GET"]}}],"collection":[{"href":"https:\/\/www.hashtag.al\/index.php\/wp-json\/wp\/v2\/posts"}],"about":[{"href":"https:\/\/www.hashtag.al\/index.php\/wp-json\/wp\/v2\/types\/post"}],"author":[{"embeddable":true,"href":"https:\/\/www.hashtag.al\/index.php\/wp-json\/wp\/v2\/users\/32"}],"replies":[{"embeddable":true,"href":"https:\/\/www.hashtag.al\/index.php\/wp-json\/wp\/v2\/comments?post=766097"}],"version-history":[{"count":99999,"href":"https:\/\/www.hashtag.al\/index.php\/wp-json\/wp\/v2\/posts\/766097\/revisions"}],"predecessor-version":[{"id":766098,"href":"https:\/\/www.hashtag.al\/index.php\/wp-json\/wp\/v2\/posts\/766097\/revisions\/766098"}],"wp:featuredmedia":[{"embeddable":true,"href":"https:\/\/www.hashtag.al\/index.php\/wp-json\/wp\/v2\/media\/763211"}],"wp:attachment":[{"href":"https:\/\/www.hashtag.al\/index.php\/wp-json\/wp\/v2\/media?parent=766097"}],"wp:term":[{"taxonomy":"category","embeddable":true,"href":"https:\/\/www.hashtag.al\/index.php\/wp-json\/wp\/v2\/categories?post=766097"},{"taxonomy":"post_tag","embeddable":true,"href":"https:\/\/www.hashtag.al\/index.php\/wp-json\/wp\/v2\/tags?post=766097"}],"curies":[{"name":"wp","href":"https:\/\/api.w.org\/{rel}","templated":true}]}}