{"id":766093,"date":"2025-10-16T18:17:17","date_gmt":"2025-10-16T16:17:17","guid":{"rendered":"https:\/\/www.hashtag.al\/?p=766093"},"modified":"2025-10-16T18:17:17","modified_gmt":"2025-10-16T16:17:17","slug":"shehu-pas-votimit-ne-kuvend-te-kuqte-refuzuan-njohjen-e-genocidit-serb-ne-kosove","status":"publish","type":"post","link":"https:\/\/www.hashtag.al\/index.php\/2025\/10\/16\/shehu-pas-votimit-ne-kuvend-te-kuqte-refuzuan-njohjen-e-genocidit-serb-ne-kosove\/","title":{"rendered":"Shehu pas votimit n\u00eb Kuvend: \u201cT\u00eb kuqt\u00eb\u201d refuzuan njohjen e genocidit serb n\u00eb Kosov\u00eb","gt_translate_keys":[{"key":"rendered","format":"text"}]},"content":{"rendered":"<p><span style=\"color: #000000;\"><img loading=\"lazy\" decoding=\"async\" class=\"alignnone size-medium wp-image-766094\" src=\"https:\/\/www.hashtag.al\/wp-content\/uploads\/2025\/10\/tritan-shehu-300x181.jpg\" alt=\"\" width=\"300\" height=\"181\" srcset=\"https:\/\/www.hashtag.al\/wp-content\/uploads\/2025\/10\/tritan-shehu-300x181.jpg 300w, https:\/\/www.hashtag.al\/wp-content\/uploads\/2025\/10\/tritan-shehu-1024x616.jpg 1024w, https:\/\/www.hashtag.al\/wp-content\/uploads\/2025\/10\/tritan-shehu-768x462.jpg 768w, https:\/\/www.hashtag.al\/wp-content\/uploads\/2025\/10\/tritan-shehu.jpg 1057w\" sizes=\"auto, (max-width: 300px) 100vw, 300px\" \/><\/span><\/p>\n<p><span style=\"color: #000000;\">Deputeti i Partis\u00eb Demokratike, Tritan Shehu, ka reaguar ashp\u00ebr pas vendimit t\u00eb mazhoranc\u00ebs p\u00ebr t\u00eb rr\u00ebzuar rezolut\u00ebn q\u00eb k\u00ebrkonte njohjen e genocidit serb n\u00eb Kosov\u00eb.<\/span><\/p>\n<p><span style=\"color: #000000;\">N\u00eb nj\u00eb reagim, ai akuzoi Partin\u00eb Socialiste se me k\u00ebt\u00eb vot\u00eb ka treguar munges\u00eb solidariteti me viktimat e krimeve serbe dhe me shtetin e Kosov\u00ebs.<\/span><\/p>\n<p><span style=\"color: #000000;\"><em>\u201c\u2018T\u00eb kuqt\u00eb\u2019 votojn\u00eb \u2018kuq\u2019 p\u00ebr t\u00eb mos njohur genocidin serb n\u00eb Kosov\u00eb! Maxhoranca rr\u00ebzon rezolut\u00ebn p\u00ebr njohjen e genocidit serb n\u00eb Kosov\u00eb!\u201d<\/em>, shkroi Shehu n\u00eb Facebook, duke e quajtur aktin nj\u00eb vendim t\u00eb turpsh\u00ebm dhe politikisht t\u00eb papranuesh\u00ebm.<\/span><\/p>\n<p><span style=\"color: #000000;\">Sipas tij, rezoluta e propozuar nga opozita ishte hartuar n\u00eb t\u00eb nj\u00ebjt\u00ebn frym\u00eb me at\u00eb t\u00eb miratuar m\u00eb her\u00ebt nga Kuvendi i Kosov\u00ebs, dhe miratimi i saj do t\u00eb kishte hapur rrug\u00ebn p\u00ebr nj\u00eb mb\u00ebshtetje t\u00eb qart\u00eb institucionale nga Shqip\u00ebria p\u00ebr t\u00eb \u00e7uar \u00e7\u00ebshtjen e genocidit serb n\u00eb instancat nd\u00ebrkomb\u00ebtare t\u00eb drejt\u00ebsis\u00eb, p\u00ebrfshir\u00eb Gjykat\u00ebn Nd\u00ebrkomb\u00ebtare.<\/span><\/p>\n<p><span style=\"color: #000000;\"><em>\u201cRama dhe maxhoranca e rr\u00ebzojn\u00eb. Nuk pranojn\u00eb k\u00ebshtu genocidin serb n\u00eb Kosov\u00eb!\u201d<\/em>, p\u00ebrfundon reagimin e tij Shehu, duke akuzuar qeverin\u00eb se po shmang q\u00ebllimisht nj\u00eb q\u00ebndrim t\u00eb prer\u00eb n\u00eb mb\u00ebshtetje t\u00eb Kosov\u00ebs dhe t\u00eb drejt\u00ebs s\u00eb saj historike.<\/span><\/p>\n","protected":false,"gt_translate_keys":[{"key":"rendered","format":"html"}]},"excerpt":{"rendered":"<p>Deputeti i Partis\u00eb Demokratike, Tritan Shehu, ka reaguar ashp\u00ebr pas vendimit t\u00eb mazhoranc\u00ebs p\u00ebr t\u00eb rr\u00ebzuar rezolut\u00ebn q\u00eb k\u00ebrkonte njohjen e genocidit serb n\u00eb Kosov\u00eb. N\u00eb nj\u00eb reagim, ai akuzoi Partin\u00eb Socialiste se me k\u00ebt\u00eb vot\u00eb ka treguar munges\u00eb solidariteti me viktimat e krimeve serbe dhe me shtetin e Kosov\u00ebs. \u201c\u2018T\u00eb kuqt\u00eb\u2019 votojn\u00eb \u2018kuq\u2019 p\u00ebr [&hellip;]<\/p>\n","protected":false,"gt_translate_keys":[{"key":"rendered","format":"html"}]},"author":32,"featured_media":766094,"comment_status":"closed","ping_status":"open","sticky":false,"template":"","format":"standard","meta":{"footnotes":""},"categories":[65],"tags":[],"class_list":["post-766093","post","type-post","status-publish","format-standard","has-post-thumbnail","hentry","category-lajme"],"gt_translate_keys":[{"key":"link","format":"url"}],"_links":{"self":[{"href":"https:\/\/www.hashtag.al\/index.php\/wp-json\/wp\/v2\/posts\/766093","targetHints":{"allow":["GET"]}}],"collection":[{"href":"https:\/\/www.hashtag.al\/index.php\/wp-json\/wp\/v2\/posts"}],"about":[{"href":"https:\/\/www.hashtag.al\/index.php\/wp-json\/wp\/v2\/types\/post"}],"author":[{"embeddable":true,"href":"https:\/\/www.hashtag.al\/index.php\/wp-json\/wp\/v2\/users\/32"}],"replies":[{"embeddable":true,"href":"https:\/\/www.hashtag.al\/index.php\/wp-json\/wp\/v2\/comments?post=766093"}],"version-history":[{"count":99999,"href":"https:\/\/www.hashtag.al\/index.php\/wp-json\/wp\/v2\/posts\/766093\/revisions"}],"predecessor-version":[{"id":766095,"href":"https:\/\/www.hashtag.al\/index.php\/wp-json\/wp\/v2\/posts\/766093\/revisions\/766095"}],"wp:featuredmedia":[{"embeddable":true,"href":"https:\/\/www.hashtag.al\/index.php\/wp-json\/wp\/v2\/media\/766094"}],"wp:attachment":[{"href":"https:\/\/www.hashtag.al\/index.php\/wp-json\/wp\/v2\/media?parent=766093"}],"wp:term":[{"taxonomy":"category","embeddable":true,"href":"https:\/\/www.hashtag.al\/index.php\/wp-json\/wp\/v2\/categories?post=766093"},{"taxonomy":"post_tag","embeddable":true,"href":"https:\/\/www.hashtag.al\/index.php\/wp-json\/wp\/v2\/tags?post=766093"}],"curies":[{"name":"wp","href":"https:\/\/api.w.org\/{rel}","templated":true}]}}