{"id":765965,"date":"2025-10-15T23:16:33","date_gmt":"2025-10-15T21:16:33","guid":{"rendered":"https:\/\/www.hashtag.al\/?p=765965"},"modified":"2025-10-15T23:16:33","modified_gmt":"2025-10-15T21:16:33","slug":"manjati-i-pronave-rene-benko-denohet-me-dy-vjet-burg-ne-austri","status":"publish","type":"post","link":"https:\/\/www.hashtag.al\/index.php\/2025\/10\/15\/manjati-i-pronave-rene-benko-denohet-me-dy-vjet-burg-ne-austri\/","title":{"rendered":"Manjati i pronave Rene Benko d\u00ebnohet me dy vjet burg n\u00eb Austri","gt_translate_keys":[{"key":"rendered","format":"text"}]},"content":{"rendered":"<p><a href=\"https:\/\/www.hashtag.al\/wp-content\/uploads\/2025\/10\/benko-ezgif.com-webp-to-jpg-converter.jpg\"><img loading=\"lazy\" decoding=\"async\" class=\"aligncenter size-full wp-image-765966\" src=\"https:\/\/www.hashtag.al\/wp-content\/uploads\/2025\/10\/benko-ezgif.com-webp-to-jpg-converter.jpg\" alt=\"\" width=\"774\" height=\"516\" srcset=\"https:\/\/www.hashtag.al\/wp-content\/uploads\/2025\/10\/benko-ezgif.com-webp-to-jpg-converter.jpg 774w, https:\/\/www.hashtag.al\/wp-content\/uploads\/2025\/10\/benko-ezgif.com-webp-to-jpg-converter-300x200.jpg 300w, https:\/\/www.hashtag.al\/wp-content\/uploads\/2025\/10\/benko-ezgif.com-webp-to-jpg-converter-768x512.jpg 768w\" sizes=\"auto, (max-width: 774px) 100vw, 774px\" \/><\/a><\/p>\n<p><span style=\"color: #000000;\">Nj\u00eb gjykat\u00eb austriake d\u00ebnoi t\u00eb m\u00ebrkur\u00ebn manjatatin e falimentuar t\u00eb pronave Rene Benko me dy vjet burg p\u00ebr mashtrim me falimentimin, d\u00ebnimi i par\u00eb n\u00eb nj\u00eb hetim t\u00eb gjer\u00eb mbi shembjen e perandoris\u00eb s\u00eb tij t\u00eb pasurive t\u00eb paluajshme.<\/span><\/p>\n<p><span style=\"color: #000000;\">Benko, dikur nj\u00eb nga njer\u00ebzit m\u00eb t\u00eb pasur t\u00eb Austris\u00eb, themeloi Signa Holding n\u00eb vitin 2000, por grupi i ngarkuar me borxhe u shp\u00ebrb\u00eb n\u00eb vitin 2023 n\u00eb procedurat m\u00eb t\u00eb m\u00ebdha t\u00eb falimentimit n\u00eb historin\u00eb e vendit.<\/span><\/p>\n<p><span style=\"color: #000000;\">Kreditor\u00ebt, p\u00ebrfshir\u00eb ata n\u00eb Emiratet e Bashkuara Arabe dhe Tajland\u00eb, thuhet se po k\u00ebrkojn\u00eb miliarda euro nga Signa, portofoli i gjer\u00eb i s\u00eb cil\u00ebs p\u00ebrfshinte dikur Kull\u00ebn Chrysler t\u00eb Nju Jorkut dhe disa zinxhir\u00eb prestigjioz\u00eb dyqanesh n\u00eb Evrop\u00eb.<\/span><\/p>\n<p><span style=\"color: #000000;\">Benko, 48 vje\u00e7, u akuzua se kishte fshehur asete n\u00eb vler\u00eb prej rreth 660,000 euro n\u00eb kurriz t\u00eb kreditor\u00ebve gjat\u00eb procedur\u00ebs s\u00eb falimentimit. N\u00eb gjyqin dy-ditor n\u00eb qytetin e Insbrukut, Benko u shpall fajtor p\u00ebr akuz\u00ebn e mashtrimit me falimentimin pasi i kishte dhuruar 300,000 euro n\u00ebn\u00ebs s\u00eb tij n\u00eb fund t\u00eb vitit 2023. Gjykata e d\u00ebnoi at\u00eb me dy vjet burg, shkruan <span style=\"color: #0000ff;\"><a style=\"color: #0000ff;\" href=\"https:\/\/www.ansa.it\/nuova_europa\/en\/news\/sections\/politics\/2025\/10\/15\/austrian-property-tycoon-sentenced_846563d5-aab0-4338-bc54-16b07a6f8e61.html\">Ansa<\/a><\/span>.<\/span><\/p>\n<p><span style=\"color: #000000;\">Gjykata e shpalli at\u00eb t\u00eb pafajsh\u00ebm p\u00ebr akuz\u00ebn e dyt\u00eb, nj\u00eb pages\u00eb t\u00eb dyshuar paradh\u00ebnie prej rreth 360,000 eurosh p\u00ebr qiran\u00eb dhe shpenzimet operative t\u00eb nj\u00eb vile, t\u00eb cil\u00ebn prokuror\u00ebt e kishin cil\u00ebsuar si &#8220;ekonomikisht t\u00eb pajustifikueshme&#8221;. D\u00ebnimi mund t\u00eb apelohet. Benko, 48 vje\u00e7, ndodhet n\u00eb paraburgim q\u00eb kur u arrestua n\u00eb vil\u00ebn e tij n\u00eb Insbruk n\u00eb janar. Ai ka mohuar t\u00eb gjitha akuzat p\u00ebr shkelje ligjore.<\/span><\/p>\n","protected":false,"gt_translate_keys":[{"key":"rendered","format":"html"}]},"excerpt":{"rendered":"<p>Nj\u00eb gjykat\u00eb austriake d\u00ebnoi t\u00eb m\u00ebrkur\u00ebn manjatatin e falimentuar t\u00eb pronave Rene Benko me dy vjet burg p\u00ebr mashtrim me falimentimin, d\u00ebnimi i par\u00eb n\u00eb nj\u00eb hetim t\u00eb gjer\u00eb mbi shembjen e perandoris\u00eb s\u00eb tij t\u00eb pasurive t\u00eb paluajshme. Benko, dikur nj\u00eb nga njer\u00ebzit m\u00eb t\u00eb pasur t\u00eb Austris\u00eb, themeloi Signa Holding n\u00eb vitin 2000, [&hellip;]<\/p>\n","protected":false,"gt_translate_keys":[{"key":"rendered","format":"html"}]},"author":51,"featured_media":765966,"comment_status":"closed","ping_status":"open","sticky":false,"template":"","format":"standard","meta":{"footnotes":""},"categories":[53],"tags":[],"class_list":["post-765965","post","type-post","status-publish","format-standard","has-post-thumbnail","hentry","category-fast-foodi"],"gt_translate_keys":[{"key":"link","format":"url"}],"_links":{"self":[{"href":"https:\/\/www.hashtag.al\/index.php\/wp-json\/wp\/v2\/posts\/765965","targetHints":{"allow":["GET"]}}],"collection":[{"href":"https:\/\/www.hashtag.al\/index.php\/wp-json\/wp\/v2\/posts"}],"about":[{"href":"https:\/\/www.hashtag.al\/index.php\/wp-json\/wp\/v2\/types\/post"}],"author":[{"embeddable":true,"href":"https:\/\/www.hashtag.al\/index.php\/wp-json\/wp\/v2\/users\/51"}],"replies":[{"embeddable":true,"href":"https:\/\/www.hashtag.al\/index.php\/wp-json\/wp\/v2\/comments?post=765965"}],"version-history":[{"count":99999,"href":"https:\/\/www.hashtag.al\/index.php\/wp-json\/wp\/v2\/posts\/765965\/revisions"}],"predecessor-version":[{"id":765975,"href":"https:\/\/www.hashtag.al\/index.php\/wp-json\/wp\/v2\/posts\/765965\/revisions\/765975"}],"wp:featuredmedia":[{"embeddable":true,"href":"https:\/\/www.hashtag.al\/index.php\/wp-json\/wp\/v2\/media\/765966"}],"wp:attachment":[{"href":"https:\/\/www.hashtag.al\/index.php\/wp-json\/wp\/v2\/media?parent=765965"}],"wp:term":[{"taxonomy":"category","embeddable":true,"href":"https:\/\/www.hashtag.al\/index.php\/wp-json\/wp\/v2\/categories?post=765965"},{"taxonomy":"post_tag","embeddable":true,"href":"https:\/\/www.hashtag.al\/index.php\/wp-json\/wp\/v2\/tags?post=765965"}],"curies":[{"name":"wp","href":"https:\/\/api.w.org\/{rel}","templated":true}]}}