{"id":765892,"date":"2025-10-15T17:32:52","date_gmt":"2025-10-15T15:32:52","guid":{"rendered":"https:\/\/www.hashtag.al\/?p=765892"},"modified":"2025-10-15T17:32:52","modified_gmt":"2025-10-15T15:32:52","slug":"shkarkime-dhe-emerime-rama-ben-ndryshime-ne-qeveri","status":"publish","type":"post","link":"https:\/\/www.hashtag.al\/index.php\/2025\/10\/15\/shkarkime-dhe-emerime-rama-ben-ndryshime-ne-qeveri\/","title":{"rendered":"Shkarkime dhe em\u00ebrime, Rama b\u00ebn ndryshime n\u00eb qeveri","gt_translate_keys":[{"key":"rendered","format":"text"}]},"content":{"rendered":"<p><span style=\"color: #000000;\"><img loading=\"lazy\" decoding=\"async\" class=\"alignnone size-medium wp-image-639127\" src=\"https:\/\/www.hashtag.al\/wp-content\/uploads\/2023\/12\/kryeministria-1-300x169.jpg\" alt=\"\" width=\"300\" height=\"169\" srcset=\"https:\/\/www.hashtag.al\/wp-content\/uploads\/2023\/12\/kryeministria-1-300x169.jpg 300w, https:\/\/www.hashtag.al\/wp-content\/uploads\/2023\/12\/kryeministria-1-1024x577.jpg 1024w, https:\/\/www.hashtag.al\/wp-content\/uploads\/2023\/12\/kryeministria-1-768x433.jpg 768w, https:\/\/www.hashtag.al\/wp-content\/uploads\/2023\/12\/kryeministria-1.jpg 1100w\" sizes=\"auto, (max-width: 300px) 100vw, 300px\" \/><\/span><\/p>\n<p><span style=\"color: #000000;\">K\u00ebshilli i Ministrave ka b\u00ebr\u00eb sot disa ndryshime n\u00eb p\u00ebrb\u00ebrjen e disa institucioneve.<\/span><\/p>\n<p><span style=\"color: #000000;\">N\u00eb njoftimin e shp\u00ebrndar\u00eb p\u00ebr mediat njoftohet se:<\/span><\/p>\n<p>&nbsp;<\/p>\n<p><span style=\"color: #000000;\">Znj. Vilma Premti em\u00ebrohet z\u00ebvend\u00ebsminist\u00ebr p\u00ebr Evrop\u00ebn dhe Pun\u00ebt e Jashtme;<\/span><\/p>\n<p><span style=\"color: #000000;\">Znj. Elona Hoxha em\u00ebrohet z\u00ebvend\u00ebsminist\u00ebr i Drejt\u00ebsis\u00eb;<\/span><\/p>\n<ol>\n<li><span style=\"color: #000000;\">Besjan Kadiu em\u00ebrohet z\u00ebvend\u00ebsminist\u00ebr i Infrastruktur\u00ebs dhe Energjis\u00eb;<\/span><\/li>\n<li><span style=\"color: #000000;\">Fatmir Guri em\u00ebrohet z\u00ebvend\u00ebsminist\u00ebr i Bujq\u00ebsis\u00eb dhe Zhvillimit Rural;<\/span><\/li>\n<\/ol>\n<p><span style=\"color: #000000;\">Znj. Silda \u00c7epe, z\u00ebvend\u00ebsminist\u00ebr p\u00ebr Evrop\u00ebn dhe Pun\u00ebt e Jashtme, lirohet nga kjo detyr\u00eb;<\/span><\/p>\n<p><span style=\"color: #000000;\">Znj. Ana Kapaj, z\u00ebvend\u00ebsminist\u00ebr i Arsimit dhe Sportit, lirohet nga kjo detyr\u00eb;<\/span><\/p>\n<ol>\n<li><span style=\"color: #000000;\">Klajd Karameta, z\u00ebvend\u00ebsminist\u00ebr i Drejt\u00ebsis\u00eb, lirohet nga kjo detyr\u00eb.<\/span><\/li>\n<\/ol>\n","protected":false,"gt_translate_keys":[{"key":"rendered","format":"html"}]},"excerpt":{"rendered":"<p>K\u00ebshilli i Ministrave ka b\u00ebr\u00eb sot disa ndryshime n\u00eb p\u00ebrb\u00ebrjen e disa institucioneve. N\u00eb njoftimin e shp\u00ebrndar\u00eb p\u00ebr mediat njoftohet se: &nbsp; Znj. Vilma Premti em\u00ebrohet z\u00ebvend\u00ebsminist\u00ebr p\u00ebr Evrop\u00ebn dhe Pun\u00ebt e Jashtme; Znj. Elona Hoxha em\u00ebrohet z\u00ebvend\u00ebsminist\u00ebr i Drejt\u00ebsis\u00eb; Besjan Kadiu em\u00ebrohet z\u00ebvend\u00ebsminist\u00ebr i Infrastruktur\u00ebs dhe Energjis\u00eb; Fatmir Guri em\u00ebrohet z\u00ebvend\u00ebsminist\u00ebr i Bujq\u00ebsis\u00eb dhe [&hellip;]<\/p>\n","protected":false,"gt_translate_keys":[{"key":"rendered","format":"html"}]},"author":32,"featured_media":388118,"comment_status":"closed","ping_status":"open","sticky":false,"template":"","format":"standard","meta":{"footnotes":""},"categories":[65],"tags":[],"class_list":["post-765892","post","type-post","status-publish","format-standard","has-post-thumbnail","hentry","category-lajme"],"gt_translate_keys":[{"key":"link","format":"url"}],"_links":{"self":[{"href":"https:\/\/www.hashtag.al\/index.php\/wp-json\/wp\/v2\/posts\/765892","targetHints":{"allow":["GET"]}}],"collection":[{"href":"https:\/\/www.hashtag.al\/index.php\/wp-json\/wp\/v2\/posts"}],"about":[{"href":"https:\/\/www.hashtag.al\/index.php\/wp-json\/wp\/v2\/types\/post"}],"author":[{"embeddable":true,"href":"https:\/\/www.hashtag.al\/index.php\/wp-json\/wp\/v2\/users\/32"}],"replies":[{"embeddable":true,"href":"https:\/\/www.hashtag.al\/index.php\/wp-json\/wp\/v2\/comments?post=765892"}],"version-history":[{"count":99999,"href":"https:\/\/www.hashtag.al\/index.php\/wp-json\/wp\/v2\/posts\/765892\/revisions"}],"predecessor-version":[{"id":765893,"href":"https:\/\/www.hashtag.al\/index.php\/wp-json\/wp\/v2\/posts\/765892\/revisions\/765893"}],"wp:featuredmedia":[{"embeddable":true,"href":"https:\/\/www.hashtag.al\/index.php\/wp-json\/wp\/v2\/media\/388118"}],"wp:attachment":[{"href":"https:\/\/www.hashtag.al\/index.php\/wp-json\/wp\/v2\/media?parent=765892"}],"wp:term":[{"taxonomy":"category","embeddable":true,"href":"https:\/\/www.hashtag.al\/index.php\/wp-json\/wp\/v2\/categories?post=765892"},{"taxonomy":"post_tag","embeddable":true,"href":"https:\/\/www.hashtag.al\/index.php\/wp-json\/wp\/v2\/tags?post=765892"}],"curies":[{"name":"wp","href":"https:\/\/api.w.org\/{rel}","templated":true}]}}