{"id":765469,"date":"2025-10-13T12:04:38","date_gmt":"2025-10-13T10:04:38","guid":{"rendered":"https:\/\/www.hashtag.al\/?p=765469"},"modified":"2025-10-13T12:04:38","modified_gmt":"2025-10-13T10:04:38","slug":"rama-shqiperia-po-ecen-me-ritme-rekord-drejt-anetaresimit-ne-be","status":"publish","type":"post","link":"https:\/\/www.hashtag.al\/index.php\/2025\/10\/13\/rama-shqiperia-po-ecen-me-ritme-rekord-drejt-anetaresimit-ne-be\/","title":{"rendered":"Rama: Shqip\u00ebria po ec\u00ebn me ritme rekord drejt an\u00ebtar\u00ebsimit n\u00eb BE","gt_translate_keys":[{"key":"rendered","format":"text"}]},"content":{"rendered":"<p><span style=\"color: #000000;\"><img loading=\"lazy\" decoding=\"async\" class=\"aligncenter size-full wp-image-765470\" src=\"https:\/\/www.hashtag.al\/wp-content\/uploads\/2025\/10\/1760347049_edirama.jpg\" alt=\"\" width=\"780\" height=\"440\" srcset=\"https:\/\/www.hashtag.al\/wp-content\/uploads\/2025\/10\/1760347049_edirama.jpg 780w, https:\/\/www.hashtag.al\/wp-content\/uploads\/2025\/10\/1760347049_edirama-300x169.jpg 300w, https:\/\/www.hashtag.al\/wp-content\/uploads\/2025\/10\/1760347049_edirama-768x433.jpg 768w\" sizes=\"auto, (max-width: 780px) 100vw, 780px\" \/><\/span><\/p>\n<p data-start=\"100\" data-end=\"362\"><span style=\"color: #000000;\">Kryeministri Edi Rama, n\u00eb konferenc\u00ebn e p\u00ebrbashk\u00ebt me presidenten e Komisionit Evropian, Ursula von der Leyen, deklaroi se Shqip\u00ebria ka b\u00ebr\u00eb p\u00ebrparim t\u00eb ndjesh\u00ebm n\u00eb procesin e negociatave me Bashkimin Evropian, duke hapur 5 nga 6 grupkapitujt brenda nj\u00eb muaji.<\/span><\/p>\n<p data-start=\"364\" data-end=\"656\"><span style=\"color: #000000;\">Rama theksoi se ndryshe nga e kaluara, ku procesi pengohej nga burokracit\u00eb dhe vendet skeptike, sot ekziston nj\u00eb vullnet i qart\u00eb politik n\u00eb BE p\u00ebr zgjerim. Ai n\u00ebnvizoi se objektivi p\u00ebr an\u00ebtar\u00ebsimin n\u00eb vitin 2027 \u00ebsht\u00eb realist dhe i arritsh\u00ebm, n\u00ebse vendi vijon me t\u00eb nj\u00ebjtin rit\u00ebm reformash.<\/span><\/p>\n<p><span style=\"color: #000000;\"><em>\u201cNe dhe un\u00eb personalisht jo vet\u00ebm q\u00eb e besojm\u00eb k\u00ebt\u00eb q\u00eb themi, por bazuar mbi k\u00ebt\u00eb besim ne zhvilluam para pak koh\u00ebsh nj\u00eb fushat\u00eb t\u00eb t\u00ebr\u00eb zgjedhore ku i k\u00ebrkuam shqiptar\u00ebve t\u00eb na japin mb\u00ebshtetjen, t\u00eb na japin nj\u00eb manat t\u00eb fort\u00eb p\u00ebr Shqip\u00ebrin\u00eb 2023 n\u00eb BE.<\/em><\/span><\/p>\n<p><span style=\"color: #000000;\"><em>K\u00ebshtu q\u00eb n\u00eb k\u00ebt\u00eb kuptim pyetja \u00ebsht\u00eb drith\u00ebruese. P\u00ebrsa i p\u00ebrket \u00e7far\u00eb kam th\u00ebn\u00eb un\u00eb p\u00ebr BE-s\u00eb, ka nj\u00eb koh\u00eb relativisht t\u00eb gjat\u00eb q\u00eb i kam th\u00ebn\u00eb ato q\u00eb kam th\u00ebn\u00eb dhe t\u00eb cilave nuk i heq asnj\u00eb presje, pasi n\u00eb at\u00eb periudh\u00eb KE i propozonte K\u00ebshillit q\u00eb t\u00eb hapeshin negociatat dhe K\u00ebshilli refuzonte p\u00ebr shkak t\u00eb 2 a 3 vendeve q\u00eb po\u00a0 b\u00ebheshin penges\u00eb k\u00ebtij procesi.<\/em><\/span><\/p>\n<p><span style=\"color: #000000;\"><em> Sot jetojm\u00eb prej disa koh\u00ebsh q\u00eb jetojm\u00eb n\u00eb nj\u00eb realitet tjet\u00ebr n\u00eb raport me Shqip\u00ebrin\u00eb dhe BE. Prandaj pyetja ishte p\u00ebr tu mbajtur mend sepse ost jemi n\u00eb nj\u00eb situat\u00eb, kemi hapur 5 nga 6 grupkapituj n\u00eb vet\u00ebm 1 muaj.<\/em><\/span><\/p>\n<p><span style=\"color: #000000;\"><em>\u00cbsht\u00eb koh\u00eb rekord, dhe ne kemi b\u00ebr\u00eb detyrat ton\u00eb. N\u00eb Bruksel nuk t\u00eb dhuron njeri asgj\u00eb. Por nuk diskutohet q\u00eb nuk do t\u00eb ndodhte sidoqoft\u00eb me k\u00ebt\u00eb shpejt\u00ebsi n\u00ebse nuk do t\u00eb kishte nj\u00eb vullnet t\u00eb madh dhe nga vendet an\u00ebtare n\u00eb k\u00ebt\u00eb faz\u00eb. Prej disa koh\u00ebsh nuk ka l\u00ebkundje far\u00eb p\u00ebr mb\u00ebshtetjen e an\u00ebtar\u00ebsimeve t\u00eb reja. <\/em><\/span><\/p>\n<p><span style=\"color: #000000;\"><em>Viti 2027 nuk \u00ebsht\u00eb nj\u00eb vit q\u00eb e pam\u00eb ne n\u00eb \u00ebnd\u00ebrr dhe tani po jua tregojm\u00eb shqiptar\u00ebve. E kemi p\u00ebrcaktuar se bashku me KE si objektivin e negociatave.<\/em><\/span><\/p>\n<p><span style=\"color: #000000;\"><em> Ky objektiv lidhet me detyrat q\u00eb ne b\u00ebjm\u00eb k\u00ebtu. N\u00ebse vazhdojm\u00eb k\u00ebshtu me k\u00ebt\u00eb rit\u00ebm e k\u00ebmb\u00ebngulje e sukses, ne do t\u2019ia dalim q\u00eb n 2027 t\u00eb b\u00ebjm\u00eb detyr\u00ebn ton\u00eb. <\/em><\/span><\/p>\n<p><span style=\"color: #000000;\"><em>Jo e besoj, por e kam bindje absolute q\u00eb \u00ebsht\u00eb \u00eb dor\u00ebn ton\u00eb q\u00eb ne t\u00eb arrijm\u00eb objektivin ton\u00eb t\u00eb 2027-s se kam bindjen q\u00eb presidentja nuk l\u00ebviz nga pozicioni i saj\u201d,<\/em> tha Rama.<\/span><\/p>\n","protected":false,"gt_translate_keys":[{"key":"rendered","format":"html"}]},"excerpt":{"rendered":"<p>Kryeministri Edi Rama, n\u00eb konferenc\u00ebn e p\u00ebrbashk\u00ebt me presidenten e Komisionit Evropian, Ursula von der Leyen, deklaroi se Shqip\u00ebria ka b\u00ebr\u00eb p\u00ebrparim t\u00eb ndjesh\u00ebm n\u00eb procesin e negociatave me Bashkimin Evropian, duke hapur 5 nga 6 grupkapitujt brenda nj\u00eb muaji. Rama theksoi se ndryshe nga e kaluara, ku procesi pengohej nga burokracit\u00eb dhe vendet skeptike, [&hellip;]<\/p>\n","protected":false,"gt_translate_keys":[{"key":"rendered","format":"html"}]},"author":49,"featured_media":765470,"comment_status":"closed","ping_status":"open","sticky":false,"template":"","format":"standard","meta":{"footnotes":""},"categories":[65],"tags":[],"class_list":["post-765469","post","type-post","status-publish","format-standard","has-post-thumbnail","hentry","category-lajme"],"gt_translate_keys":[{"key":"link","format":"url"}],"_links":{"self":[{"href":"https:\/\/www.hashtag.al\/index.php\/wp-json\/wp\/v2\/posts\/765469","targetHints":{"allow":["GET"]}}],"collection":[{"href":"https:\/\/www.hashtag.al\/index.php\/wp-json\/wp\/v2\/posts"}],"about":[{"href":"https:\/\/www.hashtag.al\/index.php\/wp-json\/wp\/v2\/types\/post"}],"author":[{"embeddable":true,"href":"https:\/\/www.hashtag.al\/index.php\/wp-json\/wp\/v2\/users\/49"}],"replies":[{"embeddable":true,"href":"https:\/\/www.hashtag.al\/index.php\/wp-json\/wp\/v2\/comments?post=765469"}],"version-history":[{"count":99999,"href":"https:\/\/www.hashtag.al\/index.php\/wp-json\/wp\/v2\/posts\/765469\/revisions"}],"predecessor-version":[{"id":765471,"href":"https:\/\/www.hashtag.al\/index.php\/wp-json\/wp\/v2\/posts\/765469\/revisions\/765471"}],"wp:featuredmedia":[{"embeddable":true,"href":"https:\/\/www.hashtag.al\/index.php\/wp-json\/wp\/v2\/media\/765470"}],"wp:attachment":[{"href":"https:\/\/www.hashtag.al\/index.php\/wp-json\/wp\/v2\/media?parent=765469"}],"wp:term":[{"taxonomy":"category","embeddable":true,"href":"https:\/\/www.hashtag.al\/index.php\/wp-json\/wp\/v2\/categories?post=765469"},{"taxonomy":"post_tag","embeddable":true,"href":"https:\/\/www.hashtag.al\/index.php\/wp-json\/wp\/v2\/tags?post=765469"}],"curies":[{"name":"wp","href":"https:\/\/api.w.org\/{rel}","templated":true}]}}