{"id":765463,"date":"2025-10-13T11:50:23","date_gmt":"2025-10-13T09:50:23","guid":{"rendered":"https:\/\/www.hashtag.al\/?p=765463"},"modified":"2025-10-13T11:50:23","modified_gmt":"2025-10-13T09:50:23","slug":"von-der-leyen-shqiperia-ben-progres-rekord-drejt-anetaresimit-ne-be","status":"publish","type":"post","link":"https:\/\/www.hashtag.al\/index.php\/2025\/10\/13\/von-der-leyen-shqiperia-ben-progres-rekord-drejt-anetaresimit-ne-be\/","title":{"rendered":"Von der Leyen: Shqip\u00ebria b\u00ebn progres rekord drejt an\u00ebtar\u00ebsimit n\u00eb BE","gt_translate_keys":[{"key":"rendered","format":"text"}]},"content":{"rendered":"<p data-start=\"167\" data-end=\"389\"><span style=\"color: #000000;\"><img loading=\"lazy\" decoding=\"async\" class=\"size-medium wp-image-705513 aligncenter\" src=\"https:\/\/www.hashtag.al\/wp-content\/uploads\/2024\/10\/1729693631_ursulavonderleyen-300x169.jpg\" alt=\"\" width=\"300\" height=\"169\" srcset=\"https:\/\/www.hashtag.al\/wp-content\/uploads\/2024\/10\/1729693631_ursulavonderleyen-300x169.jpg 300w, https:\/\/www.hashtag.al\/wp-content\/uploads\/2024\/10\/1729693631_ursulavonderleyen-768x433.jpg 768w, https:\/\/www.hashtag.al\/wp-content\/uploads\/2024\/10\/1729693631_ursulavonderleyen.jpg 780w\" sizes=\"auto, (max-width: 300px) 100vw, 300px\" \/><br \/>\nPresidentja e Komisionit Europian, Ursula von der Leyen, gjat\u00eb nj\u00eb konference t\u00eb p\u00ebrbashk\u00ebt me kryeministrin Edi Rama, vler\u00ebsoi p\u00ebrparimin e jasht\u00ebzakonsh\u00ebm t\u00eb Shqip\u00ebris\u00eb n\u00eb rrug\u00ebn drejt an\u00ebtar\u00ebsimit n\u00eb Bashkimin Europian.<\/span><\/p>\n<p data-start=\"391\" data-end=\"568\"><span style=\"color: #000000;\">\u201cShqip\u00ebria ka b\u00ebr\u00eb nj\u00eb progres t\u00eb mrekulluesh\u00ebm me nj\u00eb shpejt\u00ebsi rekord. Plani p\u00ebr t\u00eb mbyllur negociatat deri n\u00eb vitin 2027 \u00ebsht\u00eb ambicioz, por i mir\u00ebpritur,\u201d tha Von der Leyen.<\/span><\/p>\n<p data-start=\"570\" data-end=\"699\"><span style=\"color: #000000;\">Ajo theksoi gjithashtu reformat ky\u00e7e q\u00eb Shqip\u00ebria ka realizuar dhe n\u00ebnvizoi r\u00ebnd\u00ebsin\u00eb e tyre p\u00ebr p\u00ebrfitimin nga fondet europiane.<\/span><\/p>\n<p data-start=\"701\" data-end=\"905\"><span style=\"color: #000000;\">\u201cShqip\u00ebria \u00ebsht\u00eb n\u00eb rrug\u00ebn e duhur dhe ne jemi me ju. Momenti gjeopolitik dhe lufta n\u00eb Ukrain\u00eb kan\u00eb b\u00ebr\u00eb q\u00eb kombet t\u00eb zgjedhin vendin e tyre, dhe Shqip\u00ebria ka b\u00ebr\u00eb zgjedhjen e duhur,\u201d shtoi Von der Leyen.<\/span><\/p>\n","protected":false,"gt_translate_keys":[{"key":"rendered","format":"html"}]},"excerpt":{"rendered":"<p>Presidentja e Komisionit Europian, Ursula von der Leyen, gjat\u00eb nj\u00eb konference t\u00eb p\u00ebrbashk\u00ebt me kryeministrin Edi Rama, vler\u00ebsoi p\u00ebrparimin e jasht\u00ebzakonsh\u00ebm t\u00eb Shqip\u00ebris\u00eb n\u00eb rrug\u00ebn drejt an\u00ebtar\u00ebsimit n\u00eb Bashkimin Europian. \u201cShqip\u00ebria ka b\u00ebr\u00eb nj\u00eb progres t\u00eb mrekulluesh\u00ebm me nj\u00eb shpejt\u00ebsi rekord. Plani p\u00ebr t\u00eb mbyllur negociatat deri n\u00eb vitin 2027 \u00ebsht\u00eb ambicioz, por i mir\u00ebpritur,\u201d [&hellip;]<\/p>\n","protected":false,"gt_translate_keys":[{"key":"rendered","format":"html"}]},"author":32,"featured_media":705513,"comment_status":"closed","ping_status":"open","sticky":false,"template":"","format":"standard","meta":{"footnotes":""},"categories":[65],"tags":[],"class_list":["post-765463","post","type-post","status-publish","format-standard","has-post-thumbnail","hentry","category-lajme"],"gt_translate_keys":[{"key":"link","format":"url"}],"_links":{"self":[{"href":"https:\/\/www.hashtag.al\/index.php\/wp-json\/wp\/v2\/posts\/765463","targetHints":{"allow":["GET"]}}],"collection":[{"href":"https:\/\/www.hashtag.al\/index.php\/wp-json\/wp\/v2\/posts"}],"about":[{"href":"https:\/\/www.hashtag.al\/index.php\/wp-json\/wp\/v2\/types\/post"}],"author":[{"embeddable":true,"href":"https:\/\/www.hashtag.al\/index.php\/wp-json\/wp\/v2\/users\/32"}],"replies":[{"embeddable":true,"href":"https:\/\/www.hashtag.al\/index.php\/wp-json\/wp\/v2\/comments?post=765463"}],"version-history":[{"count":99999,"href":"https:\/\/www.hashtag.al\/index.php\/wp-json\/wp\/v2\/posts\/765463\/revisions"}],"predecessor-version":[{"id":765464,"href":"https:\/\/www.hashtag.al\/index.php\/wp-json\/wp\/v2\/posts\/765463\/revisions\/765464"}],"wp:featuredmedia":[{"embeddable":true,"href":"https:\/\/www.hashtag.al\/index.php\/wp-json\/wp\/v2\/media\/705513"}],"wp:attachment":[{"href":"https:\/\/www.hashtag.al\/index.php\/wp-json\/wp\/v2\/media?parent=765463"}],"wp:term":[{"taxonomy":"category","embeddable":true,"href":"https:\/\/www.hashtag.al\/index.php\/wp-json\/wp\/v2\/categories?post=765463"},{"taxonomy":"post_tag","embeddable":true,"href":"https:\/\/www.hashtag.al\/index.php\/wp-json\/wp\/v2\/tags?post=765463"}],"curies":[{"name":"wp","href":"https:\/\/api.w.org\/{rel}","templated":true}]}}