{"id":765226,"date":"2025-10-11T17:52:22","date_gmt":"2025-10-11T15:52:22","guid":{"rendered":"https:\/\/www.hashtag.al\/?p=765226"},"modified":"2025-10-11T17:59:09","modified_gmt":"2025-10-11T15:59:09","slug":"shtepia-e-bardhe-shkarkon-mijera-punonjes-te-qeverise-amerikane","status":"publish","type":"post","link":"https:\/\/www.hashtag.al\/index.php\/2025\/10\/11\/shtepia-e-bardhe-shkarkon-mijera-punonjes-te-qeverise-amerikane\/","title":{"rendered":"Sht\u00ebpia e Bardh\u00eb shkarkon mij\u00ebra punonj\u00ebs t\u00eb qeveris\u00eb amerikane","gt_translate_keys":[{"key":"rendered","format":"text"}]},"content":{"rendered":"<p><span style=\"color: #000000;\"><img loading=\"lazy\" decoding=\"async\" class=\"aligncenter size-full wp-image-763132\" src=\"https:\/\/www.hashtag.al\/wp-content\/uploads\/2025\/09\/2025-09-23T152151Z_395614772_RC2RXGA4BEO7_RTRMADP_3_UN-ASSEMBLY-TRUMP-1024x683-1.jpg\" alt=\"\" width=\"1024\" height=\"683\" srcset=\"https:\/\/www.hashtag.al\/wp-content\/uploads\/2025\/09\/2025-09-23T152151Z_395614772_RC2RXGA4BEO7_RTRMADP_3_UN-ASSEMBLY-TRUMP-1024x683-1.jpg 1024w, https:\/\/www.hashtag.al\/wp-content\/uploads\/2025\/09\/2025-09-23T152151Z_395614772_RC2RXGA4BEO7_RTRMADP_3_UN-ASSEMBLY-TRUMP-1024x683-1-300x200.jpg 300w, https:\/\/www.hashtag.al\/wp-content\/uploads\/2025\/09\/2025-09-23T152151Z_395614772_RC2RXGA4BEO7_RTRMADP_3_UN-ASSEMBLY-TRUMP-1024x683-1-768x512.jpg 768w\" sizes=\"auto, (max-width: 1024px) 100vw, 1024px\" \/><\/span><\/p>\n<p><span style=\"color: #000000;\">Presidenti Donald Trump faj\u00ebsoi t\u00eb premten demokrat\u00ebt p\u00ebr vendimin e tij p\u00ebr t\u00eb pushuar nga puna mij\u00ebra punonj\u00ebs n\u00eb t\u00eb gjith\u00eb qeverin\u00eb amerikane, nd\u00ebrsa ai ndoqi k\u00ebrc\u00ebnimin e tij p\u00ebr t\u00eb shkurtuar fuqin\u00eb pun\u00ebtore federale gjat\u00eb\u00a0mbylljes s\u00eb qeveris\u00eb\u00a0.<\/span><\/p>\n<p><span style=\"color: #000000;\">Shkurtime vendesh pune ishin duke u kryer n\u00eb Departamentin e Thesarit, agjencin\u00eb amerikane t\u00eb sh\u00ebndet\u00ebsis\u00eb, Sh\u00ebrbimin e t\u00eb Ardhurave t\u00eb Brendshme dhe departamentet e arsimit, tregtis\u00eb dhe divizionin e siguris\u00eb kibernetike t\u00eb Siguris\u00eb Komb\u00ebtare, than\u00eb z\u00ebdh\u00ebn\u00ebsit, por shkalla totale e shkurtimeve nga puna nuk ishte menj\u00ebher\u00eb e qart\u00eb, shkruan <a href=\"https:\/\/www.reuters.com\/world\/us\/us-government-workforce-cuts-have-begun-omb-chief-says-2025-10-10\/\"><span style=\"color: #0000ff;\"><strong>Reuters.<\/strong><\/span><\/a><\/span><\/p>\n<p><span style=\"color: #000000;\">Af\u00ebrsisht 300,000 punonj\u00ebs civil\u00eb federal\u00eb ishin gati t\u00eb linin vendet e tyre t\u00eb pun\u00ebs k\u00ebt\u00eb vit p\u00ebr shkak t\u00eb nj\u00eb fushate shkurtimi t\u00eb nisur m\u00eb par\u00eb k\u00ebt\u00eb vit nga Trump.<\/span><\/p>\n<p><span style=\"color: #000000;\"><em>&#8220;Ata e filluan k\u00ebt\u00eb gj\u00eb&#8221;<\/em>, u tha Trump gazetar\u00ebve gjat\u00eb nj\u00eb aktiviteti n\u00eb Zyr\u00ebn Ovale, duke i quajtur shkurtimet e vendeve t\u00eb pun\u00ebs &#8220;t\u00eb orientuara nga demokrat\u00ebt&#8221;.<\/span><\/p>\n<p><span style=\"color: #000000;\">Republikan\u00ebt e Trumpit mbajn\u00eb shumic\u00ebn n\u00eb t\u00eb dyja dhomat e Kongresit, por kan\u00eb nevoj\u00eb p\u00ebr votat e demokrat\u00ebve n\u00eb Senatin e SHBA-s\u00eb p\u00ebr t\u00eb miratuar \u00e7do mas\u00eb q\u00eb do t\u00eb financonte qeverin\u00eb.<\/span><\/p>\n<p><span style=\"color: #000000;\">Demokrat\u00ebt po k\u00ebrkojn\u00eb nj\u00eb zgjatje t\u00eb subvencioneve t\u00eb sigurimeve sh\u00ebndet\u00ebsore, duke argumentuar se kostot e sh\u00ebndetit do t\u00eb rriten ndjesh\u00ebm p\u00ebr shum\u00eb nga\u00a024 milion\u00eb amerikan\u00ebt\u00a0q\u00eb marrin mbulimin e tyre p\u00ebrmes Aktit t\u00eb Kujdesit Sh\u00ebndet\u00ebsor t\u00eb P\u00ebrballuesh\u00ebm.<\/span><\/p>\n<p><span style=\"color: #000000;\">Trump ka k\u00ebrc\u00ebnuar vazhdimisht se do t\u00eb pushoj\u00eb nga puna punonj\u00ebsit federal\u00eb gjat\u00eb bllokad\u00ebs s\u00eb mbylljes s\u00eb qeveris\u00eb, n\u00eb dit\u00ebn e saj t\u00eb 10-t\u00eb t\u00eb premten, dhe ka sugjeruar se administrata e tij do t\u00eb synoj\u00eb kryesisht pjes\u00eb t\u00eb qeveris\u00eb t\u00eb mb\u00ebshtetura nga demokrat\u00ebt.<\/span><\/p>\n<p><span style=\"color: #000000;\">Trump ka urdh\u00ebruar gjithashtu ngrirjen e t\u00eb pakt\u00ebn 28 \u200b\u200bmiliard\u00eb dollar\u00ebve n\u00eb fonde infrastrukturore p\u00ebr\u00a0Nju Jorkun\u00a0,\u00a0Kalifornin\u00eb\u00a0dhe\u00a0Illinoisin\u00a0&#8211; t\u00eb gjitha sht\u00ebpi t\u00eb popullatave t\u00eb konsiderueshme t\u00eb votuesve demokrat\u00eb dhe kritik\u00ebve t\u00eb administrat\u00ebs.<\/span><\/p>\n<p><span style=\"color: #000000;\">Demokrat\u00ebt than\u00eb se nuk do t&#8217;i n\u00ebnshtrohen taktikave t\u00eb presionit t\u00eb Trump.<\/span><\/p>\n<p><span style=\"color: #000000;\"><em>&#8220;Derisa republikan\u00ebt t\u00eb b\u00ebhen serioz\u00eb, ata e pranojn\u00eb k\u00ebt\u00eb &#8211; \u00e7do vend pune i humbur, \u00e7do familje e l\u00ebnduar, \u00e7do sh\u00ebrbim i shkat\u00ebrruar \u00ebsht\u00eb p\u00ebr shkak t\u00eb vendimeve t\u00eb tyre<\/em>&#8220;, tha udh\u00ebheq\u00ebsi demokrat i Senatit, Chuck Schumer.<\/span><\/p>\n<p><span style=\"color: #000000;\">Sindikatat q\u00eb p\u00ebrfaq\u00ebsojn\u00eb punonj\u00ebsit federal\u00eb kan\u00eb ngritur padi p\u00ebr t\u00eb ndaluar shkurtimet e vendeve t\u00eb pun\u00ebs, duke th\u00ebn\u00eb se ato do t\u00eb ishin t\u00eb paligjshme gjat\u00eb nj\u00eb mbylljeje.<\/span><\/p>\n<p><span style=\"color: #000000;\">Administrata tha n\u00eb nj\u00eb padi gjyq\u00ebsore t\u00eb premten se k\u00ebrkesa e sindikatave duhet t\u00eb refuzohet sepse atyre u mungon e drejta ligjore p\u00ebr t\u00eb paditur vendimet federale t\u00eb personelit.<\/span><\/p>\n<p><span style=\"color: #000000;\">Nj\u00eb gjykat\u00ebs federal do ta d\u00ebgjoj\u00eb \u00e7\u00ebshtjen m\u00eb 15 tetor.<\/span><\/p>\n","protected":false,"gt_translate_keys":[{"key":"rendered","format":"html"}]},"excerpt":{"rendered":"<p>Presidenti Donald Trump faj\u00ebsoi t\u00eb premten demokrat\u00ebt p\u00ebr vendimin e tij p\u00ebr t\u00eb pushuar nga puna mij\u00ebra punonj\u00ebs n\u00eb t\u00eb gjith\u00eb qeverin\u00eb amerikane, nd\u00ebrsa ai ndoqi k\u00ebrc\u00ebnimin e tij p\u00ebr t\u00eb shkurtuar fuqin\u00eb pun\u00ebtore federale gjat\u00eb\u00a0mbylljes s\u00eb qeveris\u00eb\u00a0. Shkurtime vendesh pune ishin duke u kryer n\u00eb Departamentin e Thesarit, agjencin\u00eb amerikane t\u00eb sh\u00ebndet\u00ebsis\u00eb, Sh\u00ebrbimin e [&hellip;]<\/p>\n","protected":false,"gt_translate_keys":[{"key":"rendered","format":"html"}]},"author":49,"featured_media":763132,"comment_status":"closed","ping_status":"open","sticky":false,"template":"","format":"standard","meta":{"footnotes":""},"categories":[22],"tags":[],"class_list":["post-765226","post","type-post","status-publish","format-standard","has-post-thumbnail","hentry","category-ballina"],"gt_translate_keys":[{"key":"link","format":"url"}],"_links":{"self":[{"href":"https:\/\/www.hashtag.al\/index.php\/wp-json\/wp\/v2\/posts\/765226","targetHints":{"allow":["GET"]}}],"collection":[{"href":"https:\/\/www.hashtag.al\/index.php\/wp-json\/wp\/v2\/posts"}],"about":[{"href":"https:\/\/www.hashtag.al\/index.php\/wp-json\/wp\/v2\/types\/post"}],"author":[{"embeddable":true,"href":"https:\/\/www.hashtag.al\/index.php\/wp-json\/wp\/v2\/users\/49"}],"replies":[{"embeddable":true,"href":"https:\/\/www.hashtag.al\/index.php\/wp-json\/wp\/v2\/comments?post=765226"}],"version-history":[{"count":99999,"href":"https:\/\/www.hashtag.al\/index.php\/wp-json\/wp\/v2\/posts\/765226\/revisions"}],"predecessor-version":[{"id":765227,"href":"https:\/\/www.hashtag.al\/index.php\/wp-json\/wp\/v2\/posts\/765226\/revisions\/765227"}],"wp:featuredmedia":[{"embeddable":true,"href":"https:\/\/www.hashtag.al\/index.php\/wp-json\/wp\/v2\/media\/763132"}],"wp:attachment":[{"href":"https:\/\/www.hashtag.al\/index.php\/wp-json\/wp\/v2\/media?parent=765226"}],"wp:term":[{"taxonomy":"category","embeddable":true,"href":"https:\/\/www.hashtag.al\/index.php\/wp-json\/wp\/v2\/categories?post=765226"},{"taxonomy":"post_tag","embeddable":true,"href":"https:\/\/www.hashtag.al\/index.php\/wp-json\/wp\/v2\/tags?post=765226"}],"curies":[{"name":"wp","href":"https:\/\/api.w.org\/{rel}","templated":true}]}}