{"id":764809,"date":"2025-10-09T08:01:06","date_gmt":"2025-10-09T06:01:06","guid":{"rendered":"https:\/\/www.hashtag.al\/?p=764809"},"modified":"2025-10-09T08:01:06","modified_gmt":"2025-10-09T06:01:06","slug":"izraeli-dhe-hamasi-bien-dakord-per-fazen-e-pare-te-marreveshjes-se-paqes-te-trumpit","status":"publish","type":"post","link":"https:\/\/www.hashtag.al\/index.php\/2025\/10\/09\/izraeli-dhe-hamasi-bien-dakord-per-fazen-e-pare-te-marreveshjes-se-paqes-te-trumpit\/","title":{"rendered":"Izraeli dhe Hamasi bien dakord p\u00ebr faz\u00ebn e par\u00eb t\u00eb marr\u00ebveshjes s\u00eb paqes t\u00eb Trumpit","gt_translate_keys":[{"key":"rendered","format":"text"}]},"content":{"rendered":"<p><span style=\"color: #000000;\"><img loading=\"lazy\" decoding=\"async\" class=\"aligncenter size-full wp-image-764810\" src=\"https:\/\/www.hashtag.al\/wp-content\/uploads\/2025\/10\/Screenshot-2025-10-09-074227.png\" alt=\"\" width=\"760\" height=\"511\" srcset=\"https:\/\/www.hashtag.al\/wp-content\/uploads\/2025\/10\/Screenshot-2025-10-09-074227.png 760w, https:\/\/www.hashtag.al\/wp-content\/uploads\/2025\/10\/Screenshot-2025-10-09-074227-300x202.png 300w\" sizes=\"auto, (max-width: 760px) 100vw, 760px\" \/><\/span><\/p>\n<p><span style=\"color: #000000;\">Presidenti i SHBA-s\u00eb, Donald Trump, njoftoi t\u00eb enjten n\u00eb m\u00ebngjes se Izraeli dhe Hamasi kan\u00eb n\u00ebnshkruar faz\u00ebn e par\u00eb t\u00eb planit t\u00eb tij t\u00eb paqes p\u00ebr t&#8217;i dh\u00ebn\u00eb fund luft\u00ebs n\u00eb Rripin e Gaz\u00ebs.<\/span><\/p>\n<p><span style=\"color: #000000;\"> Kryeministri Benjamin Netanyahu tha menj\u00ebher\u00eb pas k\u00ebsaj: <em>&#8220;Me ndihm\u00ebn e Zotit, po i kthejm\u00eb t\u00eb gjith\u00eb n\u00eb sht\u00ebpi&#8221;.<\/em><\/span><\/p>\n<p><span style=\"color: #000000;\"><em>\u201cJam shum\u00eb krenar t\u00eb njoftoj se Izraeli dhe Hamasi kan\u00eb n\u00ebnshkruar t\u00eb dy Faz\u00ebn e par\u00eb t\u00eb Planit ton\u00eb t\u00eb Paqes\u201d,<\/em> shkroi Trump n\u00eb Truth Social.<\/span><\/p>\n<p><span style=\"color: #000000;\"><em>&#8220;Kjo do t\u00eb thot\u00eb q\u00eb T\u00cb GJITH\u00cb pengjet do t\u00eb lirohen shum\u00eb shpejt dhe Izraeli do t\u00eb t\u00ebrheq\u00eb trupat e tij n\u00eb nj\u00eb vij\u00eb t\u00eb r\u00ebn\u00eb dakord si hapat e par\u00eb drejt nj\u00eb Paqeje t\u00eb Fort\u00eb, t\u00eb Q\u00ebndrueshme dhe t\u00eb P\u00ebrjetshme. <\/em><\/span><\/p>\n<p><span style=\"color: #000000;\"><em>T\u00eb gjitha pal\u00ebt do t\u00eb trajtohen n\u00eb m\u00ebnyr\u00eb t\u00eb drejt\u00eb! Kjo \u00ebsht\u00eb nj\u00eb DIT\u00cb E MADH p\u00ebr Bot\u00ebn Arabe dhe Muslimane, Izraelin, t\u00eb gjitha kombet p\u00ebrreth dhe Shtetet e Bashkuara t\u00eb Amerik\u00ebs, dhe ne fal\u00ebnderojm\u00eb nd\u00ebrmjet\u00ebsit nga Katari, Egjipti dhe Turqia, t\u00eb cil\u00ebt punuan me ne p\u00ebr ta b\u00ebr\u00eb t\u00eb mundur k\u00ebt\u00eb Ngjarje Historike dhe t\u00eb Pashembullt. T\u00cb BEKUAR QOFSHIN\u00a0 PAQ\u00cbB\u00cbR\u00cbSIT!&#8221;<\/em><\/span><\/p>\n<p><span style=\"color: #000000;\">P\u00ebrpara njoftimit, Trump mbajti nj\u00eb konferenc\u00eb p\u00ebr shtyp n\u00eb Sht\u00ebpin\u00eb e Bardh\u00eb ku Sekretari i Shtetit Marco Rubio i dor\u00ebzoi nj\u00eb sh\u00ebnim dhe i p\u00ebshp\u00ebriti n\u00eb vesh, shkruan <a href=\"https:\/\/www.ynetnews.com\/article\/hj2krwe6xg\"><span style=\"color: #0000ff;\"><strong>Ynet. <\/strong><\/span><\/a><\/span><\/p>\n<p><span style=\"color: #000000;\">Trump u tha gazetar\u00ebve: <em>&#8220;Sapo mora nj\u00eb sh\u00ebnim nga sekretari i shtetit, ku thuhej se jemi shum\u00eb af\u00ebr nj\u00eb marr\u00ebveshjeje n\u00eb Lindjen e Mesme dhe se ata do t\u00eb ken\u00eb nevoj\u00eb p\u00ebr mua shum\u00eb shpejt.&#8221;<\/em><\/span><\/p>\n","protected":false,"gt_translate_keys":[{"key":"rendered","format":"html"}]},"excerpt":{"rendered":"<p>Presidenti i SHBA-s\u00eb, Donald Trump, njoftoi t\u00eb enjten n\u00eb m\u00ebngjes se Izraeli dhe Hamasi kan\u00eb n\u00ebnshkruar faz\u00ebn e par\u00eb t\u00eb planit t\u00eb tij t\u00eb paqes p\u00ebr t&#8217;i dh\u00ebn\u00eb fund luft\u00ebs n\u00eb Rripin e Gaz\u00ebs. Kryeministri Benjamin Netanyahu tha menj\u00ebher\u00eb pas k\u00ebsaj: &#8220;Me ndihm\u00ebn e Zotit, po i kthejm\u00eb t\u00eb gjith\u00eb n\u00eb sht\u00ebpi&#8221;. \u201cJam shum\u00eb krenar [&hellip;]<\/p>\n","protected":false,"gt_translate_keys":[{"key":"rendered","format":"html"}]},"author":49,"featured_media":764810,"comment_status":"closed","ping_status":"open","sticky":false,"template":"","format":"standard","meta":{"footnotes":""},"categories":[6],"tags":[],"class_list":["post-764809","post","type-post","status-publish","format-standard","has-post-thumbnail","hentry","category-nderkombetare"],"gt_translate_keys":[{"key":"link","format":"url"}],"_links":{"self":[{"href":"https:\/\/www.hashtag.al\/index.php\/wp-json\/wp\/v2\/posts\/764809","targetHints":{"allow":["GET"]}}],"collection":[{"href":"https:\/\/www.hashtag.al\/index.php\/wp-json\/wp\/v2\/posts"}],"about":[{"href":"https:\/\/www.hashtag.al\/index.php\/wp-json\/wp\/v2\/types\/post"}],"author":[{"embeddable":true,"href":"https:\/\/www.hashtag.al\/index.php\/wp-json\/wp\/v2\/users\/49"}],"replies":[{"embeddable":true,"href":"https:\/\/www.hashtag.al\/index.php\/wp-json\/wp\/v2\/comments?post=764809"}],"version-history":[{"count":99999,"href":"https:\/\/www.hashtag.al\/index.php\/wp-json\/wp\/v2\/posts\/764809\/revisions"}],"predecessor-version":[{"id":764816,"href":"https:\/\/www.hashtag.al\/index.php\/wp-json\/wp\/v2\/posts\/764809\/revisions\/764816"}],"wp:featuredmedia":[{"embeddable":true,"href":"https:\/\/www.hashtag.al\/index.php\/wp-json\/wp\/v2\/media\/764810"}],"wp:attachment":[{"href":"https:\/\/www.hashtag.al\/index.php\/wp-json\/wp\/v2\/media?parent=764809"}],"wp:term":[{"taxonomy":"category","embeddable":true,"href":"https:\/\/www.hashtag.al\/index.php\/wp-json\/wp\/v2\/categories?post=764809"},{"taxonomy":"post_tag","embeddable":true,"href":"https:\/\/www.hashtag.al\/index.php\/wp-json\/wp\/v2\/tags?post=764809"}],"curies":[{"name":"wp","href":"https:\/\/api.w.org\/{rel}","templated":true}]}}