{"id":764688,"date":"2025-10-08T14:25:27","date_gmt":"2025-10-08T12:25:27","guid":{"rendered":"https:\/\/www.hashtag.al\/?p=764688"},"modified":"2025-10-08T14:25:27","modified_gmt":"2025-10-08T12:25:27","slug":"berisha-makineria-propagandistike-rama-soros-shperben-sistemin-e-drejtesise","status":"publish","type":"post","link":"https:\/\/www.hashtag.al\/index.php\/2025\/10\/08\/berisha-makineria-propagandistike-rama-soros-shperben-sistemin-e-drejtesise\/","title":{"rendered":"Berisha: Makineria propagandistike Rama-Soros shp\u00ebrb\u00ebn sistemin e drejt\u00ebsis\u00eb","gt_translate_keys":[{"key":"rendered","format":"text"}]},"content":{"rendered":"<p><span style=\"color: #000000;\"><img loading=\"lazy\" decoding=\"async\" class=\"alignnone size-medium wp-image-764689\" src=\"https:\/\/www.hashtag.al\/wp-content\/uploads\/2025\/10\/Screenshot-2025-10-08-045546-300x187.png\" alt=\"\" width=\"300\" height=\"187\" srcset=\"https:\/\/www.hashtag.al\/wp-content\/uploads\/2025\/10\/Screenshot-2025-10-08-045546-300x187.png 300w, https:\/\/www.hashtag.al\/wp-content\/uploads\/2025\/10\/Screenshot-2025-10-08-045546.png 691w\" sizes=\"auto, (max-width: 300px) 100vw, 300px\" \/><\/span><\/p>\n<p><span style=\"color: #000000;\">Kryetari i Partis\u00eb Demokratike, Sali Berisha, ka akuzuar qeverin\u00eb dhe aleat\u00ebt e saj se kan\u00eb shkat\u00ebrruar sistemin e drejt\u00ebsis\u00eb n\u00eb vend, duke e quajtur at\u00eb \u201cpeng t\u00eb makineris\u00eb propagandistike Rama-Soros\u201d.<\/span><\/p>\n<p><span style=\"color: #000000;\">N\u00eb nj\u00eb deklarat\u00eb p\u00ebr mediat, Berisha theksoi se 80% e prokurorive n\u00eb vend jan\u00eb aktualisht pa kryetar\u00eb, gj\u00eb q\u00eb sipas tij tregon p\u00ebr nj\u00eb kapje t\u00eb thell\u00eb politike t\u00eb institucioneve t\u00eb drejt\u00ebsis\u00eb.<\/span><\/p>\n<p><span style=\"color: #000000;\">\u201c<em>Ju nuk mund ta imagjinoni se \u00e7far\u00eb pengu \u00ebsht\u00eb sot ai q\u00eb quhet sistem i drejt\u00ebsis\u00eb. Ju keni d\u00ebgjuar se 80% e prokurorive nuk kan\u00eb kryetar. KLP dhe KLGJ, qeverit\u00eb kushtetuese t\u00eb tyre, nuk em\u00ebrojn\u00eb kryetar\u00eb,<\/em>\u201d u shpreh Berisha.<\/span><\/p>\n<p><span style=\"color: #000000;\">Ai shtoi se postet n\u00eb drejt\u00ebsi po mbahen bosh p\u00ebr shkak t\u00eb interesave klienteliste dhe korruptive:<\/span><br \/>\n<span style=\"color: #000000;\">\u201c<em>Motivet jan\u00eb po prap\u00eb korruptive. Kushtetuta ka p\u00ebrcaktuar kritere p\u00ebr t\u00eb qen\u00eb kryetar. Tani ose ata nuk plot\u00ebsojn\u00eb kriteret, ose i plot\u00ebsojn\u00eb por duhet t\u00eb paguajn\u00eb qimet e kok\u00ebs. Ose ato ruhen p\u00ebr patronazhist\u00ebt q\u00eb nuk kan\u00eb b\u00ebr\u00eb 8 vite n\u00eb ato gjykata,<\/em>\u201d tha ai.<\/span><\/p>\n<p><span style=\"color: #000000;\">Berisha akuzoi qeverin\u00eb se ka vendosur rregulla t\u00eb q\u00ebllimshme p\u00ebr t\u00eb mbajtur n\u00ebn kontroll magjistrat\u00ebt, t\u00eb cil\u00ebt sipas tij jan\u00eb \u201cpatronazhist\u00eb t\u00eb pushtetit\u201d.<\/span><\/p>\n<p><span style=\"color: #000000;\">\u201c<em>Kan\u00eb v\u00ebn\u00eb rregull q\u00eb magjistrat\u00ebt duhet t\u00eb ken\u00eb b\u00ebr\u00eb disa vite n\u00eb administrat\u00eb. Dhe magjistrat\u00ebt jan\u00eb patronazhist\u00eb. Por problemi \u00ebsht\u00eb q\u00eb nuk plot\u00ebsojn\u00eb kushtin kushtetues,<\/em>\u201d theksoi ai.<\/span><\/p>\n<p><span style=\"color: #000000;\">Ish-kryeministri shtoi se perceptimi publik p\u00ebr drejt\u00ebsin\u00eb si \u201cm\u00eb e pastra ndonj\u00ebher\u00eb\u201d \u00ebsht\u00eb \u201c<em>historia m\u00eb e madhe e manipulimit t\u00eb opinionit shqiptar<\/em>\u201d.<\/span><br \/>\n<span style=\"color: #000000;\">\u201c<em>N\u00eb vitin 2012\u20132013 sigurisht kishte korrupsion, por t\u00eb themi t\u00eb v\u00ebrtet\u00ebn, korrupsioni n\u00eb drejt\u00ebsi ishte mbrapa atij t\u00eb politik\u00ebs dhe t\u00eb policis\u00eb,<\/em>\u201d u shpreh Berisha, duke shtuar se \u201c<em>makineria propagandistike e Ram\u00ebs dhe Sorosit e nxirrte korrupsionin n\u00eb drejt\u00ebsi q\u00eb s\u2019kishte ndodhur, vet\u00ebm p\u00ebr t\u00eb shp\u00ebrb\u00ebr\u00eb sistemin e drejt\u00ebsis\u00eb.<\/em>\u201d<\/span><\/p>\n<p>&nbsp;<\/p>\n","protected":false,"gt_translate_keys":[{"key":"rendered","format":"html"}]},"excerpt":{"rendered":"<p>Kryetari i Partis\u00eb Demokratike, Sali Berisha, ka akuzuar qeverin\u00eb dhe aleat\u00ebt e saj se kan\u00eb shkat\u00ebrruar sistemin e drejt\u00ebsis\u00eb n\u00eb vend, duke e quajtur at\u00eb \u201cpeng t\u00eb makineris\u00eb propagandistike Rama-Soros\u201d. N\u00eb nj\u00eb deklarat\u00eb p\u00ebr mediat, Berisha theksoi se 80% e prokurorive n\u00eb vend jan\u00eb aktualisht pa kryetar\u00eb, gj\u00eb q\u00eb sipas tij tregon p\u00ebr nj\u00eb kapje [&hellip;]<\/p>\n","protected":false,"gt_translate_keys":[{"key":"rendered","format":"html"}]},"author":32,"featured_media":764689,"comment_status":"closed","ping_status":"open","sticky":false,"template":"","format":"standard","meta":{"footnotes":""},"categories":[65],"tags":[],"class_list":["post-764688","post","type-post","status-publish","format-standard","has-post-thumbnail","hentry","category-lajme"],"gt_translate_keys":[{"key":"link","format":"url"}],"_links":{"self":[{"href":"https:\/\/www.hashtag.al\/index.php\/wp-json\/wp\/v2\/posts\/764688","targetHints":{"allow":["GET"]}}],"collection":[{"href":"https:\/\/www.hashtag.al\/index.php\/wp-json\/wp\/v2\/posts"}],"about":[{"href":"https:\/\/www.hashtag.al\/index.php\/wp-json\/wp\/v2\/types\/post"}],"author":[{"embeddable":true,"href":"https:\/\/www.hashtag.al\/index.php\/wp-json\/wp\/v2\/users\/32"}],"replies":[{"embeddable":true,"href":"https:\/\/www.hashtag.al\/index.php\/wp-json\/wp\/v2\/comments?post=764688"}],"version-history":[{"count":99999,"href":"https:\/\/www.hashtag.al\/index.php\/wp-json\/wp\/v2\/posts\/764688\/revisions"}],"predecessor-version":[{"id":764690,"href":"https:\/\/www.hashtag.al\/index.php\/wp-json\/wp\/v2\/posts\/764688\/revisions\/764690"}],"wp:featuredmedia":[{"embeddable":true,"href":"https:\/\/www.hashtag.al\/index.php\/wp-json\/wp\/v2\/media\/764689"}],"wp:attachment":[{"href":"https:\/\/www.hashtag.al\/index.php\/wp-json\/wp\/v2\/media?parent=764688"}],"wp:term":[{"taxonomy":"category","embeddable":true,"href":"https:\/\/www.hashtag.al\/index.php\/wp-json\/wp\/v2\/categories?post=764688"},{"taxonomy":"post_tag","embeddable":true,"href":"https:\/\/www.hashtag.al\/index.php\/wp-json\/wp\/v2\/tags?post=764688"}],"curies":[{"name":"wp","href":"https:\/\/api.w.org\/{rel}","templated":true}]}}