{"id":764685,"date":"2025-10-08T14:09:13","date_gmt":"2025-10-08T12:09:13","guid":{"rendered":"https:\/\/www.hashtag.al\/?p=764685"},"modified":"2025-10-08T14:09:13","modified_gmt":"2025-10-08T12:09:13","slug":"rama-me-kryebashkiakun-eric-adams-po-bejme-perpjekje-per-te-vendosur-fluturimin-direkt-me-new-york-un","status":"publish","type":"post","link":"https:\/\/www.hashtag.al\/index.php\/2025\/10\/08\/rama-me-kryebashkiakun-eric-adams-po-bejme-perpjekje-per-te-vendosur-fluturimin-direkt-me-new-york-un\/","title":{"rendered":"Rama me kryebashkiakun Eric Adams: Po b\u00ebjm\u00eb p\u00ebrpjekje p\u00ebr t\u00eb vendosur fluturimin direkt me New York-un","gt_translate_keys":[{"key":"rendered","format":"text"}]},"content":{"rendered":"<p><span style=\"color: #000000;\"><strong><img loading=\"lazy\" decoding=\"async\" class=\"alignnone size-medium wp-image-764686\" src=\"https:\/\/www.hashtag.al\/wp-content\/uploads\/2025\/10\/Screenshot-2025-10-08-044853-300x192.png\" alt=\"\" width=\"300\" height=\"192\" srcset=\"https:\/\/www.hashtag.al\/wp-content\/uploads\/2025\/10\/Screenshot-2025-10-08-044853-300x192.png 300w, https:\/\/www.hashtag.al\/wp-content\/uploads\/2025\/10\/Screenshot-2025-10-08-044853.png 527w\" sizes=\"auto, (max-width: 300px) 100vw, 300px\" \/><\/strong><\/span><\/p>\n<p><span style=\"color: #000000;\"><strong>\u00a0<\/strong>Kryeministri Edi Rama zhvilloi sot nj\u00eb konferenc\u00eb p\u00ebr shtyp me kryebashkiakun e Nju Jorkut, Eric Adams, jasht\u00eb godin\u00ebs s\u00eb qeveris\u00eb.<\/span><br \/>\n<span style=\"color: #000000;\">Gjat\u00eb deklarat\u00ebs p\u00ebr mediat, Rama e cil\u00ebsoi Adams si \u201cnj\u00eb mik t\u00eb kahersh\u00ebm\u201d dhe u shpreh se po b\u00ebhen p\u00ebrpjekje p\u00ebr vendosjen e nj\u00eb linje direkte fluturimi mes Tiran\u00ebs dhe Nju Jorkut.<\/span><\/p>\n<p><span style=\"color: #000000;\">\u201c<em>Jemi k\u00ebtu s\u00eb bashku me nj\u00eb mik t\u00eb kahersh\u00ebm, nj\u00eb mik q\u00eb kam pasur privilegjin ta njoh fal\u00eb lidhjeve t\u00eb tij shum\u00eb t\u00eb forta me komunitetin shqiptar n\u00eb New York,<\/em>\u201d deklaroi Rama.<\/span><\/p>\n<p><span style=\"color: #000000;\">Ai shtoi se vizita e Adams n\u00eb Tiran\u00eb erdhi pas disa premtimeve t\u00eb m\u00ebparshme dhe se q\u00ebllimi i saj \u00ebsht\u00eb forcimi i marr\u00ebdh\u00ebnieve dypal\u00ebshe, ve\u00e7an\u00ebrisht n\u00eb fush\u00ebn e turizmit.<\/span><\/p>\n<p><span style=\"color: #000000;\">\u201c<em>Pas nj\u00eb premtimi t\u00eb p\u00ebrs\u00ebritur disa her\u00eb, kryebashkiaku i New York-ut m\u00eb n\u00eb fund erdhi n\u00eb Shqip\u00ebri p\u00ebr t\u00eb vizituar vendin ton\u00eb, p\u00ebr t\u00eb par\u00eb nga af\u00ebr nj\u00eb vend q\u00eb ka d\u00ebgjuar shum\u00eb nga miqt\u00eb e tij shqiptar\u00eb dhe nga un\u00eb, si edhe p\u00ebr t\u00eb diskutuar s\u00eb bashku lidhur me turizmin,<\/em>\u201d tha Rama.<\/span><\/p>\n<p><span style=\"color: #000000;\">Kryeministri b\u00ebri t\u00eb ditur se p\u00ebrpjekjet p\u00ebr linj\u00ebn ajrore direkte me Nju Jorkun jan\u00eb n\u00eb vijim dhe se Adams ka shprehur interes p\u00ebr t\u00eb ndihmuar n\u00eb k\u00ebt\u00eb drejtim.<\/span><br \/>\n<span style=\"color: #000000;\">\u201c<em>Duke qen\u00eb se ka qen\u00eb ky\u00e7 n\u00eb vendosjen e disa linjave direkte t\u00eb New York-ut me vende t\u00eb tjera, ai \u00ebsht\u00eb k\u00ebtu p\u00ebr t\u00eb par\u00eb mund\u00ebsin\u00eb e nj\u00eb nxitjeje shtes\u00eb n\u00eb p\u00ebrpjekjen q\u00eb po b\u00ebjm\u00eb p\u00ebr t\u00eb vendosur fluturimin direkt me New York,<\/em>\u201d theksoi Rama.<\/span><\/p>\n<p><span style=\"color: #000000;\">N\u00eb fund, kryeministri shtoi me humor se kryebashkiaku amerikan \u201c<em>ka shum\u00eb d\u00ebshir\u00eb t\u00eb takohet me Diell\u00ebn,<\/em>\u201d duke iu referuar vajz\u00ebs s\u00eb tij.<\/span><\/p>\n","protected":false,"gt_translate_keys":[{"key":"rendered","format":"html"}]},"excerpt":{"rendered":"<p>\u00a0Kryeministri Edi Rama zhvilloi sot nj\u00eb konferenc\u00eb p\u00ebr shtyp me kryebashkiakun e Nju Jorkut, Eric Adams, jasht\u00eb godin\u00ebs s\u00eb qeveris\u00eb. Gjat\u00eb deklarat\u00ebs p\u00ebr mediat, Rama e cil\u00ebsoi Adams si \u201cnj\u00eb mik t\u00eb kahersh\u00ebm\u201d dhe u shpreh se po b\u00ebhen p\u00ebrpjekje p\u00ebr vendosjen e nj\u00eb linje direkte fluturimi mes Tiran\u00ebs dhe Nju Jorkut. \u201cJemi k\u00ebtu s\u00eb [&hellip;]<\/p>\n","protected":false,"gt_translate_keys":[{"key":"rendered","format":"html"}]},"author":32,"featured_media":764686,"comment_status":"closed","ping_status":"open","sticky":false,"template":"","format":"standard","meta":{"footnotes":""},"categories":[65],"tags":[],"class_list":["post-764685","post","type-post","status-publish","format-standard","has-post-thumbnail","hentry","category-lajme"],"gt_translate_keys":[{"key":"link","format":"url"}],"_links":{"self":[{"href":"https:\/\/www.hashtag.al\/index.php\/wp-json\/wp\/v2\/posts\/764685","targetHints":{"allow":["GET"]}}],"collection":[{"href":"https:\/\/www.hashtag.al\/index.php\/wp-json\/wp\/v2\/posts"}],"about":[{"href":"https:\/\/www.hashtag.al\/index.php\/wp-json\/wp\/v2\/types\/post"}],"author":[{"embeddable":true,"href":"https:\/\/www.hashtag.al\/index.php\/wp-json\/wp\/v2\/users\/32"}],"replies":[{"embeddable":true,"href":"https:\/\/www.hashtag.al\/index.php\/wp-json\/wp\/v2\/comments?post=764685"}],"version-history":[{"count":99999,"href":"https:\/\/www.hashtag.al\/index.php\/wp-json\/wp\/v2\/posts\/764685\/revisions"}],"predecessor-version":[{"id":764687,"href":"https:\/\/www.hashtag.al\/index.php\/wp-json\/wp\/v2\/posts\/764685\/revisions\/764687"}],"wp:featuredmedia":[{"embeddable":true,"href":"https:\/\/www.hashtag.al\/index.php\/wp-json\/wp\/v2\/media\/764686"}],"wp:attachment":[{"href":"https:\/\/www.hashtag.al\/index.php\/wp-json\/wp\/v2\/media?parent=764685"}],"wp:term":[{"taxonomy":"category","embeddable":true,"href":"https:\/\/www.hashtag.al\/index.php\/wp-json\/wp\/v2\/categories?post=764685"},{"taxonomy":"post_tag","embeddable":true,"href":"https:\/\/www.hashtag.al\/index.php\/wp-json\/wp\/v2\/tags?post=764685"}],"curies":[{"name":"wp","href":"https:\/\/api.w.org\/{rel}","templated":true}]}}