{"id":764682,"date":"2025-10-08T13:45:16","date_gmt":"2025-10-08T11:45:16","guid":{"rendered":"https:\/\/www.hashtag.al\/?p=764682"},"modified":"2025-10-08T14:08:41","modified_gmt":"2025-10-08T12:08:41","slug":"kryebashkiaku-i-nju-jorkut-pas-takimit-me-ramen-vizita-ime-ne-shqiperi-ngjalli-spekulime-erdha-per-te-forcuar-miqesine","status":"publish","type":"post","link":"https:\/\/www.hashtag.al\/index.php\/2025\/10\/08\/kryebashkiaku-i-nju-jorkut-pas-takimit-me-ramen-vizita-ime-ne-shqiperi-ngjalli-spekulime-erdha-per-te-forcuar-miqesine\/","title":{"rendered":"Kryebashkiaku i Nju Jorkut pas takimit me Ram\u00ebn: Vizita ime n\u00eb Shqip\u00ebri ngjalli spekulime, erdha p\u00ebr t\u00eb forcuar miq\u00ebsin\u00eb","gt_translate_keys":[{"key":"rendered","format":"text"}]},"content":{"rendered":"<p><span style=\"color: #000000;\"><img loading=\"lazy\" decoding=\"async\" class=\"alignnone size-medium wp-image-764683\" src=\"https:\/\/www.hashtag.al\/wp-content\/uploads\/2025\/10\/Screenshot-2025-10-08-044022-300x146.png\" alt=\"\" width=\"300\" height=\"146\" srcset=\"https:\/\/www.hashtag.al\/wp-content\/uploads\/2025\/10\/Screenshot-2025-10-08-044022-300x146.png 300w, https:\/\/www.hashtag.al\/wp-content\/uploads\/2025\/10\/Screenshot-2025-10-08-044022-750x367.png 750w, https:\/\/www.hashtag.al\/wp-content\/uploads\/2025\/10\/Screenshot-2025-10-08-044022.png 753w\" sizes=\"auto, (max-width: 300px) 100vw, 300px\" \/><\/span><\/p>\n<p><span style=\"color: #000000;\">Kryeministri Edi Rama priti sot n\u00eb Tiran\u00eb kryebashkiakun e Nju Jorkut, Eric Adams, me t\u00eb cilin zhvilloi nj\u00eb takim zyrtar, i pasuar nga nj\u00eb konferenc\u00eb p\u00ebr mediat.<\/span><\/p>\n<p><span style=\"color: #000000;\">Gjat\u00eb deklarat\u00ebs s\u00eb tij, Adams tha se vizita n\u00eb Shqip\u00ebri kishte ngjallur \u201cspekulime t\u00eb shumta\u201d, por theksoi se q\u00ebllimi i saj ishte forcimi i marr\u00ebdh\u00ebnieve miq\u00ebsore dhe bashk\u00ebpunimit mes dy vendeve.<\/span><\/p>\n<p><span style=\"color: #000000;\">\u201c<em>Jemi angazhuar p\u00ebr t\u00eb folur se si mund t\u00eb krijojm\u00eb nj\u00eb marr\u00ebdh\u00ebnie simbiotike, edhe n\u00eb tregti me produkte q\u00eb prodhohen k\u00ebtu apo atje,<\/em>\u201d u shpreh Adams, duke shtuar se d\u00ebshiron t\u00eb krijoj\u00eb ura bashk\u00ebpunimi midis t\u00eb rinjve shqiptar\u00eb dhe atyre amerikan\u00eb.<\/span><\/p>\n<p><span style=\"color: #000000;\">\u201c<em>Dua t\u00eb ftoj t\u00eb rinjt\u00eb tuaj t\u00eb vizitojn\u00eb Amerik\u00ebn dhe t\u00eb rinjt\u00eb amerikan\u00eb t\u00eb vizitojn\u00eb Shqip\u00ebrin\u00eb. Duhet t\u00eb jemi bashk\u00eb p\u00ebr t\u00eb p\u00ebrballuar sfidat globale. Nuk jetojm\u00eb m\u00eb n\u00eb nj\u00eb mjedis t\u00eb ve\u00e7uar, por ndajm\u00eb t\u00eb gjith\u00eb t\u00eb nj\u00ebjtin fat,<\/em>\u201d deklaroi ai.<\/span><\/p>\n<p><span style=\"color: #000000;\">N\u00eb lidhje me komentet q\u00eb qarkulluan mbi q\u00ebllimin e vizit\u00ebs, kryebashkiaku i Nju Jorkut tha se \u201c<em>ka pasur shum\u00eb spekulime pse jam k\u00ebtu, por un\u00eb kam ardhur p\u00ebr t\u00eb p\u00ebrsh\u00ebndetur e p\u00ebr t\u00eb m\u00ebsuar nga nj\u00eb mik, dhe p\u00ebr t\u00eb forcuar nj\u00eb miq\u00ebsi q\u00eb nuk na lejon t\u00eb kemi ndasi.<\/em>\u201d<\/span><\/p>\n<p><span style=\"color: #000000;\">N\u00eb p\u00ebrmbyllje, Adams shprehu mir\u00ebnjohje ndaj Kryeministrit Rama:<\/span><br \/>\n<span style=\"color: #000000;\">\u201c<em>Do t\u00eb m\u00ebsojm\u00eb nga nj\u00ebri-tjetri. Faleminderit, miku im, q\u00eb m\u00eb b\u00ebt\u00eb t\u00eb mundur t\u00eb jem k\u00ebtu.<\/em>\u201d<\/span><\/p>\n","protected":false,"gt_translate_keys":[{"key":"rendered","format":"html"}]},"excerpt":{"rendered":"<p>Kryeministri Edi Rama priti sot n\u00eb Tiran\u00eb kryebashkiakun e Nju Jorkut, Eric Adams, me t\u00eb cilin zhvilloi nj\u00eb takim zyrtar, i pasuar nga nj\u00eb konferenc\u00eb p\u00ebr mediat. Gjat\u00eb deklarat\u00ebs s\u00eb tij, Adams tha se vizita n\u00eb Shqip\u00ebri kishte ngjallur \u201cspekulime t\u00eb shumta\u201d, por theksoi se q\u00ebllimi i saj ishte forcimi i marr\u00ebdh\u00ebnieve miq\u00ebsore dhe bashk\u00ebpunimit [&hellip;]<\/p>\n","protected":false,"gt_translate_keys":[{"key":"rendered","format":"html"}]},"author":32,"featured_media":764683,"comment_status":"closed","ping_status":"open","sticky":false,"template":"","format":"standard","meta":{"footnotes":""},"categories":[65],"tags":[],"class_list":["post-764682","post","type-post","status-publish","format-standard","has-post-thumbnail","hentry","category-lajme"],"gt_translate_keys":[{"key":"link","format":"url"}],"_links":{"self":[{"href":"https:\/\/www.hashtag.al\/index.php\/wp-json\/wp\/v2\/posts\/764682","targetHints":{"allow":["GET"]}}],"collection":[{"href":"https:\/\/www.hashtag.al\/index.php\/wp-json\/wp\/v2\/posts"}],"about":[{"href":"https:\/\/www.hashtag.al\/index.php\/wp-json\/wp\/v2\/types\/post"}],"author":[{"embeddable":true,"href":"https:\/\/www.hashtag.al\/index.php\/wp-json\/wp\/v2\/users\/32"}],"replies":[{"embeddable":true,"href":"https:\/\/www.hashtag.al\/index.php\/wp-json\/wp\/v2\/comments?post=764682"}],"version-history":[{"count":99999,"href":"https:\/\/www.hashtag.al\/index.php\/wp-json\/wp\/v2\/posts\/764682\/revisions"}],"predecessor-version":[{"id":764684,"href":"https:\/\/www.hashtag.al\/index.php\/wp-json\/wp\/v2\/posts\/764682\/revisions\/764684"}],"wp:featuredmedia":[{"embeddable":true,"href":"https:\/\/www.hashtag.al\/index.php\/wp-json\/wp\/v2\/media\/764683"}],"wp:attachment":[{"href":"https:\/\/www.hashtag.al\/index.php\/wp-json\/wp\/v2\/media?parent=764682"}],"wp:term":[{"taxonomy":"category","embeddable":true,"href":"https:\/\/www.hashtag.al\/index.php\/wp-json\/wp\/v2\/categories?post=764682"},{"taxonomy":"post_tag","embeddable":true,"href":"https:\/\/www.hashtag.al\/index.php\/wp-json\/wp\/v2\/tags?post=764682"}],"curies":[{"name":"wp","href":"https:\/\/api.w.org\/{rel}","templated":true}]}}