{"id":764679,"date":"2025-10-08T13:37:15","date_gmt":"2025-10-08T11:37:15","guid":{"rendered":"https:\/\/www.hashtag.al\/?p=764679"},"modified":"2025-10-08T13:37:15","modified_gmt":"2025-10-08T11:37:15","slug":"berisha-per-vrasjen-e-gjyqtarit-kalaja-rama-e-kaloi-sigurine-e-gjykatave-nga-policia-e-shtetit-tek-ajo-e-xhepit","status":"publish","type":"post","link":"https:\/\/www.hashtag.al\/index.php\/2025\/10\/08\/berisha-per-vrasjen-e-gjyqtarit-kalaja-rama-e-kaloi-sigurine-e-gjykatave-nga-policia-e-shtetit-tek-ajo-e-xhepit\/","title":{"rendered":"\u00a0Berisha p\u00ebr vrasjen e gjyqtarit Kalaja: Rama e kaloi sigurin\u00eb e gjykatave nga Policia e Shtetit, tek ajo e xhepit","gt_translate_keys":[{"key":"rendered","format":"text"}]},"content":{"rendered":"<p><span style=\"color: #000000;\"><img loading=\"lazy\" decoding=\"async\" class=\"alignnone size-medium wp-image-764680\" src=\"https:\/\/www.hashtag.al\/wp-content\/uploads\/2025\/10\/Screenshot-2025-10-08-041816-300x200.png\" alt=\"\" width=\"300\" height=\"200\" srcset=\"https:\/\/www.hashtag.al\/wp-content\/uploads\/2025\/10\/Screenshot-2025-10-08-041816-300x200.png 300w, https:\/\/www.hashtag.al\/wp-content\/uploads\/2025\/10\/Screenshot-2025-10-08-041816.png 642w\" sizes=\"auto, (max-width: 300px) 100vw, 300px\" \/><\/span><\/p>\n<p><span style=\"color: #000000;\">Kreu i Partis\u00eb Demokratike, Sali Berisha, reagoi sot n\u00eb lidhje me vrasjen e gjyqtarit Astrit Kalaja brenda ambienteve t\u00eb Gjykat\u00ebs s\u00eb Apelit, duke e cil\u00ebsuar ngjarjen si pasoj\u00eb t\u00eb drejtp\u00ebrdrejt\u00eb t\u00eb vendimeve t\u00eb qeveris\u00eb s\u00eb Edi Ram\u00ebs p\u00ebr heqjen e p\u00ebrgjegj\u00ebsis\u00eb s\u00eb Policis\u00eb s\u00eb Shtetit mbi sigurin\u00eb n\u00eb gjykata.<\/span><\/p>\n<p><span style=\"color: #000000;\">Berisha tha se \u201cligji q\u00eb garantonte sigurin\u00eb e gjykatave u ndryshua n\u00eb vitin 2020\u201d dhe se me k\u00ebt\u00eb vendim, \u201cRama ia kaloi sigurin\u00eb policis\u00eb private, q\u00eb \u00ebsht\u00eb policia e xhepit dhe patronazhiste\u201d.<\/span><\/p>\n<p><span style=\"color: #000000;\">\u201c<em>Mblidhemi sot pasi narkoshteti shqiptar vrau gjykat\u00ebsin n\u00eb zyr\u00ebn e tij. Kur them narkoshteti, e kam t\u00eb qart\u00eb q\u00eb dorasi nuk ishte punonj\u00ebs i shtetit, por ai nuk mund ta kryente kurr\u00eb aktin n\u00ebse shteti do t\u00eb ishte shtet e jo narkoshtet,<\/em>\u201d deklaroi Berisha, duke e cil\u00ebsuar vrasjen si nj\u00eb tregues trondit\u00ebs t\u00eb degradimit t\u00eb institucioneve shtet\u00ebrore.<\/span><\/p>\n<p><span style=\"color: #000000;\">Ai shtoi se \u201c<em>salla e gjyqit pretendohet t\u00eb jet\u00eb vendi m\u00eb i sigurt, por n\u00eb Shqip\u00ebrin\u00eb e Edi Ram\u00ebs, ajo \u00ebsht\u00eb kthyer n\u00eb nj\u00eb aren\u00eb krimi ku nj\u00eb gjyqtar mund t\u00eb q\u00ebllohet sikur t\u00eb ishte n\u00eb mes t\u00eb rrug\u00ebs apo n\u00eb nj\u00eb kafene.<\/em>\u201d<\/span><\/p>\n<p><span style=\"color: #000000;\">Duke iu referuar vendimit t\u00eb qeveris\u00eb, Berisha tha:<\/span><br \/>\n<span style=\"color: #000000;\">\u201c<em>Dua t\u00eb informoj shqiptar\u00ebt se me nj\u00eb vendim t\u00eb dat\u00ebs 8 korrik 2020, Edi Rama ka anuluar vendimin e m\u00ebparsh\u00ebm t\u00eb vitit 2010, i cili ngarkonte Policin\u00eb e Shtetit me detyr\u00ebn p\u00ebr mbrojtjen dhe sigurin\u00eb e gjykatave. Rama e kaloi sigurin\u00eb nga policia e shtetit tek policia e xhepit,<\/em>\u201d u shpreh Berisha.<\/span><\/p>\n<p><span style=\"color: #000000;\">N\u00eb vijim, ai sulmoi ministren e Brendshme Albana Ko\u00e7iu, duke th\u00ebn\u00eb se ajo \u201c<em>lau duart nga p\u00ebrgjegj\u00ebsia dhe justifikoi krimin duke th\u00ebn\u00eb se policia nuk kishte gisht n\u00eb k\u00ebt\u00eb masak\u00ebr.<\/em>\u201d<\/span><\/p>\n<p><span style=\"color: #000000;\">Berisha theksoi se \u201c<em>ky \u00ebsht\u00eb rezultati i nj\u00eb shteti q\u00eb nuk funksionon dhe q\u00eb e ka l\u00ebn\u00eb drejt\u00ebsin\u00eb t\u00eb pambrojtur p\u00ebrball\u00eb krimit dhe pasojave t\u00eb tij tragjike.<\/em>\u201d<\/span><\/p>\n<p>&nbsp;<\/p>\n","protected":false,"gt_translate_keys":[{"key":"rendered","format":"html"}]},"excerpt":{"rendered":"<p>Kreu i Partis\u00eb Demokratike, Sali Berisha, reagoi sot n\u00eb lidhje me vrasjen e gjyqtarit Astrit Kalaja brenda ambienteve t\u00eb Gjykat\u00ebs s\u00eb Apelit, duke e cil\u00ebsuar ngjarjen si pasoj\u00eb t\u00eb drejtp\u00ebrdrejt\u00eb t\u00eb vendimeve t\u00eb qeveris\u00eb s\u00eb Edi Ram\u00ebs p\u00ebr heqjen e p\u00ebrgjegj\u00ebsis\u00eb s\u00eb Policis\u00eb s\u00eb Shtetit mbi sigurin\u00eb n\u00eb gjykata. Berisha tha se \u201cligji q\u00eb garantonte [&hellip;]<\/p>\n","protected":false,"gt_translate_keys":[{"key":"rendered","format":"html"}]},"author":32,"featured_media":764680,"comment_status":"closed","ping_status":"open","sticky":false,"template":"","format":"standard","meta":{"footnotes":""},"categories":[65],"tags":[],"class_list":["post-764679","post","type-post","status-publish","format-standard","has-post-thumbnail","hentry","category-lajme"],"gt_translate_keys":[{"key":"link","format":"url"}],"_links":{"self":[{"href":"https:\/\/www.hashtag.al\/index.php\/wp-json\/wp\/v2\/posts\/764679","targetHints":{"allow":["GET"]}}],"collection":[{"href":"https:\/\/www.hashtag.al\/index.php\/wp-json\/wp\/v2\/posts"}],"about":[{"href":"https:\/\/www.hashtag.al\/index.php\/wp-json\/wp\/v2\/types\/post"}],"author":[{"embeddable":true,"href":"https:\/\/www.hashtag.al\/index.php\/wp-json\/wp\/v2\/users\/32"}],"replies":[{"embeddable":true,"href":"https:\/\/www.hashtag.al\/index.php\/wp-json\/wp\/v2\/comments?post=764679"}],"version-history":[{"count":99999,"href":"https:\/\/www.hashtag.al\/index.php\/wp-json\/wp\/v2\/posts\/764679\/revisions"}],"predecessor-version":[{"id":764681,"href":"https:\/\/www.hashtag.al\/index.php\/wp-json\/wp\/v2\/posts\/764679\/revisions\/764681"}],"wp:featuredmedia":[{"embeddable":true,"href":"https:\/\/www.hashtag.al\/index.php\/wp-json\/wp\/v2\/media\/764680"}],"wp:attachment":[{"href":"https:\/\/www.hashtag.al\/index.php\/wp-json\/wp\/v2\/media?parent=764679"}],"wp:term":[{"taxonomy":"category","embeddable":true,"href":"https:\/\/www.hashtag.al\/index.php\/wp-json\/wp\/v2\/categories?post=764679"},{"taxonomy":"post_tag","embeddable":true,"href":"https:\/\/www.hashtag.al\/index.php\/wp-json\/wp\/v2\/tags?post=764679"}],"curies":[{"name":"wp","href":"https:\/\/api.w.org\/{rel}","templated":true}]}}